{"id":38046,"date":"2026-04-30T04:06:36","date_gmt":"2026-04-30T04:06:36","guid":{"rendered":"https:\/\/acronoticias.com\/index.php\/2026\/04\/30\/la-perdida-de-bosque-tropical-cae-un-36-en-2025-con-los-incendios-como-amenaza-creciente\/"},"modified":"2026-04-30T04:06:36","modified_gmt":"2026-04-30T04:06:36","slug":"la-perdida-de-bosque-tropical-cae-un-36-en-2025-con-los-incendios-como-amenaza-creciente","status":"publish","type":"post","link":"https:\/\/acronoticias.com\/index.php\/2026\/04\/30\/la-perdida-de-bosque-tropical-cae-un-36-en-2025-con-los-incendios-como-amenaza-creciente\/","title":{"rendered":"La p\u00e9rdida de bosque tropical cae un 36% en 2025, con los incendios como amenaza creciente"},"content":{"rendered":"<div>\n<div class=\"c-detail__author full\">\n<div>\n<div class=\"c-detail__author__thumb\">\n<figure>\n                                <picture src=\"https:\/\/imagenes.hoy.com.do\/files\/image_square_xs\/uploads\/2025\/11\/18\/691c7d5bed035.jpeg\" data-size=\"w:40,h:40\">\n                                    <img decoding=\"async\" loading=\"lazy\" alt=\"EFE EFE\" width=\"40\" height=\"40\" src=\"https:\/\/imagenes.hoy.com.do\/files\/image_square_xs\/uploads\/2025\/11\/18\/691c7d5bed035.jpeg\"\/>\n                                <\/picture>\n                                <\/figure>\n<\/div>\n<\/div>\n<\/div>\n<p>                                                                                            <!-- --><\/p>\n<p class=\"paragraph\">La <b>p\u00e9rdida de bosques tropicales primarios<\/b> se ha reducido un 36 % en 2025 tras los registros r\u00e9cord de 2024, impulsada &#8220;en gran medida&#8221; por Brasil, seg\u00fan el an\u00e1lisis anual de <b>Global Forest Watch (GFW)<\/b>; sin embargo, estas siguen siendo &#8220;altas&#8221; y los incendios representan una amenaza &#8220;creciente&#8221;.<\/p>\n<p class=\"paragraph\">Aunque la reducci\u00f3n es &#8220;alentadora&#8221;, afirma <b>Elizabeth Goldman<\/b>, codirectora de GFW de World Resources Institute (WRI), el mundo est\u00e1 lejos de cumplir el compromiso asumido por m\u00e1s de 140 pa\u00edses en el marco de la Declaraci\u00f3n de los L\u00edderes de Glasgow sobre Bosques y Uso de la Tierra para detener y revertir la p\u00e9rdida de bosques para 2030.<\/p>\n<p class=\"paragraph\">En concreto, &#8220;un 70 % por encima&#8221; de donde deber\u00eda estar para cumplir ese objetivo, se\u00f1ala Goldman.<\/p>\n<p class=\"paragraph\">En 2025 se perdieron<b> 4,3 millones de hect\u00e1reas<\/b> de bosques tropicales, el equivalente a 11 campos de f\u00fatbol por minuto, conforme al informe; la mayor\u00eda de estas p\u00e9rdidas se produjeron en Brasil, donde desaparecieron 1,6 millones de hect\u00e1reas de cobertura arb\u00f3rea, seguido de Bolivia y la Rep\u00fablica Democr\u00e1tica del Congo (RDC).<\/p>\n<p class=\"paragraph\">La experta informa de que la expansi\u00f3n de la agricultura ha sido &#8220;la causa principal&#8221; de p\u00e9rdida de cobertura arb\u00f3rea en tr\u00f3picos y, a escala global, los incendios forestales se han convertido en una amenaza.<\/p>\n<p class=\"paragraph\">Los bosques se vuelven &#8220;m\u00e1s vulnerables&#8221; con el cambo clim\u00e1tico, a la par que aumentan las necesidades alimentarias, de combustible y de materiales extra\u00eddos de los bosques, indica Goldman.<\/p>\n<p class=\"paragraph\"><b>Brasil, l\u00edder<\/b><\/p>\n<p class=\"paragraph\">Pese a liderar la p\u00e9rdida de masa forestal, WRI informa de que &#8220;gran parte de la reducci\u00f3n global&#8221; ha sido impulsada por Brasil: el pa\u00eds <b>recort\u00f3 en un 41 %<\/b> la p\u00e9rdida de bosque primario no causado por incendios, alcanzando su nivel m\u00e1s bajo desde que hay registros.<\/p>\n<p class=\"paragraph\">Estos resultados est\u00e1n asociados a pol\u00edticas medioambientales &#8220;m\u00e1s s\u00f3lidas&#8221; desde el regreso a la presidencia de <b>Luiz In\u00e1cio Lula da Silva<\/b>, incluyendo el relanzamiento de un plan federal contra la deforestaci\u00f3n y el aumento de las sanciones por &#8220;delitos ambientales&#8221;, explica WRI.<\/p>\n<p class=\"paragraph\">En Bolivia, RDC, Per\u00fa, Laos y Madagascar la p\u00e9rdida de masa forestal tambi\u00e9n se mantuvo alta en 2025, impulsada por una combinaci\u00f3n de factores que var\u00edan por regi\u00f3n, de acuerdo con WRI, incluyendo expansi\u00f3n agr\u00edcola, miner\u00eda, desplazamientos por conflictos armados, dependencia de los bosques para alimentos y combustible, e incendios.<\/p>\n<p class=\"paragraph\">Estos \u00faltimos provocaron que Bolivia haya registrado su segundo nivel m\u00e1s alto de p\u00e9rdidas desde que hay registros, superando a RDC, que tiene un 60 % m\u00e1s de bosque primario.<\/p>\n<p class=\"paragraph\"><b>Sarah Carter,<\/b> investigadora asociada de GFW, dice que, m\u00e1s all\u00e1 de las selvas tropicales, la p\u00e9rdida de masa forestal global cay\u00f3 un 14 % en 2025; en los \u00faltimos a\u00f1os, el fuego ha sido una de las causas principales de la desaparici\u00f3n de bosques.<\/p>\n<p class=\"paragraph\">Los incendios afectan a \u00e1reas &#8220;cada vez m\u00e1s grandes y son m\u00e1s frecuentes&#8221;, advierte Carter, lo que retrasa o evita la regeneraci\u00f3n de la masa forestal; para la experta, aumentar la resiliencia de los bosques a un clima cambiante ser\u00e1 &#8220;esencial para los objetivos clim\u00e1ticos&#8221;.<\/p>\n<div class=\"c-detail__box \">\n<article class=\"c-detail__sumario \">\n<figure class=\"c-detail__sumario__thumb\" style=\"display: block;\">\n            <a href=\"#\" title=\"\">\n                <picture data-size=\"w:140,h:140\" loading=\"lazy\" src=\"https:\/\/imagenes.hoy.com.do\/files\/related_image\/uploads\/2026\/04\/29\/69f256f9de293.jpeg\" data-full-src=\"https:\/\/imagenes.hoy.com.do\/uploads\/2026\/04\/29\/69f256f9de293.jpeg\">\n                    <img loading=\"lazy\" decoding=\"async\" width=\"140\" height=\"140\" alt=\"OPEP\" src=\"https:\/\/imagenes.hoy.com.do\/uploads\/2026\/04\/29\/69f256f9de293.jpeg\"\/>\n                <\/picture>\n            <\/a><br \/>\n        <\/figure>\n<\/article>\n<\/div><\/div>\n","protected":false},"excerpt":{"rendered":"<p>La p\u00e9rdida de bosques tropicales primarios se ha reducido un 36 % en 2025 tras los registros r\u00e9cord de 2024, impulsada &#8220;en gran medida&#8221; por Brasil, seg\u00fan el an\u00e1lisis anual de Global Forest Watch (GFW); sin embargo, estas siguen siendo &#8220;altas&#8221; y los incendios representan una amenaza &#8220;creciente&#8221;. Aunque la reducci\u00f3n es &#8220;alentadora&#8221;, afirma Elizabeth<\/p>\n","protected":false},"author":1,"featured_media":38047,"comment_status":"open","ping_status":"open","sticky":false,"template":"","format":"standard","meta":{"footnotes":""},"categories":[3],"tags":[],"class_list":["post-38046","post","type-post","status-publish","format-standard","has-post-thumbnail","hentry","category-internacionales"],"_links":{"self":[{"href":"https:\/\/acronoticias.com\/index.php\/wp-json\/wp\/v2\/posts\/38046","targetHints":{"allow":["GET"]}}],"collection":[{"href":"https:\/\/acronoticias.com\/index.php\/wp-json\/wp\/v2\/posts"}],"about":[{"href":"https:\/\/acronoticias.com\/index.php\/wp-json\/wp\/v2\/types\/post"}],"author":[{"embeddable":true,"href":"https:\/\/acronoticias.com\/index.php\/wp-json\/wp\/v2\/users\/1"}],"replies":[{"embeddable":true,"href":"https:\/\/acronoticias.com\/index.php\/wp-json\/wp\/v2\/comments?post=38046"}],"version-history":[{"count":0,"href":"https:\/\/acronoticias.com\/index.php\/wp-json\/wp\/v2\/posts\/38046\/revisions"}],"wp:featuredmedia":[{"embeddable":true,"href":"https:\/\/acronoticias.com\/index.php\/wp-json\/wp\/v2\/media\/38047"}],"wp:attachment":[{"href":"https:\/\/acronoticias.com\/index.php\/wp-json\/wp\/v2\/media?parent=38046"}],"wp:term":[{"taxonomy":"category","embeddable":true,"href":"https:\/\/acronoticias.com\/index.php\/wp-json\/wp\/v2\/categories?post=38046"},{"taxonomy":"post_tag","embeddable":true,"href":"https:\/\/acronoticias.com\/index.php\/wp-json\/wp\/v2\/tags?post=38046"}],"curies":[{"name":"wp","href":"https:\/\/api.w.org\/{rel}","templated":true}]}}