{"id":38042,"date":"2026-04-30T03:36:36","date_gmt":"2026-04-30T03:36:36","guid":{"rendered":"https:\/\/acronoticias.com\/index.php\/2026\/04\/30\/diputada-seline-mendez-somete-resolucion-para-citar-autoridades-de-medio-ambiente-por-operacion-en-valle-nuevo\/"},"modified":"2026-04-30T03:36:36","modified_gmt":"2026-04-30T03:36:36","slug":"diputada-seline-mendez-somete-resolucion-para-citar-autoridades-de-medio-ambiente-por-operacion-en-valle-nuevo","status":"publish","type":"post","link":"https:\/\/acronoticias.com\/index.php\/2026\/04\/30\/diputada-seline-mendez-somete-resolucion-para-citar-autoridades-de-medio-ambiente-por-operacion-en-valle-nuevo\/","title":{"rendered":"Diputada Selin\u00e9 M\u00e9ndez somete resoluci\u00f3n para citar autoridades de Medio Ambiente por operaci\u00f3n en Valle Nuevo"},"content":{"rendered":"<p><img loading=\"lazy\" decoding=\"async\" width=\"355\" height=\"200\" src=\"https:\/\/nuevodiario-assets.s3.us-east-2.amazonaws.com\/wp-content\/uploads\/2025\/03\/06133038\/Selinee-Mendez-355x200.jpeg\" class=\"webfeedsFeaturedVisual not-transparent wp-post-image\" alt=\"\" style=\"--dominant-color: #593e3f;margin-bottom: 5px;clear:both;max-width: 100%\" data-has-transparency=\"false\" data-dominant-color=\"593e3f\" \/><\/p>\n<p data-start=\"134\" data-end=\"427\">EL NUEVO DIARIO, SANTO DOMINGO.\u2013 La diputada por el partido <span class=\"hover:entity-accent entity-underline inline cursor-pointer align-baseline\"><span class=\"whitespace-normal\">Fuerza del Pueblo<\/span><\/span>, <span class=\"hover:entity-accent entity-underline inline cursor-pointer align-baseline\"><span class=\"whitespace-normal\">Selin\u00e9 M\u00e9ndez<\/span><\/span>, someti\u00f3 ante la <span class=\"hover:entity-accent entity-underline inline cursor-pointer align-baseline\"><span class=\"whitespace-normal\">C\u00e1mara de Diputados<\/span><\/span>\u00a0un proyecto de resoluci\u00f3n que solicita la comparecencia de autoridades del Ministerio de Medio Ambiente y Recursos Naturales para ofrecer explicaciones sobre la operaci\u00f3n denominada \u201cJard\u00edn del Ed\u00e9n\u201d en el <span class=\"hover:entity-accent entity-underline inline cursor-pointer align-baseline\"><span class=\"whitespace-normal\">Parque Nacional Juan Bautista P\u00e9rez Rancier<\/span><\/span>.<\/p>\n<section class=\"text-token-text-primary w-full focus:outline-none [--shadow-height:45px] has-data-writing-block:pointer-events-none has-data-writing-block:-mt-(--shadow-height) has-data-writing-block:pt-(--shadow-height) [&amp;:has([data-writing-block])&gt;*]:pointer-events-auto [content-visibility:auto] supports-[content-visibility:auto]:[contain-intrinsic-size:auto_100lvh] R6Vx5W_threadScrollVars scroll-mb-[calc(var(--scroll-root-safe-area-inset-bottom,0px)+var(--thread-response-height))] scroll-mt-[calc(var(--header-height)+min(200px,max(70px,20svh)))]\" dir=\"auto\" data-turn-id=\"request-WEB:9b537c00-597b-4e47-ad40-e373cf35e65a-30\" data-testid=\"conversation-turn-62\" data-scroll-anchor=\"false\" data-turn=\"assistant\">\n<div class=\"text-base my-auto mx-auto pb-10 [--thread-content-margin:var(--thread-content-margin-xs,calc(var(--spacing)*4))] @w-sm\/main:[--thread-content-margin:var(--thread-content-margin-sm,calc(var(--spacing)*6))] @w-lg\/main:[--thread-content-margin:var(--thread-content-margin-lg,calc(var(--spacing)*16))] px-(--thread-content-margin)\">\n<div class=\"[--thread-content-max-width:40rem] @w-lg\/main:[--thread-content-max-width:48rem] mx-auto max-w-(--thread-content-max-width) flex-1 group\/turn-messages focus-visible:outline-hidden relative flex w-full min-w-0 flex-col agent-turn\">\n<div class=\"flex max-w-full flex-col gap-4 grow\">\n<div class=\"min-h-8 text-message relative flex w-full flex-col items-end gap-2 text-start break-words whitespace-normal outline-none keyboard-focused:focus-ring [.text-message+&amp;]:mt-1\" dir=\"auto\" data-message-author-role=\"assistant\" data-message-id=\"9151b728-2367-49d8-9809-0b6625ae519d\" data-message-model-slug=\"gpt-5-3\" data-turn-start-message=\"true\">\n<div class=\"flex w-full flex-col gap-1 empty:hidden\">\n<div class=\"markdown prose dark:prose-invert w-full wrap-break-word light markdown-new-styling\">\n<p data-start=\"569\" data-end=\"908\">La iniciativa plantea citar al ministro <span class=\"hover:entity-accent entity-underline inline cursor-pointer align-baseline\"><span class=\"whitespace-normal\">Armando Pa\u00edno Henr\u00edquez<\/span><\/span>, as\u00ed como al viceministro de \u00c1reas Protegidas y Biodiversidad, Carlos Augusto Batista Batista, y a la directora de \u00c1reas Protegidas, Carolina Alba Ferreras, para que comparezcan ante el pleno o ante la Comisi\u00f3n Permanente de Medio Ambiente y Recursos Naturales.<\/p>\n<p data-start=\"910\" data-end=\"1301\">El proyecto solicita que los funcionarios presenten informaciones detalladas y documentadas sobre el fundamento legal de la referida operaci\u00f3n, incluyendo el plan de manejo del \u00e1rea protegida, los actos administrativos que autorizan la concesi\u00f3n y el procedimiento de selecci\u00f3n aplicado, en cumplimiento de la Ley 340-06 sobre Compras y Contrataciones y la Ley 202-04 sobre \u00c1reas Protegidas.<\/p>\n<p data-start=\"1303\" data-end=\"1562\">Asimismo, requiere detalles sobre los t\u00e9rminos del acuerdo con el sector privado, incluyendo copia del contrato, identificaci\u00f3n de la empresa concesionaria, plazo de la concesi\u00f3n, condiciones de exclusividad, tarifas autorizadas y modalidad de pago al Estado.<\/p>\n<p data-start=\"1564\" data-end=\"1884\">En materia ambiental, la propuesta tambi\u00e9n demanda informaci\u00f3n sobre las garant\u00edas de protecci\u00f3n del \u00e1rea, como el plan de manejo vigente del parque, estudios de capacidad de carga, evaluaci\u00f3n de impacto ambiental, manejo de residuos y medidas para evitar afectaciones a las fuentes h\u00eddricas y al bosque de pino criollo.<\/p>\n<p data-start=\"1886\" data-end=\"2094\">De igual forma, el proyecto solicita explicaciones sobre los mecanismos que garanticen el acceso equitativo de la ciudadan\u00eda al \u00e1rea de camping del parque, conforme a la legislaci\u00f3n vigente y la Constituci\u00f3n.<\/p>\n<p data-start=\"2096\" data-end=\"2477\">Durante la presentaci\u00f3n de la iniciativa, la diputada M\u00e9ndez cuestion\u00f3 la falta de informaci\u00f3n oficial sobre la operaci\u00f3n en Valle Nuevo y afirm\u00f3 que el Congreso debe recibir explicaciones claras. \u201cQue le expliquen a este Congreso, que le expliquen a la Rep\u00fablica Dominicana lo que han hecho con nuestro Valle Nuevo, porque no le han dado ninguna explicaci\u00f3n a este pa\u00eds\u201d, expres\u00f3.<\/p>\n<p data-start=\"2479\" data-end=\"2720\">La legisladora advirti\u00f3 sobre posibles precedentes en la administraci\u00f3n de \u00e1reas protegidas. \u201cAs\u00ed comienzan las cosas en la Rep\u00fablica Dominicana. Le ceden algo a una empresa privada y jam\u00e1s ni nunca esa empresa privada sale de ah\u00ed\u201d, sostuvo.<\/p>\n<p data-start=\"2722\" data-end=\"3005\">Asimismo, defendi\u00f3 el car\u00e1cter p\u00fablico del parque y el derecho de acceso de la ciudadan\u00eda. \u201cValle Nuevo es de los dominicanos y cada persona tendr\u00e1 la autoridad de ir a acampar, al glamping o a pasar un d\u00eda con su familia\u201d, indic\u00f3, al tiempo que reconoci\u00f3 la necesidad de regulaci\u00f3n.<\/p>\n<p data-start=\"3007\" data-end=\"3298\">M\u00e9ndez tambi\u00e9n cuestion\u00f3 la gesti\u00f3n institucional en materia ambiental. \u201cPara eso tenemos el Ministerio del Medio Ambiente, un ministerio que ha aumentado su presupuesto y no puede ser capaz de controlar los parques nacionales y tiene que buscar empresas privadas para que lo hagan\u201d, se\u00f1al\u00f3.<\/p>\n<p data-start=\"3300\" data-end=\"3489\">Finalmente, la diputada advirti\u00f3 sobre las implicaciones de la gesti\u00f3n de los recursos naturales en el pa\u00eds, al considerar que situaciones como esta podr\u00edan replicarse en otros territorios.<\/p>\n<p data-start=\"3491\" data-end=\"3780\">La iniciativa establece que los funcionarios deber\u00e1n remitir la documentaci\u00f3n requerida con al menos cinco d\u00edas h\u00e1biles de antelaci\u00f3n a su comparecencia, mientras que la Comisi\u00f3n Permanente de Medio Ambiente y Recursos Naturales dar\u00eda seguimiento al proceso y rendir\u00eda un informe al pleno.<\/p>\n<p data-start=\"3782\" data-end=\"3944\" data-is-last-node=\"\" data-is-only-node=\"\">El proyecto de resoluci\u00f3n tambi\u00e9n contempla la remisi\u00f3n de copia certificada a las instituciones vinculadas y su publicaci\u00f3n en un diario de circulaci\u00f3n nacional.<\/p>\n<\/div>\n<\/div>\n<\/div>\n<\/div>\n<div class=\"z-0 flex min-h-[46px] justify-start\"><\/div>\n<div class=\"mt-3 w-full empty:hidden\">\n<div class=\"text-center\"><\/div>\n<\/div>\n<\/div>\n<\/div>\n<\/section>\n<div class=\"pointer-events-none -mt-px h-px translate-y-[calc(var(--scroll-root-safe-area-inset-bottom)-14*var(--spacing))]\" aria-hidden=\"true\"><\/div>\n<p>La entrada <a href=\"https:\/\/elnuevodiario.com.do\/diputada-seline-mendez-somete-resolucion-para-citar-autoridades-de-medio-ambiente-por-operacion-en-valle-nuevo\/\">Diputada Selin\u00e9 M\u00e9ndez somete resoluci\u00f3n para citar autoridades de Medio Ambiente por operaci\u00f3n en Valle Nuevo<\/a> se public\u00f3 primero en <a href=\"https:\/\/elnuevodiario.com.do\">El Nuevo Diario (Rep\u00fablica Dominicana)<\/a>.<\/p>\n","protected":false},"excerpt":{"rendered":"<p>EL NUEVO DIARIO, SANTO DOMINGO.\u2013 La diputada por el partido Fuerza del Pueblo, Selin\u00e9 M\u00e9ndez, someti\u00f3 ante la C\u00e1mara de Diputados\u00a0un proyecto de resoluci\u00f3n que solicita la comparecencia de autoridades del Ministerio de Medio Ambiente y Recursos Naturales para ofrecer explicaciones sobre la operaci\u00f3n denominada \u201cJard\u00edn del Ed\u00e9n\u201d en el Parque Nacional Juan Bautista P\u00e9rez<\/p>\n","protected":false},"author":1,"featured_media":38043,"comment_status":"open","ping_status":"open","sticky":false,"template":"","format":"standard","meta":{"footnotes":""},"categories":[1],"tags":[],"class_list":["post-38042","post","type-post","status-publish","format-standard","has-post-thumbnail","hentry","category-nacionales"],"_links":{"self":[{"href":"https:\/\/acronoticias.com\/index.php\/wp-json\/wp\/v2\/posts\/38042","targetHints":{"allow":["GET"]}}],"collection":[{"href":"https:\/\/acronoticias.com\/index.php\/wp-json\/wp\/v2\/posts"}],"about":[{"href":"https:\/\/acronoticias.com\/index.php\/wp-json\/wp\/v2\/types\/post"}],"author":[{"embeddable":true,"href":"https:\/\/acronoticias.com\/index.php\/wp-json\/wp\/v2\/users\/1"}],"replies":[{"embeddable":true,"href":"https:\/\/acronoticias.com\/index.php\/wp-json\/wp\/v2\/comments?post=38042"}],"version-history":[{"count":0,"href":"https:\/\/acronoticias.com\/index.php\/wp-json\/wp\/v2\/posts\/38042\/revisions"}],"wp:featuredmedia":[{"embeddable":true,"href":"https:\/\/acronoticias.com\/index.php\/wp-json\/wp\/v2\/media\/38043"}],"wp:attachment":[{"href":"https:\/\/acronoticias.com\/index.php\/wp-json\/wp\/v2\/media?parent=38042"}],"wp:term":[{"taxonomy":"category","embeddable":true,"href":"https:\/\/acronoticias.com\/index.php\/wp-json\/wp\/v2\/categories?post=38042"},{"taxonomy":"post_tag","embeddable":true,"href":"https:\/\/acronoticias.com\/index.php\/wp-json\/wp\/v2\/tags?post=38042"}],"curies":[{"name":"wp","href":"https:\/\/api.w.org\/{rel}","templated":true}]}}