{"id":38038,"date":"2026-04-30T03:20:39","date_gmt":"2026-04-30T03:20:39","guid":{"rendered":"https:\/\/acronoticias.com\/index.php\/2026\/04\/30\/cuestionan-transparencia-en-proyecto-de-compra-de-camiones-recolectores\/"},"modified":"2026-04-30T03:20:39","modified_gmt":"2026-04-30T03:20:39","slug":"cuestionan-transparencia-en-proyecto-de-compra-de-camiones-recolectores","status":"publish","type":"post","link":"https:\/\/acronoticias.com\/index.php\/2026\/04\/30\/cuestionan-transparencia-en-proyecto-de-compra-de-camiones-recolectores\/","title":{"rendered":"Cuestionan transparencia en proyecto de compra de camiones recolectores"},"content":{"rendered":"<p><img decoding=\"async\" width=\"355\" height=\"200\" src=\"https:\/\/nuevodiario-assets.s3.us-east-2.amazonaws.com\/wp-content\/uploads\/2026\/04\/823d4ebe-4cc9-4eb0-8c8a-06963da0b91d-355x200.jpg\" class=\"webfeedsFeaturedVisual not-transparent wp-post-image\" alt=\"\" style=\"--dominant-color: #a07773;margin-bottom: 5px;clear:both;max-width: 100%\" loading=\"lazy\" data-has-transparency=\"false\" data-dominant-color=\"a07773\" \/><\/p>\n<p>EL NUEVO DIARIO, SANTO DOMINGO. &#8211; El comunicador Eduardo Mart\u00ednez cuestion\u00f3 este mi\u00e9rcoles el proyecto de adquisici\u00f3n de camiones recolectores de basura impulsado por el Ministerio de la Presidencia, se\u00f1alando que, aunque el objetivo inicial es v\u00e1lido, persisten dudas sobre el proceso.<\/p>\n<p>Mart\u00ednez indic\u00f3 que la compra de estos equipos busca fortalecer el sistema de recolecci\u00f3n de residuos s\u00f3lidos, una necesidad importante para mejorar la gesti\u00f3n municipal.<\/p>\n<p>No obstante, asegur\u00f3 que existe un supuesto trasfondo en el proceso que ha generado opiniones divididas en distintos sectores.<\/p>\n<p>\u201cSe ha hablado de un supuesto trasfondo en este proyecto, que ha sido ampliamente cuestionado, opinado y tambi\u00e9n respaldado por otros\u201d, expres\u00f3.<\/p>\n<p>El comentarista se refiri\u00f3 sobre este y otros temas de inter\u00e9s nacional al participar en el programa que produce \u201cEl Nuevo Diario en la Noche\u201d, transmitido por la plataforma digital \u201cEl Nuevo Diario TV\u201d.<\/p>\n<p>(Ver programa)<\/p>\n<div class=\"jetpack-video-wrapper\"><\/div>\n<p>El analista sostuvo que, seg\u00fan informaciones provenientes de fuentes que calific\u00f3 como confiables, algunas de las objeciones presentadas por oferentes durante la licitaci\u00f3n estar\u00edan relacionadas con posibles irregularidades en el pliego de condiciones.<\/p>\n<p>De acuerdo con Mart\u00ednez, dichas observaciones apuntaban a que el proceso podr\u00eda haber estado orientado a favorecer a un participante espec\u00edfico.<\/p>\n<p>Indic\u00f3 adem\u00e1s que, aunque el Ministerio de la Presidencia realiz\u00f3 una revisi\u00f3n tras estas inquietudes, los cambios introducidos no habr\u00edan sido suficientes para reestructurar el proyecto de manera integral.<\/p>\n<p>Asimismo, el comunicador manifest\u00f3 que a\u00fan existen aspectos que generan desconfianza en torno a esta iniciativa de compra de 100 camiones recolectores, por lo que consider\u00f3 necesario continuar evaluando el proceso con mayor rigor y transparencia.<\/p>\n<p>La entrada <a href=\"https:\/\/elnuevodiario.com.do\/cuestionan-transparencia-en-proyecto-de-compra-de-camiones-recolectores\/\">Cuestionan transparencia en proyecto de compra de camiones recolectores<\/a> se public\u00f3 primero en <a href=\"https:\/\/elnuevodiario.com.do\">El Nuevo Diario (Rep\u00fablica Dominicana)<\/a>.<\/p>\n","protected":false},"excerpt":{"rendered":"<p>EL NUEVO DIARIO, SANTO DOMINGO. &#8211; El comunicador Eduardo Mart\u00ednez cuestion\u00f3 este mi\u00e9rcoles el proyecto de adquisici\u00f3n de camiones recolectores de basura impulsado por el Ministerio de la Presidencia, se\u00f1alando que, aunque el objetivo inicial es v\u00e1lido, persisten dudas sobre el proceso. Mart\u00ednez indic\u00f3 que la compra de estos equipos busca fortalecer el sistema de<\/p>\n","protected":false},"author":1,"featured_media":38039,"comment_status":"open","ping_status":"open","sticky":false,"template":"","format":"standard","meta":{"footnotes":""},"categories":[1],"tags":[],"class_list":["post-38038","post","type-post","status-publish","format-standard","has-post-thumbnail","hentry","category-nacionales"],"_links":{"self":[{"href":"https:\/\/acronoticias.com\/index.php\/wp-json\/wp\/v2\/posts\/38038","targetHints":{"allow":["GET"]}}],"collection":[{"href":"https:\/\/acronoticias.com\/index.php\/wp-json\/wp\/v2\/posts"}],"about":[{"href":"https:\/\/acronoticias.com\/index.php\/wp-json\/wp\/v2\/types\/post"}],"author":[{"embeddable":true,"href":"https:\/\/acronoticias.com\/index.php\/wp-json\/wp\/v2\/users\/1"}],"replies":[{"embeddable":true,"href":"https:\/\/acronoticias.com\/index.php\/wp-json\/wp\/v2\/comments?post=38038"}],"version-history":[{"count":0,"href":"https:\/\/acronoticias.com\/index.php\/wp-json\/wp\/v2\/posts\/38038\/revisions"}],"wp:featuredmedia":[{"embeddable":true,"href":"https:\/\/acronoticias.com\/index.php\/wp-json\/wp\/v2\/media\/38039"}],"wp:attachment":[{"href":"https:\/\/acronoticias.com\/index.php\/wp-json\/wp\/v2\/media?parent=38038"}],"wp:term":[{"taxonomy":"category","embeddable":true,"href":"https:\/\/acronoticias.com\/index.php\/wp-json\/wp\/v2\/categories?post=38038"},{"taxonomy":"post_tag","embeddable":true,"href":"https:\/\/acronoticias.com\/index.php\/wp-json\/wp\/v2\/tags?post=38038"}],"curies":[{"name":"wp","href":"https:\/\/api.w.org\/{rel}","templated":true}]}}