{"id":38034,"date":"2026-04-30T03:04:36","date_gmt":"2026-04-30T03:04:36","guid":{"rendered":"https:\/\/acronoticias.com\/index.php\/2026\/04\/30\/cepm-y-habitat-para-la-humanidad-inician-mejoras-de-viviendas-para-120-familias-vulnerables-en-el-este\/"},"modified":"2026-04-30T03:04:36","modified_gmt":"2026-04-30T03:04:36","slug":"cepm-y-habitat-para-la-humanidad-inician-mejoras-de-viviendas-para-120-familias-vulnerables-en-el-este","status":"publish","type":"post","link":"https:\/\/acronoticias.com\/index.php\/2026\/04\/30\/cepm-y-habitat-para-la-humanidad-inician-mejoras-de-viviendas-para-120-familias-vulnerables-en-el-este\/","title":{"rendered":"CEPM y H\u00e1bitat para la Humanidad inician mejoras de viviendas para 120 familias vulnerables en el este"},"content":{"rendered":"<p><img loading=\"lazy\" decoding=\"async\" width=\"355\" height=\"200\" src=\"https:\/\/nuevodiario-assets.s3.us-east-2.amazonaws.com\/wp-content\/uploads\/2026\/04\/WhatsApp-Image-2026-04-29-at-9.56.43-PM-355x200.jpeg\" class=\"webfeedsFeaturedVisual not-transparent wp-post-image\" alt=\"\" style=\"--dominant-color: #8c8fa2;margin-bottom: 5px;clear:both;max-width: 100%\" data-has-transparency=\"false\" data-dominant-color=\"8c8fa2\" \/><\/p>\n<p>&nbsp;<\/p>\n<p>EL NUEVO DIARIO, SANTO DOMINGO. &#8211; El Consorcio Energ\u00e9tico Punta Cana-Macao (CEPM) y H\u00e1bitat para la Humanidad Rep\u00fablica Dominicana informaron este mi\u00e9rcoles que iniciaron los trabajos de mejoramiento de viviendas para unas 120 familias en situaci\u00f3n de vulnerabilidad en comunidades del Este del pa\u00eds, como parte del programa <em>Hogar Seguro<\/em>.<\/p>\n<p>La iniciativa, respaldada por una inversi\u00f3n de US$200,000 durante cuatro a\u00f1os, contempla reparaciones de pisos, techos, muros, ba\u00f1os e instalaciones el\u00e9ctricas, con el objetivo de mejorar la seguridad, la salud y la calidad de vida de los beneficiarios, especialmente ni\u00f1os, personas envejecientes y hogares encabezados por mujeres.<\/p>\n<p>Las intervenciones se desarrollar\u00e1n dentro del \u00e1rea de concesi\u00f3n de CEPM, incluyendo comunidades como B\u00e1varo, Ver\u00f3n, Punta Cana, Nisib\u00f3n, Uvero Alto y Miches, entre otras.<\/p>\n<p>El programa forma parte de un acuerdo de colaboraci\u00f3n firmado en febrero de este a\u00f1o entre ambas organizaciones, orientado a impulsar soluciones habitacionales sostenibles en zonas vulnerables.<\/p>\n<p>El gerente general de CEPM, \u00d3scar San Mart\u00edn, destac\u00f3 que la iniciativa responde al compromiso social de la empresa. \u201cNuestro compromiso trasciende la labor de proveer energ\u00eda; tambi\u00e9n implica acompa\u00f1ar el desarrollo de nuestras comunidades y contribuir a mejorar la calidad de vida de las familias que forman parte de nuestra zona\u201d, expres\u00f3.<\/p>\n<p>Por su parte, la directora nacional de H\u00e1bitat para la Humanidad Rep\u00fablica Dominicana, Cesarina Fabi\u00e1n, resalt\u00f3 la importancia de las alianzas con el sector privado para ampliar el impacto de los programas sociales. \u201cEste acuerdo permitir\u00e1 llevar soluciones concretas a familias que hoy enfrentan condiciones de vivienda complejas, generando mejoras reales en su bienestar\u201d, afirm\u00f3.<\/p>\n<p>H\u00e1bitat para la Humanidad estar\u00e1 a cargo de la ejecuci\u00f3n de los trabajos y la administraci\u00f3n de los recursos, mientras que colaboradores de CEPM participar\u00e1n como voluntarios en las jornadas de intervenci\u00f3n.<\/p>\n<p>La empresa indic\u00f3 que este tipo de proyectos forma parte de su visi\u00f3n de desarrollo sostenible en la regi\u00f3n Este, donde ha acompa\u00f1ado por m\u00e1s de tres d\u00e9cadas el crecimiento de uno de los polos tur\u00edsticos m\u00e1s importantes del Caribe.<\/p>\n<p>Con el inicio de estas acciones, CEPM reafirma su compromiso con el fortalecimiento de comunidades m\u00e1s resilientes y el acceso a viviendas seguras y dignas para las familias de su zona de operaci\u00f3n.<\/p>\n<p>&nbsp;<\/p>\n<p>La entrada <a href=\"https:\/\/elnuevodiario.com.do\/cepm-y-habitat-para-la-humanidad-inician-mejoras-de-viviendas-para-120-familias-vulnerables-en-el-este\/\">CEPM y H\u00e1bitat para la Humanidad inician mejoras de viviendas para 120 familias vulnerables en el este<\/a> se public\u00f3 primero en <a href=\"https:\/\/elnuevodiario.com.do\">El Nuevo Diario (Rep\u00fablica Dominicana)<\/a>.<\/p>\n","protected":false},"excerpt":{"rendered":"<p>&nbsp; EL NUEVO DIARIO, SANTO DOMINGO. &#8211; El Consorcio Energ\u00e9tico Punta Cana-Macao (CEPM) y H\u00e1bitat para la Humanidad Rep\u00fablica Dominicana informaron este mi\u00e9rcoles que iniciaron los trabajos de mejoramiento de viviendas para unas 120 familias en situaci\u00f3n de vulnerabilidad en comunidades del Este del pa\u00eds, como parte del programa Hogar Seguro. La iniciativa, respaldada por<\/p>\n","protected":false},"author":1,"featured_media":38035,"comment_status":"open","ping_status":"open","sticky":false,"template":"","format":"standard","meta":{"footnotes":""},"categories":[1],"tags":[],"class_list":["post-38034","post","type-post","status-publish","format-standard","has-post-thumbnail","hentry","category-nacionales"],"_links":{"self":[{"href":"https:\/\/acronoticias.com\/index.php\/wp-json\/wp\/v2\/posts\/38034","targetHints":{"allow":["GET"]}}],"collection":[{"href":"https:\/\/acronoticias.com\/index.php\/wp-json\/wp\/v2\/posts"}],"about":[{"href":"https:\/\/acronoticias.com\/index.php\/wp-json\/wp\/v2\/types\/post"}],"author":[{"embeddable":true,"href":"https:\/\/acronoticias.com\/index.php\/wp-json\/wp\/v2\/users\/1"}],"replies":[{"embeddable":true,"href":"https:\/\/acronoticias.com\/index.php\/wp-json\/wp\/v2\/comments?post=38034"}],"version-history":[{"count":0,"href":"https:\/\/acronoticias.com\/index.php\/wp-json\/wp\/v2\/posts\/38034\/revisions"}],"wp:featuredmedia":[{"embeddable":true,"href":"https:\/\/acronoticias.com\/index.php\/wp-json\/wp\/v2\/media\/38035"}],"wp:attachment":[{"href":"https:\/\/acronoticias.com\/index.php\/wp-json\/wp\/v2\/media?parent=38034"}],"wp:term":[{"taxonomy":"category","embeddable":true,"href":"https:\/\/acronoticias.com\/index.php\/wp-json\/wp\/v2\/categories?post=38034"},{"taxonomy":"post_tag","embeddable":true,"href":"https:\/\/acronoticias.com\/index.php\/wp-json\/wp\/v2\/tags?post=38034"}],"curies":[{"name":"wp","href":"https:\/\/api.w.org\/{rel}","templated":true}]}}