{"id":38028,"date":"2026-04-30T02:25:34","date_gmt":"2026-04-30T02:25:34","guid":{"rendered":"https:\/\/acronoticias.com\/index.php\/2026\/04\/30\/fernando-alonso-no-piensa-en-el-retiro-y-sigue-dispuesto-a-continuar-en-la-f1\/"},"modified":"2026-04-30T02:25:34","modified_gmt":"2026-04-30T02:25:34","slug":"fernando-alonso-no-piensa-en-el-retiro-y-sigue-dispuesto-a-continuar-en-la-f1","status":"publish","type":"post","link":"https:\/\/acronoticias.com\/index.php\/2026\/04\/30\/fernando-alonso-no-piensa-en-el-retiro-y-sigue-dispuesto-a-continuar-en-la-f1\/","title":{"rendered":"Fernando Alonso no piensa en el retiro y sigue dispuesto a continuar en la F1"},"content":{"rendered":"<div>\n<div class=\"c-detail__author full\">\n<div>\n<div class=\"c-detail__author__thumb\">\n<figure>\n                                <picture src=\"https:\/\/imagenes.hoy.com.do\/files\/image_square_xs\/uploads\/2025\/11\/10\/6911b3b5d935b.png\" data-size=\"w:40,h:40\">\n                                    <img decoding=\"async\" loading=\"lazy\" alt=\"Hoy .\" width=\"40\" height=\"40\" src=\"https:\/\/imagenes.hoy.com.do\/files\/image_square_xs\/uploads\/2025\/11\/10\/6911b3b5d935b.png\"\/>\n                                <\/picture>\n                                <\/figure>\n<\/div>\n<\/div>\n<\/div>\n<p>                                                                                            <!-- --><\/p>\n<p class=\"paragraph\">El piloto espa\u00f1ol <b>Fernando Alonso<\/b> tiene la intenci\u00f3n de seguir compitiendo en la <b>F\u00f3rmula 1<\/b> m\u00e1s all\u00e1 del final de esta temporada, tras afirmar que a\u00fan no se siente preparado para retirarse.<\/p>\n<p class=\"paragraph\">Tras su debut en 2001, Alonso disputa su 23.\u00aa temporada en la F1 y actualmente corre para el equipo <b>Aston Martin<\/b>, que atraviesa un momento dif\u00edcil.<\/p>\n<p class=\"paragraph\">El piloto de 44 a\u00f1os firm\u00f3 un contrato multianual con <b>Aston Martin<\/b> para 2024, pero el equipo a\u00fan no ha confirmado si se extender\u00e1 hasta 2027.<\/p>\n<p class=\"paragraph\">Durante el <b>Gran Premio Hist\u00f3rico de M\u00f3naco<\/b> el s\u00e1bado, Alonso declar\u00f3 que planea continuar compitiendo m\u00e1s all\u00e1 del final de esta temporada y que solo se retirar\u00e1 cuando se sienta preparado.<\/p>\n<p class=\"paragraph\">&#8220;Me encanta lo que hago. Me encanta correr&#8221;, dijo Alonso. &#8220;Corr\u00ed mi primera carrera con tres a\u00f1os y ahora tengo 44, as\u00ed que llevo 41 a\u00f1os al volante.<\/p>\n<p class=\"paragraph\">&#8220;Por lo tanto, cuando tenga que dejar de correr, ser\u00e1 una decisi\u00f3n muy dif\u00edcil de aceptar&#8221;.<\/p>\n<p class=\"paragraph\">El tiempo lo dir\u00e1. Lo sentir\u00e9. De momento, no siento que haya llegado ese momento. Me siento competitivo, motivado y feliz al volante. As\u00ed que, s\u00ed, espero que no sea la \u00faltima temporada.<\/p>\n<p class=\"paragraph\">Aston Martin y su socio de motores, Honda, han tenido un comienzo lento con la nueva normativa de la F1 en 2026. Alonso no logr\u00f3 terminar las dos primeras carreras y finaliz\u00f3 en la <b>18.\u00aa posici\u00f3n<\/b> en el <b>Gran Premio de Jap\u00f3n<\/b>.<\/p>\n<p class=\"paragraph\">El bicampe\u00f3n del mundo declar\u00f3 el a\u00f1o pasado que le resultar\u00eda dif\u00edcil retirarse de la F1 mientras su coche no fuera competitivo y que esperaba dejar el deporte por todo lo alto.<\/p>\n<div class=\"c-detail__box \">\n<article class=\"c-detail__sumario \">\n<figure class=\"c-detail__sumario__thumb\" style=\"display: block;\">\n            <a href=\"#\" title=\"\">\n                <picture data-size=\"w:140,h:140\" loading=\"lazy\" src=\"https:\/\/imagenes.hoy.com.do\/files\/related_image\/files\/fp\/uploads\/2026\/04\/29\/69f276699eb69.r_d.822-501.webp\" data-full-src=\"https:\/\/imagenes.hoy.com.do\/uploads\/2026\/04\/29\/69f276699eb69.webp\">\n                    <img loading=\"lazy\" decoding=\"async\" width=\"140\" height=\"140\" alt=\"Juli\u00e1n \u00c1lvarez\" src=\"https:\/\/imagenes.hoy.com.do\/uploads\/2026\/04\/29\/69f276699eb69.webp\"\/>\n                <\/picture>\n            <\/a><br \/>\n        <\/figure>\n<\/article>\n<\/div><\/div>\n","protected":false},"excerpt":{"rendered":"<p>El piloto espa\u00f1ol Fernando Alonso tiene la intenci\u00f3n de seguir compitiendo en la F\u00f3rmula 1 m\u00e1s all\u00e1 del final de esta temporada, tras afirmar que a\u00fan no se siente preparado para retirarse. Tras su debut en 2001, Alonso disputa su 23.\u00aa temporada en la F1 y actualmente corre para el equipo Aston Martin, que atraviesa<\/p>\n","protected":false},"author":1,"featured_media":38029,"comment_status":"open","ping_status":"open","sticky":false,"template":"","format":"standard","meta":{"footnotes":""},"categories":[2],"tags":[],"class_list":["post-38028","post","type-post","status-publish","format-standard","has-post-thumbnail","hentry","category-deporte"],"_links":{"self":[{"href":"https:\/\/acronoticias.com\/index.php\/wp-json\/wp\/v2\/posts\/38028","targetHints":{"allow":["GET"]}}],"collection":[{"href":"https:\/\/acronoticias.com\/index.php\/wp-json\/wp\/v2\/posts"}],"about":[{"href":"https:\/\/acronoticias.com\/index.php\/wp-json\/wp\/v2\/types\/post"}],"author":[{"embeddable":true,"href":"https:\/\/acronoticias.com\/index.php\/wp-json\/wp\/v2\/users\/1"}],"replies":[{"embeddable":true,"href":"https:\/\/acronoticias.com\/index.php\/wp-json\/wp\/v2\/comments?post=38028"}],"version-history":[{"count":0,"href":"https:\/\/acronoticias.com\/index.php\/wp-json\/wp\/v2\/posts\/38028\/revisions"}],"wp:featuredmedia":[{"embeddable":true,"href":"https:\/\/acronoticias.com\/index.php\/wp-json\/wp\/v2\/media\/38029"}],"wp:attachment":[{"href":"https:\/\/acronoticias.com\/index.php\/wp-json\/wp\/v2\/media?parent=38028"}],"wp:term":[{"taxonomy":"category","embeddable":true,"href":"https:\/\/acronoticias.com\/index.php\/wp-json\/wp\/v2\/categories?post=38028"},{"taxonomy":"post_tag","embeddable":true,"href":"https:\/\/acronoticias.com\/index.php\/wp-json\/wp\/v2\/tags?post=38028"}],"curies":[{"name":"wp","href":"https:\/\/api.w.org\/{rel}","templated":true}]}}