{"id":38014,"date":"2026-04-30T01:12:36","date_gmt":"2026-04-30T01:12:36","guid":{"rendered":"https:\/\/acronoticias.com\/index.php\/2026\/04\/30\/abinader-condecora-postumamente-a-ulises-francisco-espaillat-con-la-orden-del-merito\/"},"modified":"2026-04-30T01:12:36","modified_gmt":"2026-04-30T01:12:36","slug":"abinader-condecora-postumamente-a-ulises-francisco-espaillat-con-la-orden-del-merito","status":"publish","type":"post","link":"https:\/\/acronoticias.com\/index.php\/2026\/04\/30\/abinader-condecora-postumamente-a-ulises-francisco-espaillat-con-la-orden-del-merito\/","title":{"rendered":"Abinader condecora p\u00f3stumamente a Ulises Francisco Espaillat con la Orden del M\u00e9rito"},"content":{"rendered":"<p><img decoding=\"async\" width=\"355\" height=\"200\" src=\"https:\/\/nuevodiario-assets.s3.us-east-2.amazonaws.com\/wp-content\/uploads\/2026\/04\/Abinader-condecora-postumamente-a-Ulises-Francisco-Espaillat-con-la-Orden-del-Merito-6-355x200.jpeg\" class=\"webfeedsFeaturedVisual not-transparent wp-post-image\" alt=\"\" style=\"--dominant-color: #7c6256;margin-bottom: 5px;clear:both;max-width: 100%\" loading=\"lazy\" data-has-transparency=\"false\" data-dominant-color=\"7c6256\" \/><\/p>\n<section class=\"text-token-text-primary w-full focus:outline-none [--shadow-height:45px] has-data-writing-block:pointer-events-none has-data-writing-block:-mt-(--shadow-height) has-data-writing-block:pt-(--shadow-height) [&amp;:has([data-writing-block])&gt;*]:pointer-events-auto [content-visibility:auto] supports-[content-visibility:auto]:[contain-intrinsic-size:auto_100lvh] R6Vx5W_threadScrollVars scroll-mb-[calc(var(--scroll-root-safe-area-inset-bottom,0px)+var(--thread-response-height))] scroll-mt-[calc(var(--header-height)+min(200px,max(70px,20svh)))]\" dir=\"auto\" data-turn-id=\"request-WEB:9b537c00-597b-4e47-ad40-e373cf35e65a-18\" data-testid=\"conversation-turn-38\" data-scroll-anchor=\"false\" data-turn=\"assistant\">\n<div class=\"text-base my-auto mx-auto pb-10 [--thread-content-margin:var(--thread-content-margin-xs,calc(var(--spacing)*4))] @w-sm\/main:[--thread-content-margin:var(--thread-content-margin-sm,calc(var(--spacing)*6))] @w-lg\/main:[--thread-content-margin:var(--thread-content-margin-lg,calc(var(--spacing)*16))] px-(--thread-content-margin)\">\n<div class=\"[--thread-content-max-width:40rem] @w-lg\/main:[--thread-content-max-width:48rem] mx-auto max-w-(--thread-content-max-width) flex-1 group\/turn-messages focus-visible:outline-hidden relative flex w-full min-w-0 flex-col agent-turn\">\n<div class=\"flex max-w-full flex-col gap-4 grow\">\n<div class=\"min-h-8 text-message relative flex w-full flex-col items-end gap-2 text-start break-words whitespace-normal outline-none keyboard-focused:focus-ring [.text-message+&amp;]:mt-1\" dir=\"auto\" data-message-author-role=\"assistant\" data-message-id=\"9a4dc497-2b7a-4f20-80b9-0dee78e384d5\" data-message-model-slug=\"gpt-5-3-mini\" data-turn-start-message=\"true\">\n<div class=\"flex w-full flex-col gap-1 empty:hidden\">\n<div class=\"markdown prose dark:prose-invert w-full wrap-break-word light markdown-new-styling\">\n<p data-start=\"25\" data-end=\"144\">EL NUEVO DIARIO, SANTO DOMINGO. -El presidente <span class=\"hover:entity-accent entity-underline inline cursor-pointer align-baseline\"><span class=\"whitespace-normal\">Luis Abinader<\/span><\/span> encabez\u00f3 el acto de conmemoraci\u00f3n del 150 aniversario del gobierno de <span class=\"hover:entity-accent entity-underline inline cursor-pointer align-baseline\"><span class=\"whitespace-normal\">Ulises Francisco Espaillat<\/span><\/span>, a quien calific\u00f3 como el mayor referente \u00e9tico de la naci\u00f3n dominicana, y otorg\u00f3 de manera p\u00f3stuma la Condecoraci\u00f3n de la Orden del M\u00e9rito de Duarte, S\u00e1nchez y Mella en el Grado de Gran Cruz Placa de Oro, mediante el Decreto 279-26.<\/p>\n<section class=\"text-token-text-primary w-full focus:outline-none [--shadow-height:45px] has-data-writing-block:pointer-events-none has-data-writing-block:-mt-(--shadow-height) has-data-writing-block:pt-(--shadow-height) [&amp;:has([data-writing-block])&gt;*]:pointer-events-auto [content-visibility:auto] supports-[content-visibility:auto]:[contain-intrinsic-size:auto_100lvh] R6Vx5W_threadScrollVars scroll-mb-[calc(var(--scroll-root-safe-area-inset-bottom,0px)+var(--thread-response-height))] scroll-mt-[calc(var(--header-height)+min(200px,max(70px,20svh)))]\" dir=\"auto\" data-turn-id=\"request-WEB:9b537c00-597b-4e47-ad40-e373cf35e65a-22\" data-testid=\"conversation-turn-46\" data-scroll-anchor=\"false\" data-turn=\"assistant\">\n<div class=\"text-base my-auto mx-auto pb-10 [--thread-content-margin:var(--thread-content-margin-xs,calc(var(--spacing)*4))] @w-sm\/main:[--thread-content-margin:var(--thread-content-margin-sm,calc(var(--spacing)*6))] @w-lg\/main:[--thread-content-margin:var(--thread-content-margin-lg,calc(var(--spacing)*16))] px-(--thread-content-margin)\">\n<div class=\"[--thread-content-max-width:40rem] @w-lg\/main:[--thread-content-max-width:48rem] mx-auto max-w-(--thread-content-max-width) flex-1 group\/turn-messages focus-visible:outline-hidden relative flex w-full min-w-0 flex-col agent-turn\">\n<div class=\"flex max-w-full flex-col gap-4 grow\">\n<div class=\"min-h-8 text-message relative flex w-full flex-col items-end gap-2 text-start break-words whitespace-normal outline-none keyboard-focused:focus-ring [.text-message+&amp;]:mt-1\" dir=\"auto\" data-message-author-role=\"assistant\" data-message-id=\"4a4054b2-cca9-49b7-a1e8-3172e3010bd8\" data-message-model-slug=\"gpt-5-3-mini\" data-turn-start-message=\"true\">\n<div class=\"flex w-full flex-col gap-1 empty:hidden\">\n<div class=\"markdown prose dark:prose-invert w-full wrap-break-word light markdown-new-styling\">\n<p data-start=\"556\" data-end=\"701\">La distinci\u00f3n fue recibida en custodia por la <span class=\"hover:entity-accent entity-underline inline cursor-pointer align-baseline\"><span class=\"whitespace-normal\">Academia Dominicana de la Historia<\/span><\/span>, donde ser\u00e1 exhibida junto a otras reliquias institucionales.<\/p>\n<p><a href=\"https:\/\/elnuevodiario.com.do\/abinader-condecora-postumamente-a-ulises-francisco-espaillat-con-la-orden-del-merito\/abinader-condecora-postumamente-a-ulises-francisco-espaillat-con-la-orden-del-merito-7\/\"><img loading=\"lazy\" decoding=\"async\" data-recalc-dims=\"1\" width=\"640\" height=\"427\" src=\"https:\/\/i0.wp.com\/nuevodiario-assets.s3.us-east-2.amazonaws.com\/wp-content\/uploads\/2026\/04\/Abinader-condecora-postumamente-a-Ulises-Francisco-Espaillat-con-la-Orden-del-Merito-7-scaled.jpeg?resize=640%2C427&#038;quality=100&#038;ssl=1\" class=\"attachment-full size-full not-transparent\" alt=\"\" data-has-transparency=\"false\" data-dominant-color=\"917a66\" style=\"--dominant-color: #917a66\" \/><\/a><br \/>\n<a href=\"https:\/\/elnuevodiario.com.do\/abinader-condecora-postumamente-a-ulises-francisco-espaillat-con-la-orden-del-merito\/abinader-condecora-postumamente-a-ulises-francisco-espaillat-con-la-orden-del-merito-8\/\"><img loading=\"lazy\" decoding=\"async\" data-recalc-dims=\"1\" width=\"640\" height=\"427\" src=\"https:\/\/i0.wp.com\/nuevodiario-assets.s3.us-east-2.amazonaws.com\/wp-content\/uploads\/2026\/04\/Abinader-condecora-postumamente-a-Ulises-Francisco-Espaillat-con-la-Orden-del-Merito-8-scaled.jpeg?resize=640%2C427&#038;quality=100&#038;ssl=1\" class=\"attachment-full size-full not-transparent\" alt=\"\" data-has-transparency=\"false\" data-dominant-color=\"9d8570\" style=\"--dominant-color: #9d8570\" \/><\/a><\/p>\n<p data-start=\"703\" data-end=\"1182\">El acto se realiz\u00f3 este 29 de abril, D\u00eda de la \u00c9tica, fecha en la que el mandatario destac\u00f3 que su gesti\u00f3n de gobierno se desarrolla bajo una pr\u00e1ctica cotidiana de honestidad e integridad, orientada a fortalecer el ejercicio pol\u00edtico, la gesti\u00f3n p\u00fablica y la democracia, en favor de toda la ciudadan\u00eda, promoviendo transformaci\u00f3n, justicia y dignidad en tiempos en los que, seg\u00fan dijo, la poblaci\u00f3n exige instituciones que funcionen, gobiernos que respondan y l\u00edderes coherentes.<\/p>\n<p data-start=\"1184\" data-end=\"1528\">\u201cY es ah\u00ed donde el legado de Espaillat encuentra un eco directo en el presente. Cuando impulsamos una gesti\u00f3n p\u00fablica basada en la transparencia, cuando fortalecemos los mecanismos de rendici\u00f3n de cuentas, cuando defendemos la independencia del Ministerio P\u00fablico, y promovemos que la ley se aplique sin excepciones\u201d, expres\u00f3 el jefe de Estado.<\/p>\n<p><a href=\"https:\/\/elnuevodiario.com.do\/abinader-condecora-postumamente-a-ulises-francisco-espaillat-con-la-orden-del-merito\/abinader-condecora-postumamente-a-ulises-francisco-espaillat-con-la-orden-del-merito-4\/\"><img decoding=\"async\" data-recalc-dims=\"1\" loading=\"lazy\" width=\"640\" height=\"427\" src=\"https:\/\/i0.wp.com\/nuevodiario-assets.s3.us-east-2.amazonaws.com\/wp-content\/uploads\/2026\/04\/Abinader-condecora-postumamente-a-Ulises-Francisco-Espaillat-con-la-Orden-del-Merito-4-scaled.jpeg?resize=640%2C427&#038;quality=100&#038;ssl=1\" class=\"attachment-full size-full not-transparent\" alt=\"\" data-has-transparency=\"false\" data-dominant-color=\"897360\" style=\"--dominant-color: #897360\" \/><\/a><br \/>\n<a href=\"https:\/\/elnuevodiario.com.do\/abinader-condecora-postumamente-a-ulises-francisco-espaillat-con-la-orden-del-merito\/abinader-condecora-postumamente-a-ulises-francisco-espaillat-con-la-orden-del-merito-5\/\"><img decoding=\"async\" data-recalc-dims=\"1\" loading=\"lazy\" width=\"640\" height=\"427\" src=\"https:\/\/i0.wp.com\/nuevodiario-assets.s3.us-east-2.amazonaws.com\/wp-content\/uploads\/2026\/04\/Abinader-condecora-postumamente-a-Ulises-Francisco-Espaillat-con-la-Orden-del-Merito-5-scaled.jpeg?resize=640%2C427&#038;quality=100&#038;ssl=1\" class=\"attachment-full size-full not-transparent\" alt=\"\" data-has-transparency=\"false\" data-dominant-color=\"826658\" style=\"--dominant-color: #826658\" \/><\/a><\/p>\n<p data-start=\"1530\" data-end=\"1859\">Durante la ceremonia, el presidente Abinader recibi\u00f3 tambi\u00e9n, de manos del ministro de Cultura, <span class=\"hover:entity-accent entity-underline inline cursor-pointer align-baseline\"><span class=\"whitespace-normal\">Roberto \u00c1ngel Salcedo<\/span><\/span>, una medalla conmemorativa por el sesquicentenario del gobierno de Espaillat, como reconocimiento a su compromiso con los valores democr\u00e1ticos y la preservaci\u00f3n del patrimonio hist\u00f3rico nacional.<\/p>\n<p data-start=\"1861\" data-end=\"2436\">En ese contexto, el presidente de la Academia Dominicana de la Historia reconoci\u00f3 a Abinader como uno de los estadistas que m\u00e1s ha promovido la preservaci\u00f3n del patrimonio hist\u00f3rico, resaltando obras como la rehabilitaci\u00f3n del Museo Nacional de Historia y Geograf\u00eda en la Plaza de la Cultura Juan Pablo Duarte, el Museo Horacio V\u00e1zquez en Tamboril, el Museo de Arte en Santiago, la Sala Memorial de Mayobanex Vargas en Bonao, el Museo del Oro y la Plata de Cotu\u00ed, el Museo de Historia y Tradiciones de Santiago, as\u00ed como el proyectado Museo de la Gesta de Abril, entre otros.<\/p>\n<p><a href=\"https:\/\/elnuevodiario.com.do\/abinader-condecora-postumamente-a-ulises-francisco-espaillat-con-la-orden-del-merito\/abinader-condecora-postumamente-a-ulises-francisco-espaillat-con-la-orden-del-merito-2\/\"><img decoding=\"async\" data-recalc-dims=\"1\" loading=\"lazy\" width=\"640\" height=\"427\" src=\"https:\/\/i0.wp.com\/nuevodiario-assets.s3.us-east-2.amazonaws.com\/wp-content\/uploads\/2026\/04\/Abinader-condecora-postumamente-a-Ulises-Francisco-Espaillat-con-la-Orden-del-Merito-2-scaled.jpeg?resize=640%2C427&#038;quality=100&#038;ssl=1\" class=\"attachment-full size-full not-transparent\" alt=\"\" data-has-transparency=\"false\" data-dominant-color=\"764b45\" style=\"--dominant-color: #764b45\" \/><\/a><br \/>\n<a href=\"https:\/\/elnuevodiario.com.do\/abinader-condecora-postumamente-a-ulises-francisco-espaillat-con-la-orden-del-merito\/abinader-condecora-postumamente-a-ulises-francisco-espaillat-con-la-orden-del-merito-3\/\"><img decoding=\"async\" data-recalc-dims=\"1\" loading=\"lazy\" width=\"640\" height=\"427\" src=\"https:\/\/i0.wp.com\/nuevodiario-assets.s3.us-east-2.amazonaws.com\/wp-content\/uploads\/2026\/04\/Abinader-condecora-postumamente-a-Ulises-Francisco-Espaillat-con-la-Orden-del-Merito-3-scaled.jpeg?resize=640%2C427&#038;quality=100&#038;ssl=1\" class=\"attachment-full size-full not-transparent\" alt=\"\" data-has-transparency=\"false\" data-dominant-color=\"a99985\" style=\"--dominant-color: #a99985\" \/><\/a><\/p>\n<p data-start=\"2438\" data-end=\"2932\">Asimismo, el ministro de Cultura, Roberto \u00c1ngel Salcedo, quien preside la Comisi\u00f3n para la Conmemoraci\u00f3n del sesquicentenario del gobierno de Ulises Francisco Espaillat, creada mediante el Decreto 640-25, destac\u00f3 el cumplimiento de los objetivos de esta, se\u00f1alando la realizaci\u00f3n de diversas actividades como la Feria Regional del Libro y la Cultura Cibao 2026, dedicada en gran parte a la figura del expresidente, adem\u00e1s de charlas, conferencias y la publicaci\u00f3n de obras sobre su pensamiento.<\/p>\n<p data-start=\"2934\" data-end=\"3142\" data-is-last-node=\"\" data-is-only-node=\"\">En el acto estuvieron presentes el ministro Administrativo de la Presidencia, Andr\u00e9s Bautista, y la directora de \u00c9tica e Integridad Gubernamental, Milagros Ortiz Bosch, junto a otras autoridades del Gobierno.<\/p>\n<\/div>\n<\/div>\n<\/div>\n<\/div>\n<div class=\"z-0 flex min-h-[46px] justify-start\"><\/div>\n<div class=\"mt-3 w-full empty:hidden\">\n<div class=\"text-center\"><\/div>\n<\/div>\n<\/div>\n<\/div>\n<\/section>\n<div class=\"pointer-events-none -mt-px h-px translate-y-[calc(var(--scroll-root-safe-area-inset-bottom)-14*var(--spacing))]\" aria-hidden=\"true\"><\/div>\n<\/div>\n<\/div>\n<\/div>\n<\/div>\n<\/div>\n<\/div>\n<\/section>\n<div class=\"pointer-events-none -mt-px h-px translate-y-[calc(var(--scroll-root-safe-area-inset-bottom)-14*var(--spacing))]\" aria-hidden=\"true\"><\/div>\n<p>La entrada <a href=\"https:\/\/elnuevodiario.com.do\/abinader-condecora-postumamente-a-ulises-francisco-espaillat-con-la-orden-del-merito\/\">Abinader condecora p\u00f3stumamente a Ulises Francisco Espaillat con la Orden del M\u00e9rito<\/a> se public\u00f3 primero en <a href=\"https:\/\/elnuevodiario.com.do\">El Nuevo Diario (Rep\u00fablica Dominicana)<\/a>.<\/p>\n","protected":false},"excerpt":{"rendered":"<p>EL NUEVO DIARIO, SANTO DOMINGO. -El presidente Luis Abinader encabez\u00f3 el acto de conmemoraci\u00f3n del 150 aniversario del gobierno de Ulises Francisco Espaillat, a quien calific\u00f3 como el mayor referente \u00e9tico de la naci\u00f3n dominicana, y otorg\u00f3 de manera p\u00f3stuma la Condecoraci\u00f3n de la Orden del M\u00e9rito de Duarte, S\u00e1nchez y Mella en el Grado<\/p>\n","protected":false},"author":1,"featured_media":38015,"comment_status":"open","ping_status":"open","sticky":false,"template":"","format":"standard","meta":{"footnotes":""},"categories":[1],"tags":[],"class_list":["post-38014","post","type-post","status-publish","format-standard","has-post-thumbnail","hentry","category-nacionales"],"_links":{"self":[{"href":"https:\/\/acronoticias.com\/index.php\/wp-json\/wp\/v2\/posts\/38014","targetHints":{"allow":["GET"]}}],"collection":[{"href":"https:\/\/acronoticias.com\/index.php\/wp-json\/wp\/v2\/posts"}],"about":[{"href":"https:\/\/acronoticias.com\/index.php\/wp-json\/wp\/v2\/types\/post"}],"author":[{"embeddable":true,"href":"https:\/\/acronoticias.com\/index.php\/wp-json\/wp\/v2\/users\/1"}],"replies":[{"embeddable":true,"href":"https:\/\/acronoticias.com\/index.php\/wp-json\/wp\/v2\/comments?post=38014"}],"version-history":[{"count":0,"href":"https:\/\/acronoticias.com\/index.php\/wp-json\/wp\/v2\/posts\/38014\/revisions"}],"wp:featuredmedia":[{"embeddable":true,"href":"https:\/\/acronoticias.com\/index.php\/wp-json\/wp\/v2\/media\/38015"}],"wp:attachment":[{"href":"https:\/\/acronoticias.com\/index.php\/wp-json\/wp\/v2\/media?parent=38014"}],"wp:term":[{"taxonomy":"category","embeddable":true,"href":"https:\/\/acronoticias.com\/index.php\/wp-json\/wp\/v2\/categories?post=38014"},{"taxonomy":"post_tag","embeddable":true,"href":"https:\/\/acronoticias.com\/index.php\/wp-json\/wp\/v2\/tags?post=38014"}],"curies":[{"name":"wp","href":"https:\/\/api.w.org\/{rel}","templated":true}]}}