{"id":38012,"date":"2026-04-30T01:03:34","date_gmt":"2026-04-30T01:03:34","guid":{"rendered":"https:\/\/acronoticias.com\/index.php\/2026\/04\/30\/petro-propone-a-noboa-un-encuentro-fronterizo-y-le-pide-que-deje-de-creer-en-mentiras\/"},"modified":"2026-04-30T01:03:34","modified_gmt":"2026-04-30T01:03:34","slug":"petro-propone-a-noboa-un-encuentro-fronterizo-y-le-pide-que-deje-de-creer-en-mentiras","status":"publish","type":"post","link":"https:\/\/acronoticias.com\/index.php\/2026\/04\/30\/petro-propone-a-noboa-un-encuentro-fronterizo-y-le-pide-que-deje-de-creer-en-mentiras\/","title":{"rendered":"Petro propone a Noboa un encuentro fronterizo y le pide que \u00abdeje de creer en mentiras\u00bb"},"content":{"rendered":"<p><strong>Bogot\u00e1.-<\/strong> El presidente de Colombia, <strong>Gustavo Petro<\/strong>, propuso este mi\u00e9rcoles a su hom\u00f3logo de Ecuador, <strong>Daniel Noboa<\/strong>, realizar un encuentro en la frontera com\u00fan para abordar las tensiones bilaterales entre ambos pa\u00edses.<\/p>\n<p>La iniciativa surge luego de que <strong>Noboa<\/strong> acusara al Gobierno colombiano de estar relacionado con una supuesta incursi\u00f3n de grupos guerrilleros en territorio ecuatoriano.<\/p>\n<p>Petro respondi\u00f3 a trav\u00e9s de la<strong> red social X<\/strong>, invitando al mandatario ecuatoriano a dialogar directamente en la zona lim\u00edtrofe para \u201cconstruir la paz\u201d en los territorios fronterizos.<\/p>\n<figure class=\"wp-block-image size-full\"><img loading=\"lazy\" decoding=\"async\" width=\"2560\" height=\"1707\" src=\"https:\/\/multimedia.noticiassin.com\/wp-content\/uploads\/2026\/04\/petro-propone-a-noboa-un-encuentro-fronterizo-y-le-pide-que-deje-de-creer-en-me-20260429-230733-ACw4-scaled.png\" alt=\"\" class=\"wp-image-1989043\" \/><\/figure>\n<h3 class=\"wp-block-heading\">Intercambio de acusaciones entre gobiernos<\/h3>\n<h3 class=\"wp-block-heading\">Tensi\u00f3n creciente en la frontera colombo-ecuatoriana<\/h3>\n<p>El presidente colombiano rechaz\u00f3 las acusaciones y pidi\u00f3 a Noboa no dar credibilidad a lo que calific\u00f3 como <strong>informaci\u00f3n falsa<\/strong>, insistiendo en la necesidad de cooperaci\u00f3n bilateral.<\/p>\n<p>El cruce de declaraciones refleja el aumento de la <strong>tensi\u00f3n diplom\u00e1tica<\/strong> entre ambos pa\u00edses en las \u00faltimas semanas.<\/p>\n<p>El conflicto se intensific\u00f3 tras la decisi\u00f3n de Ecuador de imponer <strong>aranceles a productos colombianos<\/strong>, argumentando falta de colaboraci\u00f3n en materia de seguridad fronteriza.<\/p>\n<p>Esta medida fue interpretada por<strong> Bogot\u00e1 <\/strong>como un retroceso en la relaci\u00f3n comercial y pol\u00edtica entre ambos Estados.<\/p>\n<p>Las autoridades de ambos pa\u00edses han mantenido contactos limitados en medio de un clima de <strong>desconfianza creciente<\/strong> en la zona fronteriza.<\/p>\n<p>La situaci\u00f3n actual se suma a antecedentes de <strong>conflictos fronterizos y operativos de seguridad compartidos<\/strong>, que han sido recurrentes en la relaci\u00f3n bilateral.<\/p>\n<ul class=\"wp-block-list\">\n<li>El llamado al di\u00e1logo directo de Petro busca reducir la tensi\u00f3n y evitar una escalada mayor en la regi\u00f3n andina.<\/li>\n<\/ul>\n<p><strong>Las relaciones entre Colombia y Ecuador<\/strong> han estado marcadas hist\u00f3ricamente por episodios de cooperaci\u00f3n en materia de seguridad fronteriza, pero tambi\u00e9n por crisis diplom\u00e1ticas recurrentes vinculadas a la presencia de grupos armados ilegales en la zona lim\u00edtrofe.<\/p>\n<p>Ambos pa\u00edses comparten una extensa frontera en la regi\u00f3n andina y amaz\u00f3nica, lo que ha facilitado el <strong>tr\u00e1nsito de econom\u00edas ilegales, desplazamientos y operaciones de control militar conjunto<\/strong> en distintos periodos.<\/p>\n<p>En las \u00faltimas d\u00e9cadas, uno de los factores m\u00e1s sensibles ha sido la presencia de <strong>grupos guerrilleros y estructuras del crimen organizado<\/strong>, que operan en zonas de dif\u00edcil acceso y afectan la estabilidad binacional.<\/p>\n","protected":false},"excerpt":{"rendered":"<p>Bogot\u00e1.- El presidente de Colombia, Gustavo Petro, propuso este mi\u00e9rcoles a su hom\u00f3logo de Ecuador, Daniel Noboa, realizar un encuentro en la frontera com\u00fan para abordar las tensiones bilaterales entre ambos pa\u00edses. La iniciativa surge luego de que Noboa acusara al Gobierno colombiano de estar relacionado con una supuesta incursi\u00f3n de grupos guerrilleros en territorio<\/p>\n","protected":false},"author":1,"featured_media":38013,"comment_status":"open","ping_status":"open","sticky":false,"template":"","format":"standard","meta":{"footnotes":""},"categories":[3],"tags":[],"class_list":["post-38012","post","type-post","status-publish","format-standard","has-post-thumbnail","hentry","category-internacionales"],"_links":{"self":[{"href":"https:\/\/acronoticias.com\/index.php\/wp-json\/wp\/v2\/posts\/38012","targetHints":{"allow":["GET"]}}],"collection":[{"href":"https:\/\/acronoticias.com\/index.php\/wp-json\/wp\/v2\/posts"}],"about":[{"href":"https:\/\/acronoticias.com\/index.php\/wp-json\/wp\/v2\/types\/post"}],"author":[{"embeddable":true,"href":"https:\/\/acronoticias.com\/index.php\/wp-json\/wp\/v2\/users\/1"}],"replies":[{"embeddable":true,"href":"https:\/\/acronoticias.com\/index.php\/wp-json\/wp\/v2\/comments?post=38012"}],"version-history":[{"count":0,"href":"https:\/\/acronoticias.com\/index.php\/wp-json\/wp\/v2\/posts\/38012\/revisions"}],"wp:featuredmedia":[{"embeddable":true,"href":"https:\/\/acronoticias.com\/index.php\/wp-json\/wp\/v2\/media\/38013"}],"wp:attachment":[{"href":"https:\/\/acronoticias.com\/index.php\/wp-json\/wp\/v2\/media?parent=38012"}],"wp:term":[{"taxonomy":"category","embeddable":true,"href":"https:\/\/acronoticias.com\/index.php\/wp-json\/wp\/v2\/categories?post=38012"},{"taxonomy":"post_tag","embeddable":true,"href":"https:\/\/acronoticias.com\/index.php\/wp-json\/wp\/v2\/tags?post=38012"}],"curies":[{"name":"wp","href":"https:\/\/api.w.org\/{rel}","templated":true}]}}