{"id":38010,"date":"2026-04-30T00:56:49","date_gmt":"2026-04-30T00:56:49","guid":{"rendered":"https:\/\/acronoticias.com\/index.php\/2026\/04\/30\/intensas-lluvias-provocan-inundaciones-en-zonas-de-la-vega-con-acumulados-de-hasta-40-milimetros\/"},"modified":"2026-04-30T00:56:49","modified_gmt":"2026-04-30T00:56:49","slug":"intensas-lluvias-provocan-inundaciones-en-zonas-de-la-vega-con-acumulados-de-hasta-40-milimetros","status":"publish","type":"post","link":"https:\/\/acronoticias.com\/index.php\/2026\/04\/30\/intensas-lluvias-provocan-inundaciones-en-zonas-de-la-vega-con-acumulados-de-hasta-40-milimetros\/","title":{"rendered":"Intensas lluvias provocan inundaciones en zonas de La Vega con acumulados de hasta 40 mil\u00edmetros"},"content":{"rendered":"<p><img decoding=\"async\" width=\"355\" height=\"200\" src=\"https:\/\/nuevodiario-assets.s3.us-east-2.amazonaws.com\/wp-content\/uploads\/2026\/04\/LA-VEGA-355x200.jpg\" class=\"webfeedsFeaturedVisual not-transparent wp-post-image\" alt=\"\" style=\"--dominant-color: #948e76;margin-bottom: 5px;clear:both;max-width: 100%\" loading=\"lazy\" data-has-transparency=\"false\" data-dominant-color=\"948e76\" \/><\/p>\n<section class=\"text-token-text-primary w-full focus:outline-none [--shadow-height:45px] has-data-writing-block:pointer-events-none has-data-writing-block:-mt-(--shadow-height) has-data-writing-block:pt-(--shadow-height) [&amp;:has([data-writing-block])&gt;*]:pointer-events-auto [content-visibility:auto] supports-[content-visibility:auto]:[contain-intrinsic-size:auto_100lvh] R6Vx5W_threadScrollVars scroll-mb-[calc(var(--scroll-root-safe-area-inset-bottom,0px)+var(--thread-response-height))] scroll-mt-[calc(var(--header-height)+min(200px,max(70px,20svh)))]\" dir=\"auto\" data-turn-id=\"request-WEB:9b537c00-597b-4e47-ad40-e373cf35e65a-17\" data-testid=\"conversation-turn-36\" data-scroll-anchor=\"false\" data-turn=\"assistant\">\n<div class=\"text-base my-auto mx-auto pb-10 [--thread-content-margin:var(--thread-content-margin-xs,calc(var(--spacing)*4))] @w-sm\/main:[--thread-content-margin:var(--thread-content-margin-sm,calc(var(--spacing)*6))] @w-lg\/main:[--thread-content-margin:var(--thread-content-margin-lg,calc(var(--spacing)*16))] px-(--thread-content-margin)\">\n<div class=\"[--thread-content-max-width:40rem] @w-lg\/main:[--thread-content-max-width:48rem] mx-auto max-w-(--thread-content-max-width) flex-1 group\/turn-messages focus-visible:outline-hidden relative flex w-full min-w-0 flex-col agent-turn\">\n<div class=\"flex max-w-full flex-col gap-4 grow\">\n<div class=\"min-h-8 text-message relative flex w-full flex-col items-end gap-2 text-start break-words whitespace-normal outline-none keyboard-focused:focus-ring [.text-message+&amp;]:mt-1\" dir=\"auto\" data-message-author-role=\"assistant\" data-message-id=\"2df9db25-6044-45b7-86dc-8eb8ea6b6544\" data-message-model-slug=\"gpt-5-3-mini\" data-turn-start-message=\"true\">\n<div class=\"flex w-full flex-col gap-1 empty:hidden\">\n<div class=\"markdown prose dark:prose-invert w-full wrap-break-word light markdown-new-styling\">\n<p data-start=\"127\" data-end=\"349\">EL NUEVO DIARIO, LA VEGA .\u2013 Fuertes lluvias registradas este mi\u00e9rcoles mantienen varias zonas de la provincia de <span class=\"hover:entity-accent entity-underline inline cursor-pointer align-baseline\"><span class=\"whitespace-normal\">La Vega<\/span><\/span> bajo condiciones de anegamiento, debido a la alta intensidad de las precipitaciones.<\/p>\n<p data-start=\"351\" data-end=\"601\">De acuerdo con reportes meteorol\u00f3gicos, en algunos sectores se han registrado hasta 37 mil\u00edmetros de lluvia por hora, acumulando alrededor de 40 mil\u00edmetros en pocas horas, lo que ha provocado el desbordamiento de agua en calles y \u00e1reas residenciales.<\/p>\n<p><a href=\"https:\/\/elnuevodiario.com.do\/intensas-lluvias-provocan-inundaciones-en-zonas-de-la-vega-con-acumulados-de-hasta-40-milimetros\/intensas-lluvias-provocan-inundaciones-en-zonas-de-la-vega-con-acumulados-de-hasta-40-milimetros-1\/\"><img loading=\"lazy\" decoding=\"async\" data-recalc-dims=\"1\" width=\"640\" height=\"1138\" src=\"https:\/\/i0.wp.com\/nuevodiario-assets.s3.us-east-2.amazonaws.com\/wp-content\/uploads\/2026\/04\/Intensas-lluvias-provocan-inundaciones-en-zonas-de-La-Vega-con-acumulados-de-hasta-40-milimetros-1.jpeg?resize=640%2C1138&#038;quality=100&#038;ssl=1\" class=\"attachment-full size-full not-transparent\" alt=\"\" data-has-transparency=\"false\" data-dominant-color=\"788172\" style=\"--dominant-color: #788172\" \/><\/a><br \/>\n<a href=\"https:\/\/elnuevodiario.com.do\/intensas-lluvias-provocan-inundaciones-en-zonas-de-la-vega-con-acumulados-de-hasta-40-milimetros\/intensas-lluvias-provocan-inundaciones-en-zonas-de-la-vega-con-acumulados-de-hasta-40-milimetros-2\/\"><img loading=\"lazy\" decoding=\"async\" data-recalc-dims=\"1\" width=\"640\" height=\"1081\" src=\"https:\/\/i0.wp.com\/nuevodiario-assets.s3.us-east-2.amazonaws.com\/wp-content\/uploads\/2026\/04\/Intensas-lluvias-provocan-inundaciones-en-zonas-de-La-Vega-con-acumulados-de-hasta-40-milimetros-2.jpeg?resize=640%2C1081&#038;quality=100&#038;ssl=1\" class=\"attachment-full size-full not-transparent\" alt=\"\" data-has-transparency=\"false\" data-dominant-color=\"8a8988\" style=\"--dominant-color: #8a8988\" \/><\/a><\/p>\n<p data-start=\"603\" data-end=\"828\">En im\u00e1genes enviadas a esta redacci\u00f3n se observa c\u00f3mo calles y viviendas permanecen inundadas, dificultando el tr\u00e1nsito vehicular y peatonal, mientras residentes intentan proteger sus pertenencias ante la acumulaci\u00f3n de agua.<\/p>\n<p data-start=\"830\" data-end=\"974\">\n<\/div>\n<\/div>\n<\/div>\n<\/div>\n<div class=\"mt-3 w-full empty:hidden\">\n<div class=\"text-center\"><\/div>\n<\/div>\n<\/div>\n<\/div>\n<\/section>\n<div class=\"pointer-events-none -mt-px h-px translate-y-[calc(var(--scroll-root-safe-area-inset-bottom)-14*var(--spacing))]\" aria-hidden=\"true\"><\/div>\n<p>La entrada <a href=\"https:\/\/elnuevodiario.com.do\/intensas-lluvias-provocan-inundaciones-en-zonas-de-la-vega-con-acumulados-de-hasta-40-milimetros\/\">Intensas lluvias provocan inundaciones en zonas de La Vega con acumulados de hasta 40 mil\u00edmetros<\/a> se public\u00f3 primero en <a href=\"https:\/\/elnuevodiario.com.do\">El Nuevo Diario (Rep\u00fablica Dominicana)<\/a>.<\/p>\n","protected":false},"excerpt":{"rendered":"<p>EL NUEVO DIARIO, LA VEGA .\u2013 Fuertes lluvias registradas este mi\u00e9rcoles mantienen varias zonas de la provincia de La Vega bajo condiciones de anegamiento, debido a la alta intensidad de las precipitaciones. De acuerdo con reportes meteorol\u00f3gicos, en algunos sectores se han registrado hasta 37 mil\u00edmetros de lluvia por hora, acumulando alrededor de 40 mil\u00edmetros<\/p>\n","protected":false},"author":1,"featured_media":38011,"comment_status":"open","ping_status":"open","sticky":false,"template":"","format":"standard","meta":{"footnotes":""},"categories":[1],"tags":[],"class_list":["post-38010","post","type-post","status-publish","format-standard","has-post-thumbnail","hentry","category-nacionales"],"_links":{"self":[{"href":"https:\/\/acronoticias.com\/index.php\/wp-json\/wp\/v2\/posts\/38010","targetHints":{"allow":["GET"]}}],"collection":[{"href":"https:\/\/acronoticias.com\/index.php\/wp-json\/wp\/v2\/posts"}],"about":[{"href":"https:\/\/acronoticias.com\/index.php\/wp-json\/wp\/v2\/types\/post"}],"author":[{"embeddable":true,"href":"https:\/\/acronoticias.com\/index.php\/wp-json\/wp\/v2\/users\/1"}],"replies":[{"embeddable":true,"href":"https:\/\/acronoticias.com\/index.php\/wp-json\/wp\/v2\/comments?post=38010"}],"version-history":[{"count":0,"href":"https:\/\/acronoticias.com\/index.php\/wp-json\/wp\/v2\/posts\/38010\/revisions"}],"wp:featuredmedia":[{"embeddable":true,"href":"https:\/\/acronoticias.com\/index.php\/wp-json\/wp\/v2\/media\/38011"}],"wp:attachment":[{"href":"https:\/\/acronoticias.com\/index.php\/wp-json\/wp\/v2\/media?parent=38010"}],"wp:term":[{"taxonomy":"category","embeddable":true,"href":"https:\/\/acronoticias.com\/index.php\/wp-json\/wp\/v2\/categories?post=38010"},{"taxonomy":"post_tag","embeddable":true,"href":"https:\/\/acronoticias.com\/index.php\/wp-json\/wp\/v2\/tags?post=38010"}],"curies":[{"name":"wp","href":"https:\/\/api.w.org\/{rel}","templated":true}]}}