{"id":38008,"date":"2026-04-30T00:40:35","date_gmt":"2026-04-30T00:40:35","guid":{"rendered":"https:\/\/acronoticias.com\/index.php\/2026\/04\/30\/videos-centro-de-jamao-al-norte-registra-fuertes-inundaciones-tras-intensas-lluvias\/"},"modified":"2026-04-30T00:40:35","modified_gmt":"2026-04-30T00:40:35","slug":"videos-centro-de-jamao-al-norte-registra-fuertes-inundaciones-tras-intensas-lluvias","status":"publish","type":"post","link":"https:\/\/acronoticias.com\/index.php\/2026\/04\/30\/videos-centro-de-jamao-al-norte-registra-fuertes-inundaciones-tras-intensas-lluvias\/","title":{"rendered":"(VIDEOS) Centro de Jamao al Norte registra fuertes inundaciones tras intensas lluvias"},"content":{"rendered":"<p><img loading=\"lazy\" decoding=\"async\" width=\"355\" height=\"200\" src=\"https:\/\/nuevodiario-assets.s3.us-east-2.amazonaws.com\/wp-content\/uploads\/2026\/04\/Centro-de-Jamao-al-Norte-registra-fuertes-inundaciones-tras-intensas-lluvias-355x200.jpg\" class=\"webfeedsFeaturedVisual not-transparent wp-post-image\" alt=\"\" style=\"--dominant-color: #645e4e;margin-bottom: 5px;clear:both;max-width: 100%\" data-has-transparency=\"false\" data-dominant-color=\"645e4e\" \/><\/p>\n<p data-start=\"132\" data-end=\"388\">EL NUEVO DIARIO, ESPAILLAT.\u2013 El centro del distrito de <span class=\"hover:entity-accent entity-underline inline cursor-pointer align-baseline\"><span class=\"whitespace-normal\">Jamao al Norte<\/span><\/span> se encuentra severamente inundado este mi\u00e9rcoles, luego de las intensas lluvias registradas en la zona, que han provocado anegamientos en calles y afectaciones a la movilidad.<\/p>\n<p data-start=\"390\" data-end=\"663\">De acuerdo con videos enviados a esta redacci\u00f3n, se observa c\u00f3mo varias v\u00edas del casco urbano permanecen bajo agua, dificultando el tr\u00e1nsito de veh\u00edculos y peatones, mientras residentes describen la situaci\u00f3n como una de las inundaciones m\u00e1s fuertes registradas en el \u00e1rea.<\/p>\n<p data-start=\"665\" data-end=\"864\">En las im\u00e1genes se aprecia el alto nivel de agua acumulada en distintos puntos del centro del poblado, lo que ha generado preocupaci\u00f3n entre comunitarios ante posibles da\u00f1os en viviendas y comercios.<\/p>\n<p><a href=\"https:\/\/videos.files.wordpress.com\/699KJU6j\/centro-de-jamao-al-norte-registra-fuertes-inundaciones-tras-intensas-lluvias-1.mp4\">centro-de-jamao-al-norte-registra-fuertes-inundaciones-tras-intensas-lluvias-1-mp4<\/a><br \/>\n<a href=\"https:\/\/videos.files.wordpress.com\/MjAHWi57\/centro-de-jamao-al-norte-registra-fuertes-inundaciones-tras-intensas-lluvias-2.mp4\">centro-de-jamao-al-norte-registra-fuertes-inundaciones-tras-intensas-lluvias-2-mp4<\/a><br \/>\n<a href=\"https:\/\/videos.files.wordpress.com\/cNqdlW3h\/centro-de-jamao-al-norte-registra-fuertes-inundaciones-tras-intensas-lluvias-3.mp4\">centro-de-jamao-al-norte-registra-fuertes-inundaciones-tras-intensas-lluvias-3-mp4<\/a><br \/>\n<a href=\"https:\/\/videos.files.wordpress.com\/kIBQd2Yi\/centro-de-jamao-al-norte-registra-fuertes-inundaciones-tras-intensas-lluvias-4.mp4\">centro-de-jamao-al-norte-registra-fuertes-inundaciones-tras-intensas-lluvias-4-mp4<\/a><\/p>\n<p>La entrada <a href=\"https:\/\/elnuevodiario.com.do\/videos-centro-de-jamao-al-norte-registra-fuertes-inundaciones-tras-intensas-lluvias\/\">(VIDEOS) Centro de Jamao al Norte registra fuertes inundaciones tras intensas lluvias<\/a> se public\u00f3 primero en <a href=\"https:\/\/elnuevodiario.com.do\">El Nuevo Diario (Rep\u00fablica Dominicana)<\/a>.<\/p>\n","protected":false},"excerpt":{"rendered":"<p>EL NUEVO DIARIO, ESPAILLAT.\u2013 El centro del distrito de Jamao al Norte se encuentra severamente inundado este mi\u00e9rcoles, luego de las intensas lluvias registradas en la zona, que han provocado anegamientos en calles y afectaciones a la movilidad. De acuerdo con videos enviados a esta redacci\u00f3n, se observa c\u00f3mo varias v\u00edas del casco urbano permanecen<\/p>\n","protected":false},"author":1,"featured_media":38009,"comment_status":"open","ping_status":"open","sticky":false,"template":"","format":"standard","meta":{"footnotes":""},"categories":[1],"tags":[],"class_list":["post-38008","post","type-post","status-publish","format-standard","has-post-thumbnail","hentry","category-nacionales"],"_links":{"self":[{"href":"https:\/\/acronoticias.com\/index.php\/wp-json\/wp\/v2\/posts\/38008","targetHints":{"allow":["GET"]}}],"collection":[{"href":"https:\/\/acronoticias.com\/index.php\/wp-json\/wp\/v2\/posts"}],"about":[{"href":"https:\/\/acronoticias.com\/index.php\/wp-json\/wp\/v2\/types\/post"}],"author":[{"embeddable":true,"href":"https:\/\/acronoticias.com\/index.php\/wp-json\/wp\/v2\/users\/1"}],"replies":[{"embeddable":true,"href":"https:\/\/acronoticias.com\/index.php\/wp-json\/wp\/v2\/comments?post=38008"}],"version-history":[{"count":0,"href":"https:\/\/acronoticias.com\/index.php\/wp-json\/wp\/v2\/posts\/38008\/revisions"}],"wp:featuredmedia":[{"embeddable":true,"href":"https:\/\/acronoticias.com\/index.php\/wp-json\/wp\/v2\/media\/38009"}],"wp:attachment":[{"href":"https:\/\/acronoticias.com\/index.php\/wp-json\/wp\/v2\/media?parent=38008"}],"wp:term":[{"taxonomy":"category","embeddable":true,"href":"https:\/\/acronoticias.com\/index.php\/wp-json\/wp\/v2\/categories?post=38008"},{"taxonomy":"post_tag","embeddable":true,"href":"https:\/\/acronoticias.com\/index.php\/wp-json\/wp\/v2\/tags?post=38008"}],"curies":[{"name":"wp","href":"https:\/\/api.w.org\/{rel}","templated":true}]}}