{"id":38002,"date":"2026-04-30T00:07:37","date_gmt":"2026-04-30T00:07:37","guid":{"rendered":"https:\/\/acronoticias.com\/index.php\/2026\/04\/30\/videos-reportan-fuerte-crecida-de-rios-y-afluentes-en-puerto-plata-autoridades-advierten-de-posible-evacuacion\/"},"modified":"2026-04-30T00:07:37","modified_gmt":"2026-04-30T00:07:37","slug":"videos-reportan-fuerte-crecida-de-rios-y-afluentes-en-puerto-plata-autoridades-advierten-de-posible-evacuacion","status":"publish","type":"post","link":"https:\/\/acronoticias.com\/index.php\/2026\/04\/30\/videos-reportan-fuerte-crecida-de-rios-y-afluentes-en-puerto-plata-autoridades-advierten-de-posible-evacuacion\/","title":{"rendered":"(VIDEOS) Reportan fuerte crecida de r\u00edos y afluentes en Puerto Plata; autoridades advierten de posible evacuaci\u00f3n"},"content":{"rendered":"<p><img loading=\"lazy\" decoding=\"async\" width=\"355\" height=\"200\" src=\"https:\/\/nuevodiario-assets.s3.us-east-2.amazonaws.com\/wp-content\/uploads\/2026\/04\/Inundaciones-Puerto-Plata-355x200.jpg\" class=\"webfeedsFeaturedVisual not-transparent wp-post-image\" alt=\"\" style=\"--dominant-color: #645e4e;margin-bottom: 5px;clear:both;max-width: 100%\" data-has-transparency=\"false\" data-dominant-color=\"645e4e\" \/><\/p>\n<p data-start=\"129\" data-end=\"394\">EL NUEVO DIARIO, PUERTO PLATA.\u2013 La Defensa Civil de la provincia de <span class=\"hover:entity-accent entity-underline inline cursor-pointer align-baseline\"><span class=\"whitespace-normal\">Puerto Plata<\/span><\/span> inform\u00f3 sobre una fuerte crecida de todos los afluentes en el municipio de <span class=\"hover:entity-accent entity-underline inline cursor-pointer align-baseline\"><span class=\"whitespace-normal\">Montellano<\/span><\/span>, producto de las lluvias registradas en las \u00faltimas horas.<\/p>\n<p data-start=\"396\" data-end=\"596\">Las autoridades alertaron a la poblaci\u00f3n de varios sectores que deben mantenerse en estado de alerta y listos para una posible evacuaci\u00f3n inmediata, debido al riesgo de inundaciones y desbordamientos.<\/p>\n<p data-start=\"598\" data-end=\"790\">Entre las comunidades se\u00f1aladas se encuentran Los Ciruelo, Pancho Mateo, Buen Pan, El Tamarido, Cam\u00fa, El Saman, Los P\u00e9rez, Los G\u00f3mez, Monte Bravo, as\u00ed como otros sectores pr\u00f3ximos al r\u00edo Cam\u00fa.<\/p>\n<p data-start=\"792\" data-end=\"967\">De acuerdo con el informe, en estos momentos se registran crecidas peligrosas de r\u00edos, ca\u00f1adas y arroyos, lo que representa una situaci\u00f3n de riesgo para las zonas vulnerables.<\/p>\n<p data-start=\"969\" data-end=\"1211\" data-is-last-node=\"\" data-is-only-node=\"\">La Defensa Civil exhort\u00f3 a los residentes a mantenerse atentos a las indicaciones oficiales y a colaborar con las autoridades en caso de ser necesaria una evacuaci\u00f3n preventiva, con el objetivo de salvaguardar vidas ante posibles emergencias.<\/p>\n<p><a href=\"https:\/\/videos.files.wordpress.com\/6UWLKZCi\/reportan-fuerte-crecida-de-rios-y-afluentes-en-puerto-plata-autoridades-llaman-a-posible-evacuacion-1.mp4\">reportan-fuerte-crecida-de-rios-y-afluentes-en-puerto-plata-autoridades-llaman-a-posible-evacuacion-1-mp4<\/a><br \/>\n<a href=\"https:\/\/videos.files.wordpress.com\/NjPw5UJs\/reportan-fuerte-crecida-de-rios-y-afluentes-en-puerto-plata-autoridades-llaman-a-posible-evacuacion-2.mp4\">reportan-fuerte-crecida-de-rios-y-afluentes-en-puerto-plata-autoridades-llaman-a-posible-evacuacion-2-mp4<\/a><br \/>\n<a href=\"https:\/\/videos.files.wordpress.com\/a92jx2Z1\/reportan-fuerte-crecida-de-rios-y-afluentes-en-puerto-plata-autoridades-llaman-a-posible-evacuacion-3.mp4\">reportan-fuerte-crecida-de-rios-y-afluentes-en-puerto-plata-autoridades-llaman-a-posible-evacuacion-3-mp4<\/a><br \/>\n<a href=\"https:\/\/videos.files.wordpress.com\/In40ZBZ8\/reportan-fuerte-crecida-de-rios-y-afluentes-en-puerto-plata-autoridades-llaman-a-posible-evacuacion-4.mp4\">reportan-fuerte-crecida-de-rios-y-afluentes-en-puerto-plata-autoridades-llaman-a-posible-evacuacion-4-mp4<\/a><br \/>\n<a href=\"https:\/\/videos.files.wordpress.com\/he0RkQOF\/reportan-fuerte-crecida-de-rios-y-afluentes-en-puerto-plata-autoridades-llaman-a-posible-evacuacion-5.mp4\">reportan-fuerte-crecida-de-rios-y-afluentes-en-puerto-plata-autoridades-llaman-a-posible-evacuacion-5-mp4<\/a><\/p>\n<p>La entrada <a href=\"https:\/\/elnuevodiario.com.do\/videos-reportan-fuerte-crecida-de-rios-y-afluentes-en-puerto-plata-autoridades-llaman-a-posible-evacuacion\/\">(VIDEOS) Reportan fuerte crecida de r\u00edos y afluentes en Puerto Plata; autoridades advierten de posible evacuaci\u00f3n<\/a> se public\u00f3 primero en <a href=\"https:\/\/elnuevodiario.com.do\">El Nuevo Diario (Rep\u00fablica Dominicana)<\/a>.<\/p>\n","protected":false},"excerpt":{"rendered":"<p>EL NUEVO DIARIO, PUERTO PLATA.\u2013 La Defensa Civil de la provincia de Puerto Plata inform\u00f3 sobre una fuerte crecida de todos los afluentes en el municipio de Montellano, producto de las lluvias registradas en las \u00faltimas horas. Las autoridades alertaron a la poblaci\u00f3n de varios sectores que deben mantenerse en estado de alerta y listos<\/p>\n","protected":false},"author":1,"featured_media":38003,"comment_status":"open","ping_status":"open","sticky":false,"template":"","format":"standard","meta":{"footnotes":""},"categories":[1],"tags":[],"class_list":["post-38002","post","type-post","status-publish","format-standard","has-post-thumbnail","hentry","category-nacionales"],"_links":{"self":[{"href":"https:\/\/acronoticias.com\/index.php\/wp-json\/wp\/v2\/posts\/38002","targetHints":{"allow":["GET"]}}],"collection":[{"href":"https:\/\/acronoticias.com\/index.php\/wp-json\/wp\/v2\/posts"}],"about":[{"href":"https:\/\/acronoticias.com\/index.php\/wp-json\/wp\/v2\/types\/post"}],"author":[{"embeddable":true,"href":"https:\/\/acronoticias.com\/index.php\/wp-json\/wp\/v2\/users\/1"}],"replies":[{"embeddable":true,"href":"https:\/\/acronoticias.com\/index.php\/wp-json\/wp\/v2\/comments?post=38002"}],"version-history":[{"count":0,"href":"https:\/\/acronoticias.com\/index.php\/wp-json\/wp\/v2\/posts\/38002\/revisions"}],"wp:featuredmedia":[{"embeddable":true,"href":"https:\/\/acronoticias.com\/index.php\/wp-json\/wp\/v2\/media\/38003"}],"wp:attachment":[{"href":"https:\/\/acronoticias.com\/index.php\/wp-json\/wp\/v2\/media?parent=38002"}],"wp:term":[{"taxonomy":"category","embeddable":true,"href":"https:\/\/acronoticias.com\/index.php\/wp-json\/wp\/v2\/categories?post=38002"},{"taxonomy":"post_tag","embeddable":true,"href":"https:\/\/acronoticias.com\/index.php\/wp-json\/wp\/v2\/tags?post=38002"}],"curies":[{"name":"wp","href":"https:\/\/api.w.org\/{rel}","templated":true}]}}