{"id":37998,"date":"2026-04-29T23:51:49","date_gmt":"2026-04-29T23:51:49","guid":{"rendered":"https:\/\/acronoticias.com\/index.php\/2026\/04\/29\/video-fuertes-inundaciones-en-santiago-rodriguez-por-efectos-de-vaguada\/"},"modified":"2026-04-29T23:51:49","modified_gmt":"2026-04-29T23:51:49","slug":"video-fuertes-inundaciones-en-santiago-rodriguez-por-efectos-de-vaguada","status":"publish","type":"post","link":"https:\/\/acronoticias.com\/index.php\/2026\/04\/29\/video-fuertes-inundaciones-en-santiago-rodriguez-por-efectos-de-vaguada\/","title":{"rendered":"(VIDEO) Fuertes inundaciones  en Santiago Rodr\u00edguez por efectos de vaguada"},"content":{"rendered":"<p><img loading=\"lazy\" decoding=\"async\" width=\"355\" height=\"200\" src=\"https:\/\/nuevodiario-assets.s3.us-east-2.amazonaws.com\/wp-content\/uploads\/2026\/04\/Santiago-END.jpg-355x200.jpeg\" class=\"webfeedsFeaturedVisual not-transparent wp-post-image\" alt=\"\" style=\"--dominant-color: #714848;margin-bottom: 5px;clear:both;max-width: 100%\" data-has-transparency=\"false\" data-dominant-color=\"714848\" \/><\/p>\n<section class=\"text-token-text-primary w-full focus:outline-none [--shadow-height:45px] has-data-writing-block:pointer-events-none has-data-writing-block:-mt-(--shadow-height) has-data-writing-block:pt-(--shadow-height) [&amp;:has([data-writing-block])&gt;*]:pointer-events-auto [content-visibility:auto] supports-[content-visibility:auto]:[contain-intrinsic-size:auto_100lvh] R6Vx5W_threadScrollVars scroll-mb-[calc(var(--scroll-root-safe-area-inset-bottom,0px)+var(--thread-response-height))] scroll-mt-[calc(var(--header-height)+min(200px,max(70px,20svh)))]\" dir=\"auto\" data-turn-id=\"request-WEB:9b537c00-597b-4e47-ad40-e373cf35e65a-13\" data-testid=\"conversation-turn-28\" data-scroll-anchor=\"false\" data-turn=\"assistant\">\n<div class=\"text-base my-auto mx-auto pb-10 [--thread-content-margin:var(--thread-content-margin-xs,calc(var(--spacing)*4))] @w-sm\/main:[--thread-content-margin:var(--thread-content-margin-sm,calc(var(--spacing)*6))] @w-lg\/main:[--thread-content-margin:var(--thread-content-margin-lg,calc(var(--spacing)*16))] px-(--thread-content-margin)\">\n<div class=\"[--thread-content-max-width:40rem] @w-lg\/main:[--thread-content-max-width:48rem] mx-auto max-w-(--thread-content-max-width) flex-1 group\/turn-messages focus-visible:outline-hidden relative flex w-full min-w-0 flex-col agent-turn\">\n<div class=\"flex max-w-full flex-col gap-4 grow\">\n<div class=\"min-h-8 text-message relative flex w-full flex-col items-end gap-2 text-start break-words whitespace-normal outline-none keyboard-focused:focus-ring [.text-message+&amp;]:mt-1\" dir=\"auto\" data-message-author-role=\"assistant\" data-message-id=\"989fb1d8-73fc-4a91-82db-72e931b93697\" data-message-model-slug=\"gpt-5-3\" data-turn-start-message=\"true\">\n<div class=\"flex w-full flex-col gap-1 empty:hidden\">\n<div class=\"markdown prose dark:prose-invert w-full wrap-break-word light markdown-new-styling\">\n<p data-start=\"139\" data-end=\"376\">EL NUEVO DIARIO, SANTIAGO RODRIGUEZ.\u2013 Fuertes inundaciones ocurrieron la tarde de este mi\u00e9rcoles en la provincia de <span class=\"hover:entity-accent entity-underline inline cursor-pointer align-baseline\"><span class=\"whitespace-normal\">Santiago Rodr\u00edguez, <\/span><\/span>\u00a0como consecuencia de las lluvias asociadas a una vaguada que incide sobre el territorio nacional.<\/p>\n<p data-start=\"378\" data-end=\"672\">De acuerdo con un video enviado a esta redacci\u00f3n, se observa c\u00f3mo un r\u00edo se desbord\u00f3 y atraves\u00f3 una calle, obligando a varios conductores a detenerse ante el alto volumen de agua. Ciudadanos en la zona indicaron que la situaci\u00f3n tambi\u00e9n estar\u00eda vinculada al desbordamiento de una presa cercana.<\/p>\n<p data-start=\"674\" data-end=\"822\">Las autoridades mantienen a la provincia en alerta amarilla debido al riesgo de inundaciones urbanas y rurales, crecidas de r\u00edos, arroyos y ca\u00f1adas.<\/p>\n<p data-start=\"824\" data-end=\"1021\">En ese sentido, el <span class=\"hover:entity-accent entity-underline inline cursor-pointer align-baseline\"><span class=\"whitespace-normal\">Centro de Operaciones de Emergencias<\/span><\/span> (COE) reiter\u00f3 el llamado a la poblaci\u00f3n a no cruzar ni hacer uso de cuerpos de agua con alto caudal, especialmente en las zonas bajo alerta.<\/p>\n<p><a href=\"https:\/\/videos.files.wordpress.com\/rFc2HvXw\/fuertes-inundaciones-se-registran-en-santiago-por-efectos-de-vaguada.mp4\">fuertes-inundaciones-se-registran-en-santiago-por-efectos-de-vaguada-mp4<\/a><\/p>\n<\/div>\n<\/div>\n<\/div>\n<\/div>\n<div class=\"z-0 flex min-h-[46px] justify-start\"><\/div>\n<div class=\"mt-3 w-full empty:hidden\">\n<div class=\"text-center\"><\/div>\n<\/div>\n<\/div>\n<\/div>\n<\/section>\n<div class=\"pointer-events-none -mt-px h-px translate-y-[calc(var(--scroll-root-safe-area-inset-bottom)-14*var(--spacing))]\" aria-hidden=\"true\"><\/div>\n<p>La entrada <a href=\"https:\/\/elnuevodiario.com.do\/video-fuertes-inundaciones-se-registran-en-santiago-por-efectos-de-vaguada\/\">(VIDEO) Fuertes inundaciones  en Santiago Rodr\u00edguez por efectos de vaguada<\/a> se public\u00f3 primero en <a href=\"https:\/\/elnuevodiario.com.do\">El Nuevo Diario (Rep\u00fablica Dominicana)<\/a>.<\/p>\n","protected":false},"excerpt":{"rendered":"<p>EL NUEVO DIARIO, SANTIAGO RODRIGUEZ.\u2013 Fuertes inundaciones ocurrieron la tarde de este mi\u00e9rcoles en la provincia de Santiago Rodr\u00edguez, \u00a0como consecuencia de las lluvias asociadas a una vaguada que incide sobre el territorio nacional. De acuerdo con un video enviado a esta redacci\u00f3n, se observa c\u00f3mo un r\u00edo se desbord\u00f3 y atraves\u00f3 una calle, obligando<\/p>\n","protected":false},"author":1,"featured_media":37999,"comment_status":"open","ping_status":"open","sticky":false,"template":"","format":"standard","meta":{"footnotes":""},"categories":[1],"tags":[],"class_list":["post-37998","post","type-post","status-publish","format-standard","has-post-thumbnail","hentry","category-nacionales"],"_links":{"self":[{"href":"https:\/\/acronoticias.com\/index.php\/wp-json\/wp\/v2\/posts\/37998","targetHints":{"allow":["GET"]}}],"collection":[{"href":"https:\/\/acronoticias.com\/index.php\/wp-json\/wp\/v2\/posts"}],"about":[{"href":"https:\/\/acronoticias.com\/index.php\/wp-json\/wp\/v2\/types\/post"}],"author":[{"embeddable":true,"href":"https:\/\/acronoticias.com\/index.php\/wp-json\/wp\/v2\/users\/1"}],"replies":[{"embeddable":true,"href":"https:\/\/acronoticias.com\/index.php\/wp-json\/wp\/v2\/comments?post=37998"}],"version-history":[{"count":0,"href":"https:\/\/acronoticias.com\/index.php\/wp-json\/wp\/v2\/posts\/37998\/revisions"}],"wp:featuredmedia":[{"embeddable":true,"href":"https:\/\/acronoticias.com\/index.php\/wp-json\/wp\/v2\/media\/37999"}],"wp:attachment":[{"href":"https:\/\/acronoticias.com\/index.php\/wp-json\/wp\/v2\/media?parent=37998"}],"wp:term":[{"taxonomy":"category","embeddable":true,"href":"https:\/\/acronoticias.com\/index.php\/wp-json\/wp\/v2\/categories?post=37998"},{"taxonomy":"post_tag","embeddable":true,"href":"https:\/\/acronoticias.com\/index.php\/wp-json\/wp\/v2\/tags?post=37998"}],"curies":[{"name":"wp","href":"https:\/\/api.w.org\/{rel}","templated":true}]}}