{"id":37996,"date":"2026-04-29T23:35:37","date_gmt":"2026-04-29T23:35:37","guid":{"rendered":"https:\/\/acronoticias.com\/index.php\/2026\/04\/29\/ponderan-renacer-turistico-y-transformacion-de-playa-sosua-con-nueva-plaza-de-vendedores\/"},"modified":"2026-04-29T23:35:37","modified_gmt":"2026-04-29T23:35:37","slug":"ponderan-renacer-turistico-y-transformacion-de-playa-sosua-con-nueva-plaza-de-vendedores","status":"publish","type":"post","link":"https:\/\/acronoticias.com\/index.php\/2026\/04\/29\/ponderan-renacer-turistico-y-transformacion-de-playa-sosua-con-nueva-plaza-de-vendedores\/","title":{"rendered":"Ponderan \u201crenacer tur\u00edstico\u201d y transformaci\u00f3n de Playa Sos\u00faa con nueva plaza de vendedores"},"content":{"rendered":"<p><img decoding=\"async\" width=\"355\" height=\"200\" src=\"https:\/\/nuevodiario-assets.s3.us-east-2.amazonaws.com\/wp-content\/uploads\/2026\/04\/Ponderan-renacer-turistico-y-transformacion-de-Playa-Sosua-con-nueva-plaza-de-vendedores-3-355x200.jpg\" class=\"webfeedsFeaturedVisual not-transparent wp-post-image\" alt=\"\" style=\"--dominant-color: #51503e;margin-bottom: 5px;clear:both;max-width: 100%\" loading=\"lazy\" data-has-transparency=\"false\" data-dominant-color=\"51503e\" \/><\/p>\n<p>EL NUEVO DIARIO, PUERTO PLATA.- Un cambio del cielo a la tierra presenta actualmente la Playa Sos\u00faa despu\u00e9s que el gobierno a trav\u00e9s la URBE y el Ministerio de Turismo, emprendiera la desarrabalizaci\u00f3n del entorno marino con modernidad y estricto ordenamiento.<\/p>\n<p>Con el mejoramiento del frente costero de Playa Sos\u00faa y la Plaza Sur, no solo se entreg\u00f3 a principios de la cursante semana una obra de infraestructura, sino, una nueva historia que marca el inicio de un nuevo turismo en ese municipio puertoplate\u00f1o.<\/p>\n<p>La primera de varias plazas fue erigida en una superficie de 15 mil metros cuadrados, exactamente en el mismo lugar que durante d\u00e9cadas fue golpeado por el desorden, donde las actividades il\u00edcitas estaban fuera de control y afectaban la seguridad de la comunidad.<\/p>\n<p>El plan no era sencillo, pero las actuales autoridades gubernamentales no se pod\u00edan quedar con los brazos cruzados y emprendieron la recuperaci\u00f3n de un oasis que siempre debi\u00f3 pertenecer a las familias, a los trabajadores honestos y servir de sano esparcimiento para la ni\u00f1ez y adolescencia.<\/p>\n<p>Despu\u00e9s de varios meses de trabajos que se iniciaron en junio del 2022 y algunos encontronazos con gentes que se resist\u00eda al cambio, ya se ven los resultados en Playa Sos\u00faa, hoy hay orden, limpieza y oportunidades en un espacio digno para vivir del trabajo honesto y crecer con esperanza.<img decoding=\"async\" data-recalc-dims=\"1\" data-dominant-color=\"74ab9e\" data-has-transparency=\"false\" style=\"--dominant-color: #74ab9e\" loading=\"lazy\" class=\"alignnone size-full wp-image-3102342 not-transparent\" src=\"https:\/\/i0.wp.com\/nuevodiario-assets.s3.us-east-2.amazonaws.com\/wp-content\/uploads\/2026\/04\/Ponderan-renacer-turistico-y-transformacion-de-Playa-Sosua-con-nueva-plaza-de-vendedores-2.jpg?resize=640%2C360&#038;quality=100&#038;ssl=1\" alt=\"\" width=\"640\" height=\"360\" \/><\/p>\n<p>Con la presencia del presidente Luis Abinader se entreg\u00f3 una nueva plaza para m\u00e1s de siete decenas de vendedores quienes por a\u00f1os lucharon por salir adelante, y ahora son empresarios que recibieron locales modernos y organizados, con equipos de cocina, sillas, mesas y hasta Chaisen Longue (Sheilones) de playa.<\/p>\n<p>La Plaza Sur construida con una inversi\u00f3n superior a los RD$569 millones de pesos, consta de 7 pabellones donde hay 57 unidades especializadas en la preparaci\u00f3n y expendi\u00f3 de alimentos, 16 locales para la venta de artesan\u00eda local y art\u00edculos de regalo, 2 bares y 4 quioscos comerciales de menor escala.<\/p>\n<p>Dichos locales comerciales est\u00e1n debidamente equipados con estufas, refrigeradores, extractores, fregaderos, pero adem\u00e1s posee barandas de seguridad en todas las terrazas, ba\u00f1os, oficinas, almacenes, \u00e1reas recreativas, glorieta para eventos, una terraza con una vista privilegiada y un amplio parqueo con capacidad para m\u00e1s de 150 veh\u00edculos.<img decoding=\"async\" data-recalc-dims=\"1\" data-dominant-color=\"797a7b\" data-has-transparency=\"false\" style=\"--dominant-color: #797a7b\" loading=\"lazy\" class=\"alignnone size-full wp-image-3102340 not-transparent\" src=\"https:\/\/i0.wp.com\/nuevodiario-assets.s3.us-east-2.amazonaws.com\/wp-content\/uploads\/2026\/04\/Ponderan-renacer-turistico-y-transformacion-de-Playa-Sosua-con-nueva-plaza-de-vendedores.jpg?resize=640%2C360&#038;quality=100&#038;ssl=1\" alt=\"\" width=\"640\" height=\"360\" \/><\/p>\n<p>All\u00ed, los comerciantes agrupados en la Asociaci\u00f3n de Vendedores de Playa Sos\u00faa (AVPS), liderados por Andr\u00e9s Batista y Jos\u00e9 Manuel Gonz\u00e1lez (Lilo), agradecieron al Gobierno por la obra y destacaron la transparencia de c\u00f3mo se ejecut\u00f3, al tiempo de ponderar que recibieron capacitaciones con las que podr\u00e1n fortalecer sus negocios.<\/p>\n<p>Dicha obra fue realizada por la determinaci\u00f3n directa del presidente de la Rep\u00fablica, Luis Abinader, con la medici\u00f3n del ministro de la Presidencia, Jos\u00e9 Ignacio Paliza, logr\u00e1ndose una sinergia entre del Ministerio de Turismo (MITUR) y la Unidad Ejecutora para la Readecuaci\u00f3n de Barrios y Entornos (URBE).<\/p>\n<p>Valoraci\u00f3n<\/p>\n<p>Con la desarrabalizaci\u00f3n y el mejoramiento del frente costero con la construcci\u00f3n de la Plaza para Vendedores, adem\u00e1s del anhelado hospital que va en m\u00e1s de un 60%, el Cuartel de Bomberos, la Estacion de Polic\u00eda entre otras obras, la poblaci\u00f3n de Sos\u00faa valora las ejecutorias de la presente administraci\u00f3n gubernamental.<\/p>\n<p>Asimismo, se ha fustigado con acidez las promesas incumplidas de gestiones pasadas que duraron un vicennio y \u00fanicamente dieron varios picazos para obras en la que nunca pusieron ni un block, a quienes ahora \u00fanicamente les queda criticar sin raz\u00f3n ni sentido.<\/p>\n<p>Meta mensaje<\/p>\n<p>En la mesa de honor del acto de inauguraci\u00f3n, el presidente Abinader, los ministros Paliza y Collado, adem\u00e1s de la gobernadora provincial, Claritza Rochett de Senior y la senadora por Puerto Plata, Ginette Bournigal de Jim\u00e9nez, estuvieron sentados el presidente de la Direcci\u00f3n Nacional de Control de Drogas (DNCD), Vicealmirante Jos\u00e9 Manuel Cabrera Ulloa y la coordinadora de la Fiscal\u00eda Especial de Sos\u00faa, magistrada Hilda Patricia Lagombra Polanco.<\/p>\n<p>Impresiones<\/p>\n<p>\u201cA partir de ahora, vendr\u00e1 m\u00e1s turistas a Sos\u00faa debido a que las familias y toda la sociedad regresar\u00e1n a disfrutar de este destino que con los proyectos que se erigen en la zona se ha de convertirse en una regi\u00f3n de dinamismo econ\u00f3mico, generaci\u00f3n de empleos y conservaci\u00f3n de los recursos naturales\u201d, expres\u00f3 el presidente Luis Abinader.<\/p>\n<p>\u201cLo que hicimos en Sos\u00faa demuestra algo importante: Cuando el turismo se gestiona bien, protege a la gente, crea oportunidades y transforma realidades. Esta obra marca un antes y un despu\u00e9s en la propuesta tur\u00edstica de Sos\u00faa&#8230; Sos\u00faa vuelve a nacer, recupera su paz y recupera su futuro\u201d, sostuvo el ministro de Turismo, David Collado.<\/p>\n<p>\u201cFelicitamos la inauguraci\u00f3n de la nueva plaza para vendedores y el reordenamiento de Playa Sos\u00faa, un paso importante hacia un destino m\u00e1s organizado, atractivo y digno para todos\u2026\u00a1Sos\u00faa est\u00e1 cambiando!\u201d, dijo el ministro de la Presidencia, Jos\u00e9 Ignacio Paliza.<\/p>\n<p>La entrada <a href=\"https:\/\/elnuevodiario.com.do\/ponderan-renacer-turistico-y-transformacion-de-playa-sosua-con-nueva-plaza-de-vendedores\/\">Ponderan \u201crenacer tur\u00edstico\u201d y transformaci\u00f3n de Playa Sos\u00faa con nueva plaza de vendedores<\/a> se public\u00f3 primero en <a href=\"https:\/\/elnuevodiario.com.do\">El Nuevo Diario (Rep\u00fablica Dominicana)<\/a>.<\/p>\n","protected":false},"excerpt":{"rendered":"<p>EL NUEVO DIARIO, PUERTO PLATA.- Un cambio del cielo a la tierra presenta actualmente la Playa Sos\u00faa despu\u00e9s que el gobierno a trav\u00e9s la URBE y el Ministerio de Turismo, emprendiera la desarrabalizaci\u00f3n del entorno marino con modernidad y estricto ordenamiento. Con el mejoramiento del frente costero de Playa Sos\u00faa y la Plaza Sur, no<\/p>\n","protected":false},"author":1,"featured_media":37997,"comment_status":"open","ping_status":"open","sticky":false,"template":"","format":"standard","meta":{"footnotes":""},"categories":[1],"tags":[],"class_list":["post-37996","post","type-post","status-publish","format-standard","has-post-thumbnail","hentry","category-nacionales"],"_links":{"self":[{"href":"https:\/\/acronoticias.com\/index.php\/wp-json\/wp\/v2\/posts\/37996","targetHints":{"allow":["GET"]}}],"collection":[{"href":"https:\/\/acronoticias.com\/index.php\/wp-json\/wp\/v2\/posts"}],"about":[{"href":"https:\/\/acronoticias.com\/index.php\/wp-json\/wp\/v2\/types\/post"}],"author":[{"embeddable":true,"href":"https:\/\/acronoticias.com\/index.php\/wp-json\/wp\/v2\/users\/1"}],"replies":[{"embeddable":true,"href":"https:\/\/acronoticias.com\/index.php\/wp-json\/wp\/v2\/comments?post=37996"}],"version-history":[{"count":0,"href":"https:\/\/acronoticias.com\/index.php\/wp-json\/wp\/v2\/posts\/37996\/revisions"}],"wp:featuredmedia":[{"embeddable":true,"href":"https:\/\/acronoticias.com\/index.php\/wp-json\/wp\/v2\/media\/37997"}],"wp:attachment":[{"href":"https:\/\/acronoticias.com\/index.php\/wp-json\/wp\/v2\/media?parent=37996"}],"wp:term":[{"taxonomy":"category","embeddable":true,"href":"https:\/\/acronoticias.com\/index.php\/wp-json\/wp\/v2\/categories?post=37996"},{"taxonomy":"post_tag","embeddable":true,"href":"https:\/\/acronoticias.com\/index.php\/wp-json\/wp\/v2\/tags?post=37996"}],"curies":[{"name":"wp","href":"https:\/\/api.w.org\/{rel}","templated":true}]}}