{"id":37988,"date":"2026-04-29T23:01:45","date_gmt":"2026-04-29T23:01:45","guid":{"rendered":"https:\/\/acronoticias.com\/index.php\/2026\/04\/29\/presidente-de-peru-dice-que-alemania-fue-empujada-a-una-guerra-en-parte-por-los-judios\/"},"modified":"2026-04-29T23:01:45","modified_gmt":"2026-04-29T23:01:45","slug":"presidente-de-peru-dice-que-alemania-fue-empujada-a-una-guerra-en-parte-por-los-judios","status":"publish","type":"post","link":"https:\/\/acronoticias.com\/index.php\/2026\/04\/29\/presidente-de-peru-dice-que-alemania-fue-empujada-a-una-guerra-en-parte-por-los-judios\/","title":{"rendered":"Presidente de Per\u00fa dice que \u00abAlemania fue empujada a una guerra, en parte, por los jud\u00edos\u00bb"},"content":{"rendered":"<p><strong>Lima.-<\/strong> El presidente de transici\u00f3n del Per\u00fa, <strong>Jos\u00e9 Mar\u00eda Balc\u00e1zar<\/strong>, desat\u00f3 una fuerte controversia tras afirmar que <strong>Alemania fue empujada a la guerra en parte por culpa de los jud\u00edos<\/strong>, declaraciones que provocaron el rechazo inmediato de la comunidad judeoperuana.<\/p>\n<p>Las expresiones fueron realizadas durante un discurso en la <strong>C\u00e1mara de Comercio de Lima (CCL)<\/strong>, en el marco de una actividad institucional sobre la historia del comercio.<\/p>\n<p>El mandatario mencion\u00f3 el libro <strong>\u201cLos enemigos del comercio\u201d<\/strong> del autor espa\u00f1ol Antonio Escohotado como referencia para abordar distintos procesos hist\u00f3ricos.<\/p>\n<figure class=\"wp-block-image size-full\"><img loading=\"lazy\" decoding=\"async\" width=\"1920\" height=\"1080\" src=\"https:\/\/multimedia.noticiassin.com\/wp-content\/uploads\/2026\/04\/presidente-de-peru-dice-que-alemania-fue-empujada-a-una-guerra-en-parte-por-l-20260429-225613-K7RJ.png\" alt=\"\" class=\"wp-image-1989023\" \/><\/figure>\n<h2 class=\"wp-block-heading\">Reacciones de la comunidad jud\u00eda<\/h2>\n<h2 class=\"wp-block-heading\">Controversia y pedido de disculpas<\/h2>\n<p>En su intervenci\u00f3n, Balc\u00e1zar sostuvo que es necesario analizar el papel hist\u00f3rico de distintos actores en el comercio internacional, incluyendo a la comunidad <strong>jud\u00eda en Europa<\/strong>.<\/p>\n<p>Sus afirmaciones generaron cr\u00edticas al ser interpretadas como una <strong>generalizaci\u00f3n con connotaciones antisemitas<\/strong>, especialmente por vincular a dicha comunidad con conflictos hist\u00f3ricos.<\/p>\n<p>El abogado y analista pol\u00edtico <strong>Jeffrey Radzinsky<\/strong> calific\u00f3 los comentarios como ofensivos y basados en <strong>prejuicios y estereotipos<\/strong>, se\u00f1alando que reproducen narrativas discriminatorias.<\/p>\n<p>Posteriormente, la <strong>Asociaci\u00f3n Jud\u00eda del Per\u00fa (AJP)<\/strong> emiti\u00f3 un comunicado en el que expres\u00f3 su <strong>rechazo y preocupaci\u00f3n<\/strong> por las declaraciones del mandatario.<\/p>\n<p>La organizaci\u00f3n consider\u00f3 que las afirmaciones corresponden a argumentos superados por la historia y propios de \u00e9pocas de <strong>discriminaci\u00f3n y persecuci\u00f3n<\/strong>.<\/p>\n<p>Asimismo, la AJP solicit\u00f3 una <strong>disculpa p\u00fablica<\/strong> al jefe de Estado por sus declaraciones.<\/p>\n<ul class=\"wp-block-list\">\n<li>El presidente Balc\u00e1zar, abogado y congresista, asumi\u00f3 la presidencia de transici\u00f3n en febrero tras cambios pol\u00edticos en el pa\u00eds.<\/li>\n<\/ul>\n<p>Su gesti\u00f3n ha estado marcada por diversas<strong> pol\u00e9micas previas <\/strong>relacionadas con sus posturas pol\u00edticas y declaraciones p\u00fablicas.<\/p>\n<p>El caso ha reabierto el debate en<strong> Per\u00fa<\/strong> sobre el uso responsable del discurso p\u00fablico y la importancia del respeto a las comunidades hist\u00f3ricamente vulnerables.<\/p>\n<p><strong>El debate sobre el rol de los discursos p\u00fablicos en la pol\u00edtica peruana<\/strong> se enmarca en una serie de controversias recientes donde autoridades y figuras pol\u00edticas han sido cuestionadas por declaraciones consideradas sensibles o discriminatorias, especialmente en contextos hist\u00f3ricos o sociales complejos.<\/p>\n<p>En el caso del Per\u00fa, este tipo de episodios ha cobrado relevancia en los \u00faltimos a\u00f1os debido al aumento de la <strong>polarizaci\u00f3n pol\u00edtica<\/strong> y al impacto inmediato de las declaraciones p\u00fablicas en redes sociales y medios de comunicaci\u00f3n.<\/p>\n<p>La figura del presidente de transici\u00f3n <strong>Jos\u00e9 Mar\u00eda Balc\u00e1zar<\/strong> se inserta en un escenario pol\u00edtico inestable, caracterizado por constantes cambios de gobierno y una creciente desconfianza hacia las instituciones.<\/p>\n","protected":false},"excerpt":{"rendered":"<p>Lima.- El presidente de transici\u00f3n del Per\u00fa, Jos\u00e9 Mar\u00eda Balc\u00e1zar, desat\u00f3 una fuerte controversia tras afirmar que Alemania fue empujada a la guerra en parte por culpa de los jud\u00edos, declaraciones que provocaron el rechazo inmediato de la comunidad judeoperuana. Las expresiones fueron realizadas durante un discurso en la C\u00e1mara de Comercio de Lima (CCL),<\/p>\n","protected":false},"author":1,"featured_media":37989,"comment_status":"open","ping_status":"open","sticky":false,"template":"","format":"standard","meta":{"footnotes":""},"categories":[3],"tags":[],"class_list":["post-37988","post","type-post","status-publish","format-standard","has-post-thumbnail","hentry","category-internacionales"],"_links":{"self":[{"href":"https:\/\/acronoticias.com\/index.php\/wp-json\/wp\/v2\/posts\/37988","targetHints":{"allow":["GET"]}}],"collection":[{"href":"https:\/\/acronoticias.com\/index.php\/wp-json\/wp\/v2\/posts"}],"about":[{"href":"https:\/\/acronoticias.com\/index.php\/wp-json\/wp\/v2\/types\/post"}],"author":[{"embeddable":true,"href":"https:\/\/acronoticias.com\/index.php\/wp-json\/wp\/v2\/users\/1"}],"replies":[{"embeddable":true,"href":"https:\/\/acronoticias.com\/index.php\/wp-json\/wp\/v2\/comments?post=37988"}],"version-history":[{"count":0,"href":"https:\/\/acronoticias.com\/index.php\/wp-json\/wp\/v2\/posts\/37988\/revisions"}],"wp:featuredmedia":[{"embeddable":true,"href":"https:\/\/acronoticias.com\/index.php\/wp-json\/wp\/v2\/media\/37989"}],"wp:attachment":[{"href":"https:\/\/acronoticias.com\/index.php\/wp-json\/wp\/v2\/media?parent=37988"}],"wp:term":[{"taxonomy":"category","embeddable":true,"href":"https:\/\/acronoticias.com\/index.php\/wp-json\/wp\/v2\/categories?post=37988"},{"taxonomy":"post_tag","embeddable":true,"href":"https:\/\/acronoticias.com\/index.php\/wp-json\/wp\/v2\/tags?post=37988"}],"curies":[{"name":"wp","href":"https:\/\/api.w.org\/{rel}","templated":true}]}}