{"id":37986,"date":"2026-04-29T22:47:52","date_gmt":"2026-04-29T22:47:52","guid":{"rendered":"https:\/\/acronoticias.com\/index.php\/2026\/04\/29\/video-alcaldia-del-dn-inicia-segunda-fase-de-programa-de-iluminacion-con-318-luminarias-en-san-carlos\/"},"modified":"2026-04-29T22:47:52","modified_gmt":"2026-04-29T22:47:52","slug":"video-alcaldia-del-dn-inicia-segunda-fase-de-programa-de-iluminacion-con-318-luminarias-en-san-carlos","status":"publish","type":"post","link":"https:\/\/acronoticias.com\/index.php\/2026\/04\/29\/video-alcaldia-del-dn-inicia-segunda-fase-de-programa-de-iluminacion-con-318-luminarias-en-san-carlos\/","title":{"rendered":"(VIDEO) Alcald\u00eda del DN inicia segunda fase de programa de iluminaci\u00f3n con 318 luminarias en San Carlos"},"content":{"rendered":"<p><img decoding=\"async\" width=\"355\" height=\"200\" src=\"https:\/\/nuevodiario-assets.s3.us-east-2.amazonaws.com\/wp-content\/uploads\/2026\/04\/Alcaldia-del-DN-inicia-segunda-fase-de-programa-de-iluminacion-con-318-luminarias-en-San-Carlos-3-355x200.jpeg\" class=\"webfeedsFeaturedVisual not-transparent wp-post-image\" alt=\"\" style=\"--dominant-color: #5b514c;margin-bottom: 5px;clear:both;max-width: 100%\" loading=\"lazy\" data-has-transparency=\"false\" data-dominant-color=\"5b514c\" \/><\/p>\n<p>EL NUEVO DIARO, SANTO DOMINGO.\u2013 La alcaldesa del Distrito Nacional, <span class=\"hover:entity-accent entity-underline inline cursor-pointer align-baseline\"><span class=\"whitespace-normal\">Carolina Mej\u00eda<\/span><\/span>, dej\u00f3 iniciada la segunda fase del programa \u201cSectores Iluminados M\u00e1s Seguros\u201d con la entrega de 318 luminarias LED en m\u00e1s de 40 calles del sector San Carlos.<\/p>\n<section class=\"text-token-text-primary w-full focus:outline-none [--shadow-height:45px] has-data-writing-block:pointer-events-none has-data-writing-block:-mt-(--shadow-height) has-data-writing-block:pt-(--shadow-height) [&amp;:has([data-writing-block])&gt;*]:pointer-events-auto [content-visibility:auto] supports-[content-visibility:auto]:[contain-intrinsic-size:auto_100lvh] R6Vx5W_threadScrollVars scroll-mb-[calc(var(--scroll-root-safe-area-inset-bottom,0px)+var(--thread-response-height))] scroll-mt-[calc(var(--header-height)+min(200px,max(70px,20svh)))]\" dir=\"auto\" data-turn-id=\"request-WEB:9b537c00-597b-4e47-ad40-e373cf35e65a-10\" data-testid=\"conversation-turn-22\" data-scroll-anchor=\"false\" data-turn=\"assistant\">\n<div class=\"text-base my-auto mx-auto pb-10 [--thread-content-margin:var(--thread-content-margin-xs,calc(var(--spacing)*4))] @w-sm\/main:[--thread-content-margin:var(--thread-content-margin-sm,calc(var(--spacing)*6))] @w-lg\/main:[--thread-content-margin:var(--thread-content-margin-lg,calc(var(--spacing)*16))] px-(--thread-content-margin)\">\n<div class=\"[--thread-content-max-width:40rem] @w-lg\/main:[--thread-content-max-width:48rem] mx-auto max-w-(--thread-content-max-width) flex-1 group\/turn-messages focus-visible:outline-hidden relative flex w-full min-w-0 flex-col agent-turn\">\n<div class=\"flex max-w-full flex-col gap-4 grow\">\n<div class=\"min-h-8 text-message relative flex w-full flex-col items-end gap-2 text-start break-words whitespace-normal outline-none keyboard-focused:focus-ring [.text-message+&amp;]:mt-1\" dir=\"auto\" data-message-author-role=\"assistant\" data-message-id=\"23b8b95e-bcf7-4574-b9e2-08c2e9bfedf4\" data-message-model-slug=\"gpt-5-3\" data-turn-start-message=\"true\">\n<div class=\"flex w-full flex-col gap-1 empty:hidden\">\n<div class=\"markdown prose dark:prose-invert w-full wrap-break-word light markdown-new-styling\">\n<p data-start=\"395\" data-end=\"685\">Esta nueva etapa contempla la instalaci\u00f3n de 10 mil luminarias adicionales con el objetivo de completar la iluminaci\u00f3n de calles y espacios p\u00fablicos en distintos sectores del Distrito Nacional, como parte de una estrategia orientada a mejorar la seguridad ciudadana y la movilidad nocturna.<\/p>\n<p><a href=\"https:\/\/elnuevodiario.com.do\/video-alcaldia-del-dn-inicia-segunda-fase-de-programa-de-iluminacion-con-318-luminarias-en-san-carlos\/alcaldia-del-dn-inicia-segunda-fase-de-programa-de-iluminacion-con-318-luminarias-en-san-carlos-4\/\"><img loading=\"lazy\" decoding=\"async\" data-recalc-dims=\"1\" width=\"640\" height=\"375\" src=\"https:\/\/i0.wp.com\/nuevodiario-assets.s3.us-east-2.amazonaws.com\/wp-content\/uploads\/2026\/04\/Alcaldia-del-DN-inicia-segunda-fase-de-programa-de-iluminacion-con-318-luminarias-en-San-Carlos-4.jpeg?resize=640%2C375&#038;quality=100&#038;ssl=1\" class=\"attachment-full size-full not-transparent\" alt=\"\" data-has-transparency=\"false\" data-dominant-color=\"594e4a\" style=\"--dominant-color: #594e4a\" \/><\/a><\/p>\n<p data-start=\"687\" data-end=\"912\">Durante el acto, Mej\u00eda destac\u00f3 que la intervenci\u00f3n busca fortalecer las condiciones de seguridad en la zona, mientras realiz\u00f3 un recorrido por viviendas y negocios para conocer de primera mano la percepci\u00f3n de los residentes.<\/p>\n<p data-start=\"914\" data-end=\"1135\">En la actividad participaron autoridades municipales y comunitarias, entre ellas el coronel Diego Pesqueira, presidente del Club Deportivo y Cultural San Carlos, as\u00ed como representantes del cabildo y l\u00edderes comunitarios.<\/p>\n<p data-start=\"914\" data-end=\"1135\"><img loading=\"lazy\" decoding=\"async\" data-recalc-dims=\"1\" data-dominant-color=\"6e574d\" data-has-transparency=\"false\" style=\"--dominant-color: #6e574d\" class=\"alignnone wp-image-3102354 size-full not-transparent\" src=\"https:\/\/i0.wp.com\/nuevodiario-assets.s3.us-east-2.amazonaws.com\/wp-content\/uploads\/2026\/04\/Alcaldia-del-DN-inicia-segunda-fase-de-programa-de-iluminacion-con-318-luminarias-en-San-Carlos-2.jpeg?resize=640%2C427&#038;quality=100&#038;ssl=1\" alt=\"\" width=\"640\" height=\"427\" \/><\/p>\n<p data-start=\"1137\" data-end=\"1423\">La primera fase del programa concluy\u00f3 con la instalaci\u00f3n de cerca de 10 mil luminarias LED en 23 sectores y 11 avenidas, adem\u00e1s de la colocaci\u00f3n de 200 c\u00e1maras de videovigilancia conectadas al Sistema Nacional de Atenci\u00f3n a Emergencias y Seguridad <span class=\"hover:entity-accent entity-underline inline cursor-pointer align-baseline\"><span class=\"whitespace-normal\">Sistema Nacional de Atenci\u00f3n a Emergencias y Seguridad 9-1-1<\/span><\/span>.<\/p>\n<p data-start=\"1425\" data-end=\"1650\">El programa ha sido implementado en m\u00faltiples sectores del Distrito Nacional, incluyendo Los R\u00edos, Zona Universitaria, Bella Vista y Piantini, as\u00ed como en importantes v\u00edas como las avenidas Abraham Lincoln y N\u00fa\u00f1ez de C\u00e1ceres.<\/p>\n<p><a href=\"https:\/\/elnuevodiario.com.do\/video-alcaldia-del-dn-inicia-segunda-fase-de-programa-de-iluminacion-con-318-luminarias-en-san-carlos\/alcaldia-del-dn-inicia-segunda-fase-de-programa-de-iluminacion-con-318-luminarias-en-san-carlos\/\"><img decoding=\"async\" data-recalc-dims=\"1\" loading=\"lazy\" width=\"640\" height=\"354\" src=\"https:\/\/i0.wp.com\/nuevodiario-assets.s3.us-east-2.amazonaws.com\/wp-content\/uploads\/2026\/04\/Alcaldia-del-DN-inicia-segunda-fase-de-programa-de-iluminacion-con-318-luminarias-en-San-Carlos.jpeg?resize=640%2C354&#038;quality=100&#038;ssl=1\" class=\"attachment-full size-full not-transparent\" alt=\"\" data-has-transparency=\"false\" data-dominant-color=\"2e3028\" style=\"--dominant-color: #2e3028\" \/><\/a><\/p>\n<p data-start=\"1652\" data-end=\"1865\" data-is-last-node=\"\" data-is-only-node=\"\">La intervenci\u00f3n en San Carlos tambi\u00e9n forma parte de la iniciativa \u201cLa Alcald\u00eda Llega a Ti\u201d, mediante la cual se realizan jornadas comunitarias que incluyen atenci\u00f3n a solicitudes ciudadanas y operativos sociales.<\/p>\n<p><a href=\"https:\/\/videos.files.wordpress.com\/fwoQLjvC\/alcaldia-del-dn-inicia-segunda-fase-de-programa-de-iluminacion-con-318-luminarias-en-san-carlos-1.mp4\">alcaldia-del-dn-inicia-segunda-fase-de-programa-de-iluminacion-con-318-luminarias-en-san-carlos-1-mp4<\/a><\/p>\n<\/div>\n<\/div>\n<\/div>\n<\/div>\n<div class=\"z-0 flex min-h-[46px] justify-start\"><\/div>\n<div class=\"mt-3 w-full empty:hidden\">\n<div class=\"text-center\"><\/div>\n<\/div>\n<\/div>\n<\/div>\n<\/section>\n<div class=\"pointer-events-none -mt-px h-px translate-y-[calc(var(--scroll-root-safe-area-inset-bottom)-14*var(--spacing))]\" aria-hidden=\"true\"><\/div>\n<p>La entrada <a href=\"https:\/\/elnuevodiario.com.do\/video-alcaldia-del-dn-inicia-segunda-fase-de-programa-de-iluminacion-con-318-luminarias-en-san-carlos\/\">(VIDEO) Alcald\u00eda del DN inicia segunda fase de programa de iluminaci\u00f3n con 318 luminarias en San Carlos<\/a> se public\u00f3 primero en <a href=\"https:\/\/elnuevodiario.com.do\">El Nuevo Diario (Rep\u00fablica Dominicana)<\/a>.<\/p>\n","protected":false},"excerpt":{"rendered":"<p>EL NUEVO DIARO, SANTO DOMINGO.\u2013 La alcaldesa del Distrito Nacional, Carolina Mej\u00eda, dej\u00f3 iniciada la segunda fase del programa \u201cSectores Iluminados M\u00e1s Seguros\u201d con la entrega de 318 luminarias LED en m\u00e1s de 40 calles del sector San Carlos. Esta nueva etapa contempla la instalaci\u00f3n de 10 mil luminarias adicionales con el objetivo de completar<\/p>\n","protected":false},"author":1,"featured_media":37987,"comment_status":"open","ping_status":"open","sticky":false,"template":"","format":"standard","meta":{"footnotes":""},"categories":[1],"tags":[],"class_list":["post-37986","post","type-post","status-publish","format-standard","has-post-thumbnail","hentry","category-nacionales"],"_links":{"self":[{"href":"https:\/\/acronoticias.com\/index.php\/wp-json\/wp\/v2\/posts\/37986","targetHints":{"allow":["GET"]}}],"collection":[{"href":"https:\/\/acronoticias.com\/index.php\/wp-json\/wp\/v2\/posts"}],"about":[{"href":"https:\/\/acronoticias.com\/index.php\/wp-json\/wp\/v2\/types\/post"}],"author":[{"embeddable":true,"href":"https:\/\/acronoticias.com\/index.php\/wp-json\/wp\/v2\/users\/1"}],"replies":[{"embeddable":true,"href":"https:\/\/acronoticias.com\/index.php\/wp-json\/wp\/v2\/comments?post=37986"}],"version-history":[{"count":0,"href":"https:\/\/acronoticias.com\/index.php\/wp-json\/wp\/v2\/posts\/37986\/revisions"}],"wp:featuredmedia":[{"embeddable":true,"href":"https:\/\/acronoticias.com\/index.php\/wp-json\/wp\/v2\/media\/37987"}],"wp:attachment":[{"href":"https:\/\/acronoticias.com\/index.php\/wp-json\/wp\/v2\/media?parent=37986"}],"wp:term":[{"taxonomy":"category","embeddable":true,"href":"https:\/\/acronoticias.com\/index.php\/wp-json\/wp\/v2\/categories?post=37986"},{"taxonomy":"post_tag","embeddable":true,"href":"https:\/\/acronoticias.com\/index.php\/wp-json\/wp\/v2\/tags?post=37986"}],"curies":[{"name":"wp","href":"https:\/\/api.w.org\/{rel}","templated":true}]}}