{"id":37984,"date":"2026-04-29T22:31:43","date_gmt":"2026-04-29T22:31:43","guid":{"rendered":"https:\/\/acronoticias.com\/index.php\/2026\/04\/29\/video-asocivu-rechaza-traslado-del-plan-piloto-y-lo-califica-como-decision-improvisada-de-autoridades\/"},"modified":"2026-04-29T22:31:43","modified_gmt":"2026-04-29T22:31:43","slug":"video-asocivu-rechaza-traslado-del-plan-piloto-y-lo-califica-como-decision-improvisada-de-autoridades","status":"publish","type":"post","link":"https:\/\/acronoticias.com\/index.php\/2026\/04\/29\/video-asocivu-rechaza-traslado-del-plan-piloto-y-lo-califica-como-decision-improvisada-de-autoridades\/","title":{"rendered":"(VIDEO) Asocivu rechaza traslado del Plan Piloto y lo califica como decisi\u00f3n improvisada de autoridades"},"content":{"rendered":"<p><img loading=\"lazy\" decoding=\"async\" width=\"355\" height=\"200\" src=\"https:\/\/nuevodiario-assets.s3.us-east-2.amazonaws.com\/wp-content\/uploads\/2026\/04\/Asocivu-355x200.jpg\" class=\"webfeedsFeaturedVisual not-transparent wp-post-image\" alt=\"\" style=\"--dominant-color: #5f6372;margin-bottom: 5px;clear:both;max-width: 100%\" data-has-transparency=\"false\" data-dominant-color=\"5f6372\" \/><\/p>\n<p>EL NUEVO DIARIO, SANTO DOMINGO.\u2014La Asociaci\u00f3n de Importadores de Veh\u00edculos Usados (Asocivu) expres\u00f3 su rechazo al traslado de la oficina del Plan Piloto, ahora denominado Centro de Retenci\u00f3n de Veh\u00edculos, desde el sector Honduras hacia el kil\u00f3metro 22 de la autopista Duarte, calificando la medida como \u201cimprovisada, desconsiderada y perjudicial\u201d tanto para el sector como para la ciudadan\u00eda en general.<\/p>\n<section class=\"text-token-text-primary w-full focus:outline-none [--shadow-height:45px] has-data-writing-block:pointer-events-none has-data-writing-block:-mt-(--shadow-height) has-data-writing-block:pt-(--shadow-height) [&amp;:has([data-writing-block])&gt;*]:pointer-events-auto [content-visibility:auto] supports-[content-visibility:auto]:[contain-intrinsic-size:auto_100lvh] R6Vx5W_threadScrollVars scroll-mb-[calc(var(--scroll-root-safe-area-inset-bottom,0px)+var(--thread-response-height))] scroll-mt-[calc(var(--header-height)+min(200px,max(70px,20svh)))]\" dir=\"auto\" data-turn-id=\"request-WEB:9b537c00-597b-4e47-ad40-e373cf35e65a-7\" data-testid=\"conversation-turn-16\" data-scroll-anchor=\"false\" data-turn=\"assistant\">\n<div class=\"text-base my-auto mx-auto pb-10 [--thread-content-margin:var(--thread-content-margin-xs,calc(var(--spacing)*4))] @w-sm\/main:[--thread-content-margin:var(--thread-content-margin-sm,calc(var(--spacing)*6))] @w-lg\/main:[--thread-content-margin:var(--thread-content-margin-lg,calc(var(--spacing)*16))] px-(--thread-content-margin)\">\n<div class=\"[--thread-content-max-width:40rem] @w-lg\/main:[--thread-content-max-width:48rem] mx-auto max-w-(--thread-content-max-width) flex-1 group\/turn-messages focus-visible:outline-hidden relative flex w-full min-w-0 flex-col agent-turn\">\n<div class=\"flex max-w-full flex-col gap-4 grow\">\n<div class=\"min-h-8 text-message relative flex w-full flex-col items-end gap-2 text-start break-words whitespace-normal outline-none keyboard-focused:focus-ring [.text-message+&amp;]:mt-1\" dir=\"auto\" data-message-author-role=\"assistant\" data-message-id=\"d0fe97e0-fcaa-424a-86c4-239183548f39\" data-message-model-slug=\"gpt-5-3\" data-turn-start-message=\"true\">\n<div class=\"flex w-full flex-col gap-1 empty:hidden\">\n<div class=\"markdown prose dark:prose-invert w-full wrap-break-word light markdown-new-styling\">\n<p data-start=\"519\" data-end=\"744\">Mediante un comunicado, el gremio indic\u00f3 que la decisi\u00f3n debi\u00f3 ser consensuada y ejecutada de forma gradual, se\u00f1alando que el cambio ha generado dificultades en los procesos de inspecci\u00f3n, registro y regularizaci\u00f3n vehicular.<\/p>\n<p data-start=\"746\" data-end=\"1003\">Entre las principales preocupaciones, Asocivu destac\u00f3 la distancia de la nueva ubicaci\u00f3n, lo que obliga a usuarios y miembros del sector a desplazarse desde el Distrito Nacional y otras zonas urbanas, enfrentando congesti\u00f3n vehicular en la autopista Duarte.<\/p>\n<p data-start=\"1005\" data-end=\"1220\">La organizaci\u00f3n tambi\u00e9n advirti\u00f3 sobre un aumento en los costos log\u00edsticos, debido al traslado de veh\u00edculos hacia la nueva sede, lo que implica mayores gastos en combustible, uso de gr\u00faas y movilizaci\u00f3n de personal.<\/p>\n<p data-start=\"1222\" data-end=\"1412\">Asimismo, se\u00f1al\u00f3 limitaciones en la accesibilidad, indicando que la zona carece de un sistema de transporte p\u00fablico eficiente y de infraestructura adecuada para atender el flujo de usuarios.<\/p>\n<p data-start=\"1414\" data-end=\"1585\">En cuanto al funcionamiento interno, el gremio report\u00f3 retrasos en la atenci\u00f3n, largas filas y desorganizaci\u00f3n en los procesos, lo que ha generado demoras en los tr\u00e1mites.<\/p>\n<p data-start=\"1587\" data-end=\"1878\" data-is-last-node=\"\" data-is-only-node=\"\">Asocivu hizo un llamado a las autoridades para revisar la medida y adoptar soluciones que garanticen eficiencia, accesibilidad y mejores condiciones en la prestaci\u00f3n del servicio, al tiempo que advirti\u00f3 sobre el impacto de esta situaci\u00f3n en el sector automotriz y en los usuarios en general.<\/p>\n<\/div>\n<\/div>\n<\/div>\n<\/div>\n<\/div>\n<\/div>\n<\/section>\n<p>\u201cEsta decisi\u00f3n no solo afecta a los importadores, sino a toda la ciudadan\u00eda que depende de estos servicios. Es momento de corregir el rumbo\u201d, concluy\u00f3 Aramis Mella, presidente de Asocivu.<\/p>\n<p><a href=\"https:\/\/videos.files.wordpress.com\/ScJWEBQZ\/asocivu-cuestiona-traslado-del-plan-piloto-y-lo-califica-como-decision-improvisada-de-autoridades.mp4\">asocivu-cuestiona-traslado-del-plan-piloto-y-lo-califica-como-decision-improvisada-de-autoridades-mp4<\/a><\/p>\n<p>La entrada <a href=\"https:\/\/elnuevodiario.com.do\/video-asocivu-rechaza-traslado-del-plan-piloto-y-lo-califica-como-decision-improvisada-de-autoridades\/\">(VIDEO) Asocivu rechaza traslado del Plan Piloto y lo califica como decisi\u00f3n improvisada de autoridades<\/a> se public\u00f3 primero en <a href=\"https:\/\/elnuevodiario.com.do\">El Nuevo Diario (Rep\u00fablica Dominicana)<\/a>.<\/p>\n","protected":false},"excerpt":{"rendered":"<p>EL NUEVO DIARIO, SANTO DOMINGO.\u2014La Asociaci\u00f3n de Importadores de Veh\u00edculos Usados (Asocivu) expres\u00f3 su rechazo al traslado de la oficina del Plan Piloto, ahora denominado Centro de Retenci\u00f3n de Veh\u00edculos, desde el sector Honduras hacia el kil\u00f3metro 22 de la autopista Duarte, calificando la medida como \u201cimprovisada, desconsiderada y perjudicial\u201d tanto para el sector como<\/p>\n","protected":false},"author":1,"featured_media":37985,"comment_status":"open","ping_status":"open","sticky":false,"template":"","format":"standard","meta":{"footnotes":""},"categories":[1],"tags":[],"class_list":["post-37984","post","type-post","status-publish","format-standard","has-post-thumbnail","hentry","category-nacionales"],"_links":{"self":[{"href":"https:\/\/acronoticias.com\/index.php\/wp-json\/wp\/v2\/posts\/37984","targetHints":{"allow":["GET"]}}],"collection":[{"href":"https:\/\/acronoticias.com\/index.php\/wp-json\/wp\/v2\/posts"}],"about":[{"href":"https:\/\/acronoticias.com\/index.php\/wp-json\/wp\/v2\/types\/post"}],"author":[{"embeddable":true,"href":"https:\/\/acronoticias.com\/index.php\/wp-json\/wp\/v2\/users\/1"}],"replies":[{"embeddable":true,"href":"https:\/\/acronoticias.com\/index.php\/wp-json\/wp\/v2\/comments?post=37984"}],"version-history":[{"count":0,"href":"https:\/\/acronoticias.com\/index.php\/wp-json\/wp\/v2\/posts\/37984\/revisions"}],"wp:featuredmedia":[{"embeddable":true,"href":"https:\/\/acronoticias.com\/index.php\/wp-json\/wp\/v2\/media\/37985"}],"wp:attachment":[{"href":"https:\/\/acronoticias.com\/index.php\/wp-json\/wp\/v2\/media?parent=37984"}],"wp:term":[{"taxonomy":"category","embeddable":true,"href":"https:\/\/acronoticias.com\/index.php\/wp-json\/wp\/v2\/categories?post=37984"},{"taxonomy":"post_tag","embeddable":true,"href":"https:\/\/acronoticias.com\/index.php\/wp-json\/wp\/v2\/tags?post=37984"}],"curies":[{"name":"wp","href":"https:\/\/api.w.org\/{rel}","templated":true}]}}