{"id":37982,"date":"2026-04-29T22:21:33","date_gmt":"2026-04-29T22:21:33","guid":{"rendered":"https:\/\/acronoticias.com\/index.php\/2026\/04\/29\/azulejos-designan-para-asignacion-al-dominicano-eloy-jimenez\/"},"modified":"2026-04-29T22:21:33","modified_gmt":"2026-04-29T22:21:33","slug":"azulejos-designan-para-asignacion-al-dominicano-eloy-jimenez","status":"publish","type":"post","link":"https:\/\/acronoticias.com\/index.php\/2026\/04\/29\/azulejos-designan-para-asignacion-al-dominicano-eloy-jimenez\/","title":{"rendered":"Azulejos designan para asignaci\u00f3n al dominicano Eloy Jim\u00e9nez"},"content":{"rendered":"<div data-td-block-uid=\"tdi_100\">\n<div class=\"tdb-block-inner td-fix-index\">\n<p>SANTO DOMINGO.- Los Azulejos de Toronto anunciaron este mi\u00e9rcoles que el bateador dominicano\u00a0<strong>Eloy Jim\u00e9nez<\/strong>\u00a0ha sido designado para asignaci\u00f3n, poniendo fin a su breve paso por el equipo canadiense. <\/p>\n<p>Jim\u00e9nez, quien lleg\u00f3 con la reputaci\u00f3n de ser un bate de poder tras ganar el Bate de Plata en 2020, no logr\u00f3 conectar cuadrangulares en 12 encuentros, acumulando apenas nueve imparables, todos sencillos, para un promedio de .290 con tres carreras impulsadas.<\/p>\n<p>El movimiento coincide con la activaci\u00f3n del jardinero\u00a0<strong>George Springer<\/strong>, quien regresa de la lista de lesionados tras perderse 15 partidos por una fractura en el dedo gordo del pie izquierdo. Aunque Springer fue habilitado para el cierre de la serie contra los Medias Rojas de Boston, el m\u00e1nager decidi\u00f3 no incluirlo en la alineaci\u00f3n titular de forma inmediata.<\/p>\n<p>Springer, una pieza fundamental en la estructura ofensiva de Toronto y clave en la postemporada de 2025, cursaba una campa\u00f1a dif\u00edcil antes de su lesi\u00f3n, bateando para .185. Con su regreso, los Azulejos buscan recuperar estabilidad en el orden al bate, sacrificando la permanencia de Jim\u00e9nez en el roster activo para abrir espacio al veterano de 150 millones de d\u00f3lares<\/p>\n<\/div>\n<\/div>\n","protected":false},"excerpt":{"rendered":"<p>SANTO DOMINGO.- Los Azulejos de Toronto anunciaron este mi\u00e9rcoles que el bateador dominicano\u00a0Eloy Jim\u00e9nez\u00a0ha sido designado para asignaci\u00f3n, poniendo fin a su breve paso por el equipo canadiense. Jim\u00e9nez, quien lleg\u00f3 con la reputaci\u00f3n de ser un bate de poder tras ganar el Bate de Plata en 2020, no logr\u00f3 conectar cuadrangulares en 12 encuentros,<\/p>\n","protected":false},"author":1,"featured_media":37983,"comment_status":"open","ping_status":"open","sticky":false,"template":"","format":"standard","meta":{"footnotes":""},"categories":[2],"tags":[],"class_list":["post-37982","post","type-post","status-publish","format-standard","has-post-thumbnail","hentry","category-deporte"],"_links":{"self":[{"href":"https:\/\/acronoticias.com\/index.php\/wp-json\/wp\/v2\/posts\/37982","targetHints":{"allow":["GET"]}}],"collection":[{"href":"https:\/\/acronoticias.com\/index.php\/wp-json\/wp\/v2\/posts"}],"about":[{"href":"https:\/\/acronoticias.com\/index.php\/wp-json\/wp\/v2\/types\/post"}],"author":[{"embeddable":true,"href":"https:\/\/acronoticias.com\/index.php\/wp-json\/wp\/v2\/users\/1"}],"replies":[{"embeddable":true,"href":"https:\/\/acronoticias.com\/index.php\/wp-json\/wp\/v2\/comments?post=37982"}],"version-history":[{"count":0,"href":"https:\/\/acronoticias.com\/index.php\/wp-json\/wp\/v2\/posts\/37982\/revisions"}],"wp:featuredmedia":[{"embeddable":true,"href":"https:\/\/acronoticias.com\/index.php\/wp-json\/wp\/v2\/media\/37983"}],"wp:attachment":[{"href":"https:\/\/acronoticias.com\/index.php\/wp-json\/wp\/v2\/media?parent=37982"}],"wp:term":[{"taxonomy":"category","embeddable":true,"href":"https:\/\/acronoticias.com\/index.php\/wp-json\/wp\/v2\/categories?post=37982"},{"taxonomy":"post_tag","embeddable":true,"href":"https:\/\/acronoticias.com\/index.php\/wp-json\/wp\/v2\/tags?post=37982"}],"curies":[{"name":"wp","href":"https:\/\/api.w.org\/{rel}","templated":true}]}}