{"id":37980,"date":"2026-04-29T22:15:37","date_gmt":"2026-04-29T22:15:37","guid":{"rendered":"https:\/\/acronoticias.com\/index.php\/2026\/04\/29\/pedro-jimenez-destaca-entre-los-15-periodistas-mas-influyentes-del-pais\/"},"modified":"2026-04-29T22:15:37","modified_gmt":"2026-04-29T22:15:37","slug":"pedro-jimenez-destaca-entre-los-15-periodistas-mas-influyentes-del-pais","status":"publish","type":"post","link":"https:\/\/acronoticias.com\/index.php\/2026\/04\/29\/pedro-jimenez-destaca-entre-los-15-periodistas-mas-influyentes-del-pais\/","title":{"rendered":"Pedro Jim\u00e9nez destaca entre los 15 periodistas m\u00e1s influyentes del pa\u00eds"},"content":{"rendered":"<p><img loading=\"lazy\" decoding=\"async\" width=\"355\" height=\"200\" src=\"https:\/\/nuevodiario-assets.s3.us-east-2.amazonaws.com\/wp-content\/uploads\/2024\/03\/14110344\/Pedro-Jimenez-1-355x200.webp\" class=\"webfeedsFeaturedVisual not-transparent wp-post-image\" alt=\"\" style=\"--dominant-color: #282639;margin-bottom: 5px;clear:both;max-width: 100%\" data-has-transparency=\"false\" data-dominant-color=\"282639\" \/><\/p>\n<p>EL NUEVO DIARIO, SANTO DOMINGO. &#8211; La Fundaci\u00f3n del C\u00edrculo de Medios Digitales y Redes Sociales (FUCIMDRES) en la tercera edici\u00f3n de su ranking anual de los 100 comunicadores m\u00e1s influyentes del pa\u00eds en 2025, en el cual el periodista Pedro Jim\u00e9nez se posiciona en el puesto n\u00famero 12.<\/p>\n<p>El periodista Pedro Jim\u00e9nez, con una trayectoria de m\u00e1s de 20 a\u00f1os interrumpidos en los medios de comunicaci\u00f3n nacional, contin\u00faa consolid\u00e1ndose como una de las figuras m\u00e1s influyentes del panorama medi\u00e1tico dominicano, tras ocupar la posici\u00f3n n\u00famero 12 en el ranking de los 100 comunicadores m\u00e1s influyentes de la Rep\u00fablica Dominicana en 2025, elaborado por la Fundaci\u00f3n del C\u00edrculo de Medios Digitales y Redes Sociales (FUCIMDRES).<\/p>\n<p>Este reconocimiento responde a su trayectoria, credibilidad y constante presencia en los medios de comunicaci\u00f3n, elementos que lo han posicionado como una voz relevante dentro del debate p\u00fablico nacional<\/p>\n<p>La iniciativa, liderada por el periodista Kelvin Fa\u00f1a, se ha consolidado como un instrumento clave para evaluar el posicionamiento, la credibilidad y el impacto de las principales figuras de la comunicaci\u00f3n dominicana.<\/p>\n<p><img loading=\"lazy\" decoding=\"async\" data-recalc-dims=\"1\" data-dominant-color=\"89aea4\" data-has-transparency=\"false\" style=\"--dominant-color: #89aea4\" class=\"alignnone size-full wp-image-3102301 not-transparent\" src=\"https:\/\/i0.wp.com\/nuevodiario-assets.s3.us-east-2.amazonaws.com\/wp-content\/uploads\/2026\/04\/WhatsApp-Image-2026-04-29-at-5.58.24-PM.jpeg?resize=640%2C494&#038;quality=100&#038;ssl=1\" alt=\"\" width=\"640\" height=\"494\" \/><\/p>\n<p>En esta tercera edici\u00f3n, el estudio fue desarrollado en conjunto con tres empresas de relaciones p\u00fablicas y se bas\u00f3 en encuestas realizadas a trav\u00e9s de Facebook e Instagram entre el 1 y el 15 de diciembre de 2025. En total, se registraron 402,022 votos, con la participaci\u00f3n de cientos de profesionales vinculados al \u00e1rea de la comunicaci\u00f3n.<\/p>\n<p>Pedro Jim\u00e9nez obtuvo 273,854 votos, destac\u00e1ndose en un listado que re\u00fane a periodistas, comunicadores radiales, presentadores de televisi\u00f3n y creadores de contenido digital con alta incidencia en la opini\u00f3n p\u00fablica.<\/p>\n<p>El ranking es encabezado por Santiago Mat\u00edas, seguido de Julio Mart\u00ednez Pozo y Nuria Piera, quienes ocupan las tres primeras posiciones.<\/p>\n<p>FUCIMDRES expres\u00f3 que este listado busca reflejar la evoluci\u00f3n del ecosistema comunicacional dominicano, donde la influencia se mide tanto en medios tradicionales como en plataformas digitales, y reconocer la capacidad de impacto, el nivel de credibilidad y la conexi\u00f3n con las audiencias, cualidades que definen el liderazgo medi\u00e1tico en la actualidad.<\/p>\n<p>Con esta publicaci\u00f3n, FUCIMDRES contin\u00faa fortaleciendo su posicionamiento como una entidad clave en el an\u00e1lisis del liderazgo medi\u00e1tico en la Rep\u00fablica Dominicana, mientras que la inclusi\u00f3n de Pedro Jim\u00e9nez en este listado reafirma su relevancia dentro del periodismo nacional.<\/p>\n<p>La entrada <a href=\"https:\/\/elnuevodiario.com.do\/pedro-jimenez-destaca-entre-los-15-periodistas-mas-influyentes-del-pais\/\">Pedro Jim\u00e9nez destaca entre los 15 periodistas m\u00e1s influyentes del pa\u00eds<\/a> se public\u00f3 primero en <a href=\"https:\/\/elnuevodiario.com.do\">El Nuevo Diario (Rep\u00fablica Dominicana)<\/a>.<\/p>\n","protected":false},"excerpt":{"rendered":"<p>EL NUEVO DIARIO, SANTO DOMINGO. &#8211; La Fundaci\u00f3n del C\u00edrculo de Medios Digitales y Redes Sociales (FUCIMDRES) en la tercera edici\u00f3n de su ranking anual de los 100 comunicadores m\u00e1s influyentes del pa\u00eds en 2025, en el cual el periodista Pedro Jim\u00e9nez se posiciona en el puesto n\u00famero 12. El periodista Pedro Jim\u00e9nez, con una<\/p>\n","protected":false},"author":1,"featured_media":37981,"comment_status":"open","ping_status":"open","sticky":false,"template":"","format":"standard","meta":{"footnotes":""},"categories":[1],"tags":[],"class_list":["post-37980","post","type-post","status-publish","format-standard","has-post-thumbnail","hentry","category-nacionales"],"_links":{"self":[{"href":"https:\/\/acronoticias.com\/index.php\/wp-json\/wp\/v2\/posts\/37980","targetHints":{"allow":["GET"]}}],"collection":[{"href":"https:\/\/acronoticias.com\/index.php\/wp-json\/wp\/v2\/posts"}],"about":[{"href":"https:\/\/acronoticias.com\/index.php\/wp-json\/wp\/v2\/types\/post"}],"author":[{"embeddable":true,"href":"https:\/\/acronoticias.com\/index.php\/wp-json\/wp\/v2\/users\/1"}],"replies":[{"embeddable":true,"href":"https:\/\/acronoticias.com\/index.php\/wp-json\/wp\/v2\/comments?post=37980"}],"version-history":[{"count":0,"href":"https:\/\/acronoticias.com\/index.php\/wp-json\/wp\/v2\/posts\/37980\/revisions"}],"wp:featuredmedia":[{"embeddable":true,"href":"https:\/\/acronoticias.com\/index.php\/wp-json\/wp\/v2\/media\/37981"}],"wp:attachment":[{"href":"https:\/\/acronoticias.com\/index.php\/wp-json\/wp\/v2\/media?parent=37980"}],"wp:term":[{"taxonomy":"category","embeddable":true,"href":"https:\/\/acronoticias.com\/index.php\/wp-json\/wp\/v2\/categories?post=37980"},{"taxonomy":"post_tag","embeddable":true,"href":"https:\/\/acronoticias.com\/index.php\/wp-json\/wp\/v2\/tags?post=37980"}],"curies":[{"name":"wp","href":"https:\/\/api.w.org\/{rel}","templated":true}]}}