{"id":37974,"date":"2026-04-29T21:43:48","date_gmt":"2026-04-29T21:43:48","guid":{"rendered":"https:\/\/acronoticias.com\/index.php\/2026\/04\/29\/comision-del-mopc-evalua-tramo-critico-en-carretera-tenares-gaspar-hernandez-tras-derrumbe-por-lluvias\/"},"modified":"2026-04-29T21:43:48","modified_gmt":"2026-04-29T21:43:48","slug":"comision-del-mopc-evalua-tramo-critico-en-carretera-tenares-gaspar-hernandez-tras-derrumbe-por-lluvias","status":"publish","type":"post","link":"https:\/\/acronoticias.com\/index.php\/2026\/04\/29\/comision-del-mopc-evalua-tramo-critico-en-carretera-tenares-gaspar-hernandez-tras-derrumbe-por-lluvias\/","title":{"rendered":"Comisi\u00f3n del MOPC eval\u00faa tramo cr\u00edtico en carretera Tenares\u2013Gaspar Hern\u00e1ndez tras derrumbe por lluvias"},"content":{"rendered":"<p><img decoding=\"async\" width=\"355\" height=\"200\" src=\"https:\/\/nuevodiario-assets.s3.us-east-2.amazonaws.com\/wp-content\/uploads\/2026\/04\/Derrumbe-en-carretera-Tenares%E2%80%93Gaspar-Hernandez-Foto-LincoIn-Minaya-4-355x200.jpeg\" class=\"webfeedsFeaturedVisual not-transparent wp-post-image\" alt=\"\" style=\"--dominant-color: #6f7059;margin-bottom: 5px;clear:both;max-width: 100%\" loading=\"lazy\" data-has-transparency=\"false\" data-dominant-color=\"6f7059\" \/><\/p>\n<p>EL NUEVO DIARIO, HERMANAS MIRABAL.- Una comisi\u00f3n del Ministerio de Obras P\u00fablicas y Comunicaciones (MOPC), encabezada por el ingeniero Isa\u00edas Polanco, realiz\u00f3 este mi\u00e9rcoles una inspecci\u00f3n en el tramo afectado de la carretera Tenares\u2013Gaspar Hern\u00e1ndez, espec\u00edficamente en la comunidad Las Flores, pr\u00f3ximo a Blanco al Medio, donde recientes lluvias provocaron un derrumbe.<\/p>\n<p>La delegaci\u00f3n estuvo integrada, adem\u00e1s, por la directora provincial del MOPC en Hermanas Mirabal, Josefina Marte, y la supervisora provincial, ingeniera Keilin Luciano, quienes evaluaron las condiciones del \u00e1rea con el prop\u00f3sito de coordinar acciones que garanticen la seguridad vial y una intervenci\u00f3n oportuna.<\/p>\n<p>De acuerdo con el levantamiento realizado, el deslizamiento de tierra representa una amenaza latente para la circulaci\u00f3n en esta importante v\u00eda.<\/p>\n<p><a href=\"https:\/\/videos.files.wordpress.com\/QN0czvBL\/derrumbe-en-carretera-tenarese28093gaspar-hernandez-video-lincoin-minaya.mp4\">Derrumbe en carretera Tenares\u2013Gaspar Hern\u00e1ndez (Video: LincoIn Minaya)<\/a><\/p>\n<p>Las autoridades indicaron que el objetivo inmediato es definir medidas que permitan mitigar los riesgos y restablecer la seguridad en el tr\u00e1nsito, ante el deterioro progresivo que presenta la carretera en varios de sus tramos, agravado por fallas geol\u00f3gicas en la zona.<\/p>\n<p>La carretera ecotur\u00edstica Tenares\u2013Gaspar Hern\u00e1ndez es considerada estrat\u00e9gica para la conexi\u00f3n del Cibao Central con la costa atl\u00e1ntica, facilitando la movilidad, el intercambio agr\u00edcola y el desarrollo tur\u00edstico de la regi\u00f3n. Su entorno natural, caracterizado por paisajes monta\u00f1osos y la presencia de amapolas, la convierte adem\u00e1s en un atractivo de gran valor.<\/p>\n<p>El Consejo Regional de Desarrollo, junto a comunicadores y medios de alcance nacional y regional, han mantenido el tema en la agenda p\u00fablica, resaltando la urgencia de una soluci\u00f3n definitiva para esta v\u00eda.<\/p>\n<p>ADDP\/<\/p>\n<p><a href=\"https:\/\/elnuevodiario.com.do\/comision-del-mopc-evalua-tramo-critico-en-carretera-tenares-gaspar-hernandez-tras-derrumbe-por-lluvias\/derrumbe-en-carretera-tenares-gaspar-hernandez-foto-lincoin-minaya-1\/\"><img decoding=\"async\" data-recalc-dims=\"1\" loading=\"lazy\" width=\"640\" height=\"480\" src=\"https:\/\/i0.wp.com\/nuevodiario-assets.s3.us-east-2.amazonaws.com\/wp-content\/uploads\/2026\/04\/Derrumbe-en-carretera-Tenares%E2%80%93Gaspar-Hernandez-Foto-LincoIn-Minaya-1.jpeg?resize=640%2C480&#038;quality=100&#038;ssl=1\" class=\"attachment-full size-full not-transparent\" alt=\"\" data-has-transparency=\"false\" data-dominant-color=\"87847e\" style=\"--dominant-color: #87847e\" \/><\/a><br \/>\n<a href=\"https:\/\/elnuevodiario.com.do\/comision-del-mopc-evalua-tramo-critico-en-carretera-tenares-gaspar-hernandez-tras-derrumbe-por-lluvias\/derrumbe-en-carretera-tenares-gaspar-hernandez-foto-lincoin-minaya-5\/\"><img decoding=\"async\" data-recalc-dims=\"1\" loading=\"lazy\" width=\"640\" height=\"480\" src=\"https:\/\/i0.wp.com\/nuevodiario-assets.s3.us-east-2.amazonaws.com\/wp-content\/uploads\/2026\/04\/Derrumbe-en-carretera-Tenares%E2%80%93Gaspar-Hernandez-Foto-LincoIn-Minaya-5.jpeg?resize=640%2C480&#038;quality=100&#038;ssl=1\" class=\"attachment-full size-full not-transparent\" alt=\"\" data-has-transparency=\"false\" data-dominant-color=\"817e78\" style=\"--dominant-color: #817e78\" \/><\/a><br \/>\n<a href=\"https:\/\/elnuevodiario.com.do\/comision-del-mopc-evalua-tramo-critico-en-carretera-tenares-gaspar-hernandez-tras-derrumbe-por-lluvias\/derrumbe-en-carretera-tenares-gaspar-hernandez-foto-lincoin-minaya-3\/\"><img decoding=\"async\" data-recalc-dims=\"1\" loading=\"lazy\" width=\"640\" height=\"480\" src=\"https:\/\/i0.wp.com\/nuevodiario-assets.s3.us-east-2.amazonaws.com\/wp-content\/uploads\/2026\/04\/Derrumbe-en-carretera-Tenares%E2%80%93Gaspar-Hernandez-Foto-LincoIn-Minaya-3.jpeg?resize=640%2C480&#038;quality=100&#038;ssl=1\" class=\"attachment-full size-full not-transparent\" alt=\"\" data-has-transparency=\"false\" data-dominant-color=\"92887c\" style=\"--dominant-color: #92887c\" \/><\/a><br \/>\n<a href=\"https:\/\/elnuevodiario.com.do\/comision-del-mopc-evalua-tramo-critico-en-carretera-tenares-gaspar-hernandez-tras-derrumbe-por-lluvias\/derrumbe-en-carretera-tenares-gaspar-hernandez-foto-lincoin-minaya-2\/\"><img decoding=\"async\" data-recalc-dims=\"1\" loading=\"lazy\" width=\"640\" height=\"480\" src=\"https:\/\/i0.wp.com\/nuevodiario-assets.s3.us-east-2.amazonaws.com\/wp-content\/uploads\/2026\/04\/Derrumbe-en-carretera-Tenares%E2%80%93Gaspar-Hernandez-Foto-LincoIn-Minaya-2.jpeg?resize=640%2C480&#038;quality=100&#038;ssl=1\" class=\"attachment-full size-full not-transparent\" alt=\"\" data-has-transparency=\"false\" data-dominant-color=\"707369\" style=\"--dominant-color: #707369\" \/><\/a><\/p>\n<p>La entrada <a href=\"https:\/\/elnuevodiario.com.do\/comision-del-mopc-evalua-tramo-critico-en-carretera-tenares-gaspar-hernandez-tras-derrumbe-por-lluvias\/\">Comisi\u00f3n del MOPC eval\u00faa tramo cr\u00edtico en carretera Tenares\u2013Gaspar Hern\u00e1ndez tras derrumbe por lluvias<\/a> se public\u00f3 primero en <a href=\"https:\/\/elnuevodiario.com.do\">El Nuevo Diario (Rep\u00fablica Dominicana)<\/a>.<\/p>\n","protected":false},"excerpt":{"rendered":"<p>EL NUEVO DIARIO, HERMANAS MIRABAL.- Una comisi\u00f3n del Ministerio de Obras P\u00fablicas y Comunicaciones (MOPC), encabezada por el ingeniero Isa\u00edas Polanco, realiz\u00f3 este mi\u00e9rcoles una inspecci\u00f3n en el tramo afectado de la carretera Tenares\u2013Gaspar Hern\u00e1ndez, espec\u00edficamente en la comunidad Las Flores, pr\u00f3ximo a Blanco al Medio, donde recientes lluvias provocaron un derrumbe. La delegaci\u00f3n estuvo<\/p>\n","protected":false},"author":1,"featured_media":37975,"comment_status":"open","ping_status":"open","sticky":false,"template":"","format":"standard","meta":{"footnotes":""},"categories":[1],"tags":[],"class_list":["post-37974","post","type-post","status-publish","format-standard","has-post-thumbnail","hentry","category-nacionales"],"_links":{"self":[{"href":"https:\/\/acronoticias.com\/index.php\/wp-json\/wp\/v2\/posts\/37974","targetHints":{"allow":["GET"]}}],"collection":[{"href":"https:\/\/acronoticias.com\/index.php\/wp-json\/wp\/v2\/posts"}],"about":[{"href":"https:\/\/acronoticias.com\/index.php\/wp-json\/wp\/v2\/types\/post"}],"author":[{"embeddable":true,"href":"https:\/\/acronoticias.com\/index.php\/wp-json\/wp\/v2\/users\/1"}],"replies":[{"embeddable":true,"href":"https:\/\/acronoticias.com\/index.php\/wp-json\/wp\/v2\/comments?post=37974"}],"version-history":[{"count":0,"href":"https:\/\/acronoticias.com\/index.php\/wp-json\/wp\/v2\/posts\/37974\/revisions"}],"wp:featuredmedia":[{"embeddable":true,"href":"https:\/\/acronoticias.com\/index.php\/wp-json\/wp\/v2\/media\/37975"}],"wp:attachment":[{"href":"https:\/\/acronoticias.com\/index.php\/wp-json\/wp\/v2\/media?parent=37974"}],"wp:term":[{"taxonomy":"category","embeddable":true,"href":"https:\/\/acronoticias.com\/index.php\/wp-json\/wp\/v2\/categories?post=37974"},{"taxonomy":"post_tag","embeddable":true,"href":"https:\/\/acronoticias.com\/index.php\/wp-json\/wp\/v2\/tags?post=37974"}],"curies":[{"name":"wp","href":"https:\/\/api.w.org\/{rel}","templated":true}]}}