{"id":37968,"date":"2026-04-29T21:11:39","date_gmt":"2026-04-29T21:11:39","guid":{"rendered":"https:\/\/acronoticias.com\/index.php\/2026\/04\/29\/ambientalista-luis-carvajal-denuncia-mafias-de-agregados-y-falta-de-licencia-social-en-explotaciones\/"},"modified":"2026-04-29T21:11:39","modified_gmt":"2026-04-29T21:11:39","slug":"ambientalista-luis-carvajal-denuncia-mafias-de-agregados-y-falta-de-licencia-social-en-explotaciones","status":"publish","type":"post","link":"https:\/\/acronoticias.com\/index.php\/2026\/04\/29\/ambientalista-luis-carvajal-denuncia-mafias-de-agregados-y-falta-de-licencia-social-en-explotaciones\/","title":{"rendered":"Ambientalista Luis Carvajal denuncia mafias de agregados y falta de licencia social en explotaciones"},"content":{"rendered":"<p><img loading=\"lazy\" decoding=\"async\" width=\"355\" height=\"200\" src=\"https:\/\/nuevodiario-assets.s3.us-east-2.amazonaws.com\/wp-content\/uploads\/2026\/04\/Captura-de-pantalla-2026-04-29-170149-355x200.png\" class=\"webfeedsFeaturedVisual not-transparent wp-post-image\" alt=\"\" style=\"--dominant-color: #a25693;margin-bottom: 5px;clear:both;max-width: 100%\" data-has-transparency=\"false\" data-dominant-color=\"a25693\" \/><\/p>\n<p>EL NUEVO DIARIO, SANTO DOMINGO.-\u00a0 El ambientalista y coordinador de la Comisi\u00f3n Ambiental de la Universidad Aut\u00f3noma de Santo Domingo (UASD), Luis Carvajal, denunci\u00f3 la existencia de un \u00abdesorden hist\u00f3rico\u00bb y una presunta \u00abred de complicidades\u00bb que permite la explotaci\u00f3n irregular de agregados en la provincia de Barahona y San Juan.<\/p>\n<p>Carvajal advirti\u00f3 que la extracci\u00f3n de materiales, bajo el pretexto de \u00abadecuaci\u00f3n de cauce\u00bb, est\u00e1 devastando ecosistemas cr\u00edticos y operando al margen de la ley, en una actividad que calific\u00f3 como \u00abm\u00e1s lucrativa que el narcotr\u00e1fico\u00bb.<\/p>\n<p>Hace dos a\u00f1os, diversos expertos ambientalistas aseguraron que para la realizaci\u00f3n de cualquier proyecto minero en Rep\u00fablica Dominicana, como el caso de la grancera en el distrito municipal de El Cach\u00f3n, provincia Barahona, se requiere del permiso social ambiental, que es el que otorga la comunidad y que est\u00e1 contemplado en la ley.<\/p>\n<p>En esa ocasi\u00f3n, Carvajal, junto a especialistas como Fernando Pe\u00f1a y Maritza Ruiz, coincidieron en que este aval es un componente estructural del proceso legal y que cualquier extracci\u00f3n que lo ignore constituye una violaci\u00f3n que demanda la intervenci\u00f3n de las autoridades.<\/p>\n<p>Esta problem\u00e1tica no es exclusiva de Barahona; el ambientalista advirti\u00f3 que en la provincia de San Juan se replica un escenario cr\u00edtico con m\u00e1s el proyecto \u00abRomero\u00bb y otras 20 concesiones mineras que abarcan casi la totalidad de la vertiente norte del valle. Carvajal denunci\u00f3 que estas operaciones se pretenden instalar precisamente en la cabecera del r\u00edo San Juan y sobre la presa de Sabaneta, lo que pone en riesgo directo el suministro de agua para el \u00abgranero del sur\u00bb.<\/p>\n<p>Al igual que en el caso de Barahona, el experto subray\u00f3 que el Estado intenta validar estudios de impacto individuales sin haber realizado primero una Evaluaci\u00f3n Ambiental Estrat\u00e9gica, un requisito legal indispensable para determinar si el territorio puede soportar la actividad minera sin comprometer su eje fundamental: el recurso h\u00eddrico.<\/p>\n<p>El experto hizo especial \u00e9nfasis en que proyectos actuales en zonas como La Gu\u00e1zara y El Cach\u00f3n carecen de legitimidad social. Seg\u00fan Carvajal, los reglamentos de evaluaci\u00f3n ambiental obligan a las empresas a presentar los proyectos a la comunidad para su aprobaci\u00f3n o rechazo en vistas p\u00fablicas dirigidas por el Estado, un proceso que asegura ha sido simulado en la regi\u00f3n.<\/p>\n<p>\u00abSi la comunidad no aprueba un proyecto no es posible desarrollarlo, el permiso social forma parte del permiso estructural\u00bb, afirm\u00f3 Carvajal, denunciando que en Barahona se han realizado convocatorias dirigidas por las propias empresas y no por el Ministerio de Medio Ambiente.<\/p>\n<p>\u00abEl Estado se pone, no del lado del bien p\u00fablico, sino del lado del inter\u00e9s privado\u00bb, sentenci\u00f3.<\/p>\n<p>Desde una perspectiva t\u00e9cnica, Carvajal se\u00f1al\u00f3 que el pa\u00eds necesita agregados, pero que la ley proh\u00edbe taxativamente extraerlos de los r\u00edos. Sin embargo, denunci\u00f3 que las autoridades permiten esta pr\u00e1ctica bajo el enga\u00f1o de supuestas correcciones de cauce que nunca se ejecutan.<\/p>\n<p>En el caso de El Cach\u00f3n, report\u00f3 el desmonte de casi 300 tareas de bosque nativo y end\u00e9mico, una acci\u00f3n que altera funciones ecol\u00f3gicas fundamentales para la estabilidad de la isla.<br \/>\nAsimismo, critic\u00f3 el impacto de la explotaci\u00f3n de carbonato c\u00e1lcico en el entorno del monumento natural Padre Domingo Fuerte y el naciente del r\u00edo Nisaito, advirtiendo sobre el d\u00e9ficit estructural de agua que ya afecta al sur del pa\u00eds.<\/p>\n<p>\u201cEl gobierno debe ser dr\u00e1stico con los violadores de la ley y proteger el sur que es el territorio con mayor desaf\u00edos sociales del pa\u00eds\u201d, agreg\u00f3.<\/p>\n<p>Finalmente, el ambientalista lament\u00f3 que el Ministerio de Medio Ambiente opere bajo lo que llam\u00f3 una \u00abred de complicidades\u00bb donde la capacidad de actuar depende del poder econ\u00f3mico o v\u00ednculo pol\u00edtico del infractor. Denunci\u00f3 un \u00abtrato diferencial\u00bb donde se castiga con severidad a ciudadanos por faltas menores, mientras se ignoran da\u00f1os ambientales masivos perpetrados por grandes intereses.<\/p>\n<p>Estas declaraciones fueron emitidas por el ambientalista Luis Carvajal durante una entrevista concedida al programa radial Politikal, transmitido por la emisora KQ 94.5 FM.<\/p>\n<p>La entrada <a href=\"https:\/\/elnuevodiario.com.do\/ambientalista-luis-carvajal-denuncia-mafias-de-agregados-y-falta-de-licencia-social-en-explotaciones\/\">Ambientalista Luis Carvajal denuncia mafias de agregados y falta de licencia social en explotaciones<\/a> se public\u00f3 primero en <a href=\"https:\/\/elnuevodiario.com.do\">El Nuevo Diario (Rep\u00fablica Dominicana)<\/a>.<\/p>\n","protected":false},"excerpt":{"rendered":"<p>EL NUEVO DIARIO, SANTO DOMINGO.-\u00a0 El ambientalista y coordinador de la Comisi\u00f3n Ambiental de la Universidad Aut\u00f3noma de Santo Domingo (UASD), Luis Carvajal, denunci\u00f3 la existencia de un \u00abdesorden hist\u00f3rico\u00bb y una presunta \u00abred de complicidades\u00bb que permite la explotaci\u00f3n irregular de agregados en la provincia de Barahona y San Juan. Carvajal advirti\u00f3 que la<\/p>\n","protected":false},"author":1,"featured_media":37969,"comment_status":"open","ping_status":"open","sticky":false,"template":"","format":"standard","meta":{"footnotes":""},"categories":[1],"tags":[],"class_list":["post-37968","post","type-post","status-publish","format-standard","has-post-thumbnail","hentry","category-nacionales"],"_links":{"self":[{"href":"https:\/\/acronoticias.com\/index.php\/wp-json\/wp\/v2\/posts\/37968","targetHints":{"allow":["GET"]}}],"collection":[{"href":"https:\/\/acronoticias.com\/index.php\/wp-json\/wp\/v2\/posts"}],"about":[{"href":"https:\/\/acronoticias.com\/index.php\/wp-json\/wp\/v2\/types\/post"}],"author":[{"embeddable":true,"href":"https:\/\/acronoticias.com\/index.php\/wp-json\/wp\/v2\/users\/1"}],"replies":[{"embeddable":true,"href":"https:\/\/acronoticias.com\/index.php\/wp-json\/wp\/v2\/comments?post=37968"}],"version-history":[{"count":0,"href":"https:\/\/acronoticias.com\/index.php\/wp-json\/wp\/v2\/posts\/37968\/revisions"}],"wp:featuredmedia":[{"embeddable":true,"href":"https:\/\/acronoticias.com\/index.php\/wp-json\/wp\/v2\/media\/37969"}],"wp:attachment":[{"href":"https:\/\/acronoticias.com\/index.php\/wp-json\/wp\/v2\/media?parent=37968"}],"wp:term":[{"taxonomy":"category","embeddable":true,"href":"https:\/\/acronoticias.com\/index.php\/wp-json\/wp\/v2\/categories?post=37968"},{"taxonomy":"post_tag","embeddable":true,"href":"https:\/\/acronoticias.com\/index.php\/wp-json\/wp\/v2\/tags?post=37968"}],"curies":[{"name":"wp","href":"https:\/\/api.w.org\/{rel}","templated":true}]}}