{"id":37966,"date":"2026-04-29T20:59:47","date_gmt":"2026-04-29T20:59:47","guid":{"rendered":"https:\/\/acronoticias.com\/index.php\/2026\/04\/29\/embajada-de-eeuu-en-mexico-respalda-acusacion-a-gobernador-de-sinaloa-por-nexos-criminales\/"},"modified":"2026-04-29T20:59:47","modified_gmt":"2026-04-29T20:59:47","slug":"embajada-de-eeuu-en-mexico-respalda-acusacion-a-gobernador-de-sinaloa-por-nexos-criminales","status":"publish","type":"post","link":"https:\/\/acronoticias.com\/index.php\/2026\/04\/29\/embajada-de-eeuu-en-mexico-respalda-acusacion-a-gobernador-de-sinaloa-por-nexos-criminales\/","title":{"rendered":"Embajada de EEUU en M\u00e9xico respalda acusaci\u00f3n a gobernador de Sinaloa por nexos criminales"},"content":{"rendered":"<p><strong>Ciudad de M\u00e9xico.-<\/strong> La Embajada de Estados Unidos en M\u00e9xico respald\u00f3 este mi\u00e9rcoles la <strong>acusaci\u00f3n presentada en Nueva York<\/strong> contra el gobernador de Sinaloa, <strong>Rub\u00e9n Rocha Moya<\/strong>, y otros funcionarios por presunta <strong>conspiraci\u00f3n con el narcotr\u00e1fico<\/strong>.<\/p>\n<p>El se\u00f1alamiento involucra a nueve funcionarios m\u00e1s, quienes habr\u00edan colaborado con el <strong>C\u00e1rtel de Sinaloa<\/strong> para facilitar el env\u00edo de <strong>narc\u00f3ticos hacia Estados Unidos<\/strong> a cambio de sobornos y respaldo pol\u00edtico.<\/p>\n<p>La representaci\u00f3n diplom\u00e1tica estadounidense indic\u00f3 que, aunque no puede detallar el caso, mantiene su compromiso de <strong>investigar y sancionar la corrupci\u00f3n vinculada al crimen organizado<\/strong> cuando tenga jurisdicci\u00f3n.<\/p>\n<figure class=\"wp-block-image size-full\"><img loading=\"lazy\" decoding=\"async\" width=\"800\" height=\"533\" src=\"https:\/\/multimedia.noticiassin.com\/wp-content\/uploads\/2026\/04\/embajada-de-eeuu-en-mexico-respalda-acusacion-a-gobernador-de-sinaloa-por-nexos-20260429-203948-6mAa.png\" alt=\"\" class=\"wp-image-1988869\" \/><\/figure>\n<h3 class=\"wp-block-heading\">Postura de Estados Unidos<\/h3>\n<h3 class=\"wp-block-heading\">Implicaciones del caso<\/h3>\n<p>En un comunicado, la embajada subray\u00f3 que combatir la <strong>delincuencia transnacional y la corrupci\u00f3n<\/strong> es una prioridad compartida entre ambos pa\u00edses.<\/p>\n<p>Asimismo, reafirm\u00f3 que Estados Unidos continuar\u00e1 aplicando <strong>leyes anticorrupci\u00f3n<\/strong> y promoviendo el respeto al <strong>Estado de derecho<\/strong>.<\/p>\n<p>\u201cLa corrupci\u00f3n que facilita el crimen organizado ser\u00e1 investigada y procesada\u201d, indic\u00f3 la sede diplom\u00e1tica, destacando su <strong>determinaci\u00f3n en perseguir estos delitos<\/strong>.<\/p>\n<p>Tambi\u00e9n reiter\u00f3 que seguir\u00e1 colaborando con M\u00e9xico para fortalecer la <strong>seguridad, la transparencia institucional y la rendici\u00f3n de cuentas<\/strong>.<\/p>\n<p>La reacci\u00f3n ocurre despu\u00e9s de que el <strong>Departamento de Justicia de Estados Unidos<\/strong> anunciara cargos formales por <strong>narcotr\u00e1fico y armas<\/strong> contra Rocha Moya y otros funcionarios.<\/p>\n<p>Seg\u00fan la acusaci\u00f3n, los implicados habr\u00edan <strong>protegido operaciones del c\u00e1rtel<\/strong>, facilitando informaci\u00f3n y permitiendo el tr\u00e1fico de drogas a cambio de <strong>sobornos millonarios<\/strong>.<\/p>\n<p>Entre los se\u00f1alados figuran el exsecretario de Seguridad, <strong>Gerardo M\u00e9rida S\u00e1nchez<\/strong>, y el alcalde de Culiac\u00e1n, <strong>Juan de Dios G\u00e1mez Mend\u00edvil<\/strong>, junto a otros mandos de seguridad.<\/p>\n<p>El caso se produce en medio de una <strong>crisis de violencia en Sinaloa<\/strong>, vinculada a disputas internas del c\u00e1rtel tras la captura de <strong>Ismael El Mayo Zambada<\/strong>.<\/p>\n<ul class=\"wp-block-list\">\n<li>Este hecho ocurri\u00f3 luego de que <strong>Joaqu\u00edn Guzm\u00e1n L\u00f3pez<\/strong> lo entregara a autoridades estadounidenses, intensificando el conflicto interno.<\/li>\n<\/ul>\n<p>Desde entonces, la regi\u00f3n ha registrado <strong>altos niveles de homicidios y desapariciones<\/strong>, evidenciando el impacto de la lucha entre facciones criminales.<\/p>\n<p>Cabe destacar que el <strong>C\u00e1rtel de Sinaloa<\/strong> fue incluido por Estados Unidos en 2025 en la lista de <strong>organizaciones consideradas terroristas<\/strong>, junto a otros grupos delictivos mexicanos.<\/p>\n","protected":false},"excerpt":{"rendered":"<p>Ciudad de M\u00e9xico.- La Embajada de Estados Unidos en M\u00e9xico respald\u00f3 este mi\u00e9rcoles la acusaci\u00f3n presentada en Nueva York contra el gobernador de Sinaloa, Rub\u00e9n Rocha Moya, y otros funcionarios por presunta conspiraci\u00f3n con el narcotr\u00e1fico. El se\u00f1alamiento involucra a nueve funcionarios m\u00e1s, quienes habr\u00edan colaborado con el C\u00e1rtel de Sinaloa para facilitar el env\u00edo<\/p>\n","protected":false},"author":1,"featured_media":37967,"comment_status":"open","ping_status":"open","sticky":false,"template":"","format":"standard","meta":{"footnotes":""},"categories":[3],"tags":[],"class_list":["post-37966","post","type-post","status-publish","format-standard","has-post-thumbnail","hentry","category-internacionales"],"_links":{"self":[{"href":"https:\/\/acronoticias.com\/index.php\/wp-json\/wp\/v2\/posts\/37966","targetHints":{"allow":["GET"]}}],"collection":[{"href":"https:\/\/acronoticias.com\/index.php\/wp-json\/wp\/v2\/posts"}],"about":[{"href":"https:\/\/acronoticias.com\/index.php\/wp-json\/wp\/v2\/types\/post"}],"author":[{"embeddable":true,"href":"https:\/\/acronoticias.com\/index.php\/wp-json\/wp\/v2\/users\/1"}],"replies":[{"embeddable":true,"href":"https:\/\/acronoticias.com\/index.php\/wp-json\/wp\/v2\/comments?post=37966"}],"version-history":[{"count":0,"href":"https:\/\/acronoticias.com\/index.php\/wp-json\/wp\/v2\/posts\/37966\/revisions"}],"wp:featuredmedia":[{"embeddable":true,"href":"https:\/\/acronoticias.com\/index.php\/wp-json\/wp\/v2\/media\/37967"}],"wp:attachment":[{"href":"https:\/\/acronoticias.com\/index.php\/wp-json\/wp\/v2\/media?parent=37966"}],"wp:term":[{"taxonomy":"category","embeddable":true,"href":"https:\/\/acronoticias.com\/index.php\/wp-json\/wp\/v2\/categories?post=37966"},{"taxonomy":"post_tag","embeddable":true,"href":"https:\/\/acronoticias.com\/index.php\/wp-json\/wp\/v2\/tags?post=37966"}],"curies":[{"name":"wp","href":"https:\/\/api.w.org\/{rel}","templated":true}]}}