{"id":37964,"date":"2026-04-29T20:56:07","date_gmt":"2026-04-29T20:56:07","guid":{"rendered":"https:\/\/acronoticias.com\/index.php\/2026\/04\/29\/senado-rinde-homenaje-postumo-a-rene-fortunato-por-su-legado-historico-y-cultural\/"},"modified":"2026-04-29T20:56:07","modified_gmt":"2026-04-29T20:56:07","slug":"senado-rinde-homenaje-postumo-a-rene-fortunato-por-su-legado-historico-y-cultural","status":"publish","type":"post","link":"https:\/\/acronoticias.com\/index.php\/2026\/04\/29\/senado-rinde-homenaje-postumo-a-rene-fortunato-por-su-legado-historico-y-cultural\/","title":{"rendered":"Senado rinde homenaje p\u00f3stumo a Ren\u00e9 Fortunato por su legado hist\u00f3rico y cultural"},"content":{"rendered":"<p><img decoding=\"async\" width=\"355\" height=\"200\" src=\"https:\/\/nuevodiario-assets.s3.us-east-2.amazonaws.com\/wp-content\/uploads\/2026\/04\/e790edb9-cb69-468c-ab53-0e35318b503f-355x200.jpg\" class=\"webfeedsFeaturedVisual not-transparent wp-post-image\" alt=\"\" style=\"--dominant-color: #8c919a;margin-bottom: 5px;clear:both;max-width: 100%\" loading=\"lazy\" data-has-transparency=\"false\" data-dominant-color=\"8c919a\" \/><\/p>\n<p>EL NUEVO DIARIO, SANTO DOMINGO.\u2013 El Senado de la Rep\u00fablica otorg\u00f3 un reconocimiento p\u00f3stumo al cineasta, documentalista, guionista, investigador y productor audiovisual Ren\u00e9 Antonio Fortunato Gass\u00f3, en honor a su trascendental contribuci\u00f3n al fortalecimiento de la identidad nacional y a la difusi\u00f3n de la historia pol\u00edtica dominicana.<\/p>\n<p>La distinci\u00f3n fue conferida mediante una resoluci\u00f3n aprobada a unanimidad por el Pleno Senatorial, iniciativa presentada por el vicepresidente del Senado, Pedro Catrain, representante de la provincia Saman\u00e1, en la que se resalta la vida y obra de Ren\u00e9 Fortunato, quien dedic\u00f3 su carrera a la reconstrucci\u00f3n de la memoria hist\u00f3rica del pa\u00eds, posicion\u00e1ndose como una de las figuras m\u00e1s influyentes del documental hist\u00f3rico-pol\u00edtico en la Rep\u00fablica Dominicana.<\/p>\n<p>De acuerdo a una nota de prensa, durante la ceremonia, encabezada por el presidente del Senado, Ricardo de los Santos, se destac\u00f3 el compromiso del homenajeado con la verdad hist\u00f3rica, su defensa de la libertad de expresi\u00f3n y su firme aporte al desarrollo de la industria cinematogr\u00e1fica nacional. \u201cDeben sentir la gran satisfacci\u00f3n de que Ren\u00e9 Fortunato es un hombre sin el cual no se puede escribir la historia de la Rep\u00fablica Dominicana\u201d.<\/p>\n<figure id=\"attachment_3102198\" aria-describedby=\"caption-attachment-3102198\" style=\"width: 2560px\" class=\"wp-caption alignnone\"><img loading=\"lazy\" decoding=\"async\" data-recalc-dims=\"1\" data-dominant-color=\"9fa7af\" data-has-transparency=\"false\" style=\"--dominant-color: #9fa7af\" class=\"size-full wp-image-3102198 not-transparent\" src=\"https:\/\/i0.wp.com\/nuevodiario-assets.s3.us-east-2.amazonaws.com\/wp-content\/uploads\/2026\/04\/0b9eb6cf-0579-496b-992b-c088ee186f15-2-scaled.jpg?resize=640%2C426&#038;quality=100&#038;ssl=1\" alt=\"\" width=\"640\" height=\"426\" \/><figcaption id=\"caption-attachment-3102198\" class=\"wp-caption-text\"><em><strong>(Foto: Prensa Senado de la Republica Dominicana)<\/strong><\/em><\/figcaption><\/figure>\n<p>\u201cAl igual que otros grandes protagonistas de nuestro pa\u00eds, su trabajo ha permitido que hoy podamos conocer la historia desde una perspectiva pol\u00edtica, social y econ\u00f3mica. Esto solo es posible gracias a un periodismo responsable, objetivo y comprometido, como el que Rene Fortunato ejerci\u00f3, No hay palabras suficientes para describirlo. Sin \u00e9l, quiz\u00e1s muchas historias no se conocer\u00edan; pero gracias a su trabajo, hoy el pueblo dominicano conoce su pasado, se engrandece y honra su memoria\u201d, expres\u00f3 el presidente del Senado.<\/p>\n<p>El vicepresidente del Senado, Pedro Catrain, proponente de la iniciativa, valor\u00f3 la trascendencia de la obra del cineasta y su contribuci\u00f3n a la consolidaci\u00f3n de la memoria hist\u00f3rica nacional.<\/p>\n<p>\u201cHay hombres que construyen obras f\u00edsicas y otros que levantan edificios; Ren\u00e9 Fortunato, por el contrario, nos construy\u00f3 algo mucho m\u00e1s dif\u00edcil: nos devolvi\u00f3 la memoria del siglo XX dominicano. Gracias por ense\u00f1arnos que la patria no solo se defiende con fusiles, sino tambi\u00e9n con la verdad. Hoy esa verdad ya no est\u00e1 enterrada. Que nunca se apague tu c\u00e1mara; porque mientras ella filme, la Rep\u00fablica Dominicana tendr\u00e1 memoria\u201d, resalt\u00f3 el vicepresidente Pedro Catrain.<\/p>\n<figure id=\"attachment_3102187\" aria-describedby=\"caption-attachment-3102187\" style=\"width: 2560px\" class=\"wp-caption alignnone\"><img loading=\"lazy\" decoding=\"async\" data-recalc-dims=\"1\" data-dominant-color=\"99989c\" data-has-transparency=\"false\" style=\"--dominant-color: #99989c\" class=\"size-full wp-image-3102187 not-transparent\" src=\"https:\/\/i0.wp.com\/nuevodiario-assets.s3.us-east-2.amazonaws.com\/wp-content\/uploads\/2026\/04\/00e8a6d8-98d3-4b64-81bb-f96a10d2144b-scaled.jpg?resize=640%2C426&#038;quality=100&#038;ssl=1\" alt=\"\" width=\"640\" height=\"426\" \/><figcaption id=\"caption-attachment-3102187\" class=\"wp-caption-text\"><em><strong>(Foto: Prensa Senado de la Republica Dominicana)<\/strong><\/em><\/figcaption><\/figure>\n<p>El reconocimiento fue recibido por Matty V\u00e1squez, esposa del homenajeado, quien estuvo acompa\u00f1ada de sus hijos Diego y Ren\u00e9 Alejandro Fortunato V\u00e1squez. En nombre de la familia, V\u00e1squez expres\u00f3 palabras de agradecimiento, destacando la labor, el compromiso, la pasi\u00f3n y el legado intelectual del cineasta homenajeado.<\/p>\n<p>\u201cEs un honor para nuestra familia, recibir este reconocimiento a la trayectoria y al invaluable legado de Ren\u00e9, cuya obra ha contribuido de manera decisiva a preservar y difundir la memoria hist\u00f3rica y cultural de la Rep\u00fablica Dominicana. Agradecemos al Senado de la Rep\u00fablica por este justo reconocimiento que enaltece no solo la carrera de un creador, sino tambi\u00e9n el valor del cine como herramienta educativa, de reflexi\u00f3n y de construcci\u00f3n de identidad nacional. Su filmograf\u00eda constituye un testimonio vivo de nuestra historia\u201d, manifest\u00f3 V\u00e1squez.<\/p>\n<p>La resoluci\u00f3n establece que Fortunato, nacido el 1 de febrero de 1958 en Santo Domingo y fallecido el 19 de julio de 2025, fue ampliamente reconocido tanto a nivel nacional como internacional, recibiendo distinciones en festivales de cine y centros acad\u00e9micos por su aporte al conocimiento hist\u00f3rico y su enfoque cr\u00edtico sobre etapas determinantes de la vida pol\u00edtica nacional.<\/p>\n<p>Asimismo, se destaca su formaci\u00f3n en Comunicaci\u00f3n Social en la Universidad Aut\u00f3noma de Santo Domingo (UASD), as\u00ed como su trayectoria en medios de comunicaci\u00f3n, donde labor\u00f3 como productor, guionista y presentador en importantes canales de televisi\u00f3n, contribuyendo a la creaci\u00f3n de contenidos culturales y educativos.<\/p>\n<p>El documento legislativo resalta, adem\u00e1s, su visi\u00f3n innovadora al fundar su productora VEDA Films, y desarrollar proyectos de distribuci\u00f3n audiovisual que ampliaron el alcance del cine documental en el pa\u00eds, impulsando un mercado hasta entonces poco explorado. Su obra \u201cLa Trinchera del Honor\u201d marc\u00f3 un precedente en la defensa de la libertad de expresi\u00f3n, al enfrentar intentos de censura y abrir camino a producciones cr\u00edticas en el \u00e1mbito cinematogr\u00e1fico dominicano.<\/p>\n<p>El Senado valor\u00f3 que el legado de Ren\u00e9 Fortunato contin\u00faa vigente a trav\u00e9s de sus producciones, las cuales siguen siendo estudiadas y proyectadas en universidades, centros culturales y espacios acad\u00e9micos de la Rep\u00fablica Dominicana y de la regi\u00f3n, contribuyendo a una mejor comprensi\u00f3n de la historia contempor\u00e1nea del Caribe, especialmente de periodos como la dictadura de Rafael Le\u00f3nidas Trujillo y los gobiernos de Joaqu\u00edn Balaguer.<\/p>\n<p>Durante la actividad, adem\u00e1s de la presencia del presidente del Senado, Ricardo de los Santos, y del vicepresidente Pedro Catrain, asistieron los senadores H\u00e9ctor Acosta, Dagoberto Rodr\u00edguez Adames, Gustavo Lara Salazr, Edward Alexis Esp\u00edritusanto, Pedro Tineo, Mar\u00eda Mercedes Ortiz, Daniel Rivera, Aneudy Ortiz, Antonio Marte, Odalis Rodr\u00edguez, Carlos G\u00f3mez y Franklin Romero.<\/p>\n<p>Tambi\u00e9n estuvieron, destacadas personalidades del \u00e1mbito cultural y de la comunicaci\u00f3n, entre ellas la periodista Alicia Ortega; el abogado Eric Raful; el escritor Mateo Morrison y Marianna Vargas, directora general de la Direcci\u00f3n General de Cine de la Rep\u00fablica Dominicana (DGCINE), as\u00ed como allegados, comunicadores, periodistas, escritores, directores, funcionarios de la instituci\u00f3n, colaboradores e invitados especiales.<\/p>\n<p>La entrada <a href=\"https:\/\/elnuevodiario.com.do\/senado-rinde-homenaje-postumo-a-rene-fortunato-por-su-legado-historico-y-cultural\/\">Senado rinde homenaje p\u00f3stumo a Ren\u00e9 Fortunato por su legado hist\u00f3rico y cultural<\/a> se public\u00f3 primero en <a href=\"https:\/\/elnuevodiario.com.do\">El Nuevo Diario (Rep\u00fablica Dominicana)<\/a>.<\/p>\n","protected":false},"excerpt":{"rendered":"<p>EL NUEVO DIARIO, SANTO DOMINGO.\u2013 El Senado de la Rep\u00fablica otorg\u00f3 un reconocimiento p\u00f3stumo al cineasta, documentalista, guionista, investigador y productor audiovisual Ren\u00e9 Antonio Fortunato Gass\u00f3, en honor a su trascendental contribuci\u00f3n al fortalecimiento de la identidad nacional y a la difusi\u00f3n de la historia pol\u00edtica dominicana. La distinci\u00f3n fue conferida mediante una resoluci\u00f3n aprobada<\/p>\n","protected":false},"author":1,"featured_media":37965,"comment_status":"open","ping_status":"open","sticky":false,"template":"","format":"standard","meta":{"footnotes":""},"categories":[1],"tags":[],"class_list":["post-37964","post","type-post","status-publish","format-standard","has-post-thumbnail","hentry","category-nacionales"],"_links":{"self":[{"href":"https:\/\/acronoticias.com\/index.php\/wp-json\/wp\/v2\/posts\/37964","targetHints":{"allow":["GET"]}}],"collection":[{"href":"https:\/\/acronoticias.com\/index.php\/wp-json\/wp\/v2\/posts"}],"about":[{"href":"https:\/\/acronoticias.com\/index.php\/wp-json\/wp\/v2\/types\/post"}],"author":[{"embeddable":true,"href":"https:\/\/acronoticias.com\/index.php\/wp-json\/wp\/v2\/users\/1"}],"replies":[{"embeddable":true,"href":"https:\/\/acronoticias.com\/index.php\/wp-json\/wp\/v2\/comments?post=37964"}],"version-history":[{"count":0,"href":"https:\/\/acronoticias.com\/index.php\/wp-json\/wp\/v2\/posts\/37964\/revisions"}],"wp:featuredmedia":[{"embeddable":true,"href":"https:\/\/acronoticias.com\/index.php\/wp-json\/wp\/v2\/media\/37965"}],"wp:attachment":[{"href":"https:\/\/acronoticias.com\/index.php\/wp-json\/wp\/v2\/media?parent=37964"}],"wp:term":[{"taxonomy":"category","embeddable":true,"href":"https:\/\/acronoticias.com\/index.php\/wp-json\/wp\/v2\/categories?post=37964"},{"taxonomy":"post_tag","embeddable":true,"href":"https:\/\/acronoticias.com\/index.php\/wp-json\/wp\/v2\/tags?post=37964"}],"curies":[{"name":"wp","href":"https:\/\/api.w.org\/{rel}","templated":true}]}}