{"id":37962,"date":"2026-04-29T20:39:47","date_gmt":"2026-04-29T20:39:47","guid":{"rendered":"https:\/\/acronoticias.com\/index.php\/2026\/04\/29\/prm-califica-de-politica-e-insensata-campana-contra-alcaldesa-betty-geronimo\/"},"modified":"2026-04-29T20:39:47","modified_gmt":"2026-04-29T20:39:47","slug":"prm-califica-de-politica-e-insensata-campana-contra-alcaldesa-betty-geronimo","status":"publish","type":"post","link":"https:\/\/acronoticias.com\/index.php\/2026\/04\/29\/prm-califica-de-politica-e-insensata-campana-contra-alcaldesa-betty-geronimo\/","title":{"rendered":"PRM califica de \u201cpol\u00edtica e insensata\u201d campa\u00f1a contra alcaldesa Betty Ger\u00f3nimo"},"content":{"rendered":"<p><img loading=\"lazy\" decoding=\"async\" width=\"355\" height=\"200\" src=\"https:\/\/nuevodiario-assets.s3.us-east-2.amazonaws.com\/wp-content\/uploads\/2026\/04\/WhatsApp-Image-2026-04-29-at-15.51.56-355x200.jpeg\" class=\"webfeedsFeaturedVisual not-transparent wp-post-image\" alt=\"\" style=\"--dominant-color: #c3c5d0;margin-bottom: 5px;clear:both;max-width: 100%\" data-has-transparency=\"false\" data-dominant-color=\"c3c5d0\" \/><\/p>\n<p>EL NUEVO DIARIO, SANTO DOMINGO.- El Comit\u00e9 Municipal del Partido Revolucionario Moderno (PRM) calific\u00f3 como \u201cpol\u00edtica e insensata\u201d la campa\u00f1a que, seg\u00fan afirma, se ha orquestado contra la alcaldesa Betty Ger\u00f3nimo.<\/p>\n<p>De acuerdo con una nota de prensa, el presidente del Comit\u00e9 Municipal del PRM, Isidro Torres, sostuvo que sectores desplazados de la Alcald\u00eda de Santo Domingo Norte tras las pasadas elecciones mantienen una ofensiva con el prop\u00f3sito de desacreditar la imagen que, a su juicio, ha construido la actual alcaldesa sobre la base del trabajo continuo y el esfuerzo en favor de las comunidades.<\/p>\n<p>Afirm\u00f3 que la campa\u00f1a de ataques y cuestionamientos a la gesti\u00f3n municipal proviene de actores pol\u00edticos de la oposici\u00f3n que ya fueron derrotados por el PRM y su candidata en el proceso electoral de 2020. Torres destac\u00f3 que, durante sus dos a\u00f1os al frente del cabildo, la alcaldesa ha desarrollado una gesti\u00f3n cercana a los mun\u00edcipes, impulsando soluciones a problem\u00e1ticas comunitarias mediante el programa integral \u201cLa Alcald\u00eda en el Barrio\u201d. Indic\u00f3 que esta iniciativa ha impactado diversos sectores con jornadas de limpieza, retiro de residuos s\u00f3lidos, as\u00ed como asistencia a familias vulnerables mediante reparaci\u00f3n de viviendas, programas de salud y apoyo al emprendimiento.<\/p>\n<p>En el \u00e1mbito de infraestructura, se\u00f1al\u00f3 la construcci\u00f3n de aceras y contenes, la reparaci\u00f3n y pavimentaci\u00f3n de calles, as\u00ed como el fortalecimiento de centros comunales y funerarias municipales. Asimismo, resalt\u00f3 la intervenci\u00f3n de la estaci\u00f3n principal del Cuerpo de Bomberos de Villa Mella, que, seg\u00fan dijo, se encontraba en estado de abandono por gestiones anteriores.<\/p>\n<p>El dirigente pol\u00edtico tambi\u00e9n subray\u00f3 el respaldo al deporte y la juventud, mediante la construcci\u00f3n y mantenimiento de canchas y parques, adem\u00e1s de la entrega de utiler\u00eda deportiva.<\/p>\n<p>De igual forma, destac\u00f3 que, en coordinaci\u00f3n con el Gobierno central \u2014a trav\u00e9s de la CAASD, el Ministerio de Obras P\u00fablicas y el Ministerio de Vivienda\u2014, el ayuntamiento ha desarrollado programas de saneamiento ambiental, incluyendo la canalizaci\u00f3n y mantenimiento de ca\u00f1adas, construcci\u00f3n de polideportivos y proyectos de mejoramiento urbano, junto a iniciativas recreativas dirigidas a la ni\u00f1ez.<\/p>\n<p>En materia laboral, Torres valor\u00f3 el pago de prestaciones a exempleados municipales, se\u00f1alando que la alcaldesa ha destinado recursos del presupuesto para saldar deudas acumuladas de gestiones anteriores, en lo que calific\u00f3 como una muestra de sensibilidad y justicia social.<\/p>\n<p>Finalmente, consider\u00f3 que las cr\u00edticas responden a intereses pol\u00edticos y actitudes \u201cmezquinas\u201d, y exhort\u00f3 a la alcaldesa Betty Ger\u00f3nimo a no distraerse ante lo que defini\u00f3 como ataques infundados, reiterando su llamado a continuar enfocada en la gesti\u00f3n y el desarrollo del municipio.<\/p>\n<p>La entrada <a href=\"https:\/\/elnuevodiario.com.do\/prm-en-sdn-califica-de-politica-e-insensata-campana-contra-alcaldesa-betty-geronimo\/\">PRM califica de \u201cpol\u00edtica e insensata\u201d campa\u00f1a contra alcaldesa Betty Ger\u00f3nimo<\/a> se public\u00f3 primero en <a href=\"https:\/\/elnuevodiario.com.do\">El Nuevo Diario (Rep\u00fablica Dominicana)<\/a>.<\/p>\n","protected":false},"excerpt":{"rendered":"<p>EL NUEVO DIARIO, SANTO DOMINGO.- El Comit\u00e9 Municipal del Partido Revolucionario Moderno (PRM) calific\u00f3 como \u201cpol\u00edtica e insensata\u201d la campa\u00f1a que, seg\u00fan afirma, se ha orquestado contra la alcaldesa Betty Ger\u00f3nimo. De acuerdo con una nota de prensa, el presidente del Comit\u00e9 Municipal del PRM, Isidro Torres, sostuvo que sectores desplazados de la Alcald\u00eda de<\/p>\n","protected":false},"author":1,"featured_media":37963,"comment_status":"open","ping_status":"open","sticky":false,"template":"","format":"standard","meta":{"footnotes":""},"categories":[1],"tags":[],"class_list":["post-37962","post","type-post","status-publish","format-standard","has-post-thumbnail","hentry","category-nacionales"],"_links":{"self":[{"href":"https:\/\/acronoticias.com\/index.php\/wp-json\/wp\/v2\/posts\/37962","targetHints":{"allow":["GET"]}}],"collection":[{"href":"https:\/\/acronoticias.com\/index.php\/wp-json\/wp\/v2\/posts"}],"about":[{"href":"https:\/\/acronoticias.com\/index.php\/wp-json\/wp\/v2\/types\/post"}],"author":[{"embeddable":true,"href":"https:\/\/acronoticias.com\/index.php\/wp-json\/wp\/v2\/users\/1"}],"replies":[{"embeddable":true,"href":"https:\/\/acronoticias.com\/index.php\/wp-json\/wp\/v2\/comments?post=37962"}],"version-history":[{"count":0,"href":"https:\/\/acronoticias.com\/index.php\/wp-json\/wp\/v2\/posts\/37962\/revisions"}],"wp:featuredmedia":[{"embeddable":true,"href":"https:\/\/acronoticias.com\/index.php\/wp-json\/wp\/v2\/media\/37963"}],"wp:attachment":[{"href":"https:\/\/acronoticias.com\/index.php\/wp-json\/wp\/v2\/media?parent=37962"}],"wp:term":[{"taxonomy":"category","embeddable":true,"href":"https:\/\/acronoticias.com\/index.php\/wp-json\/wp\/v2\/categories?post=37962"},{"taxonomy":"post_tag","embeddable":true,"href":"https:\/\/acronoticias.com\/index.php\/wp-json\/wp\/v2\/tags?post=37962"}],"curies":[{"name":"wp","href":"https:\/\/api.w.org\/{rel}","templated":true}]}}