{"id":37960,"date":"2026-04-29T20:23:40","date_gmt":"2026-04-29T20:23:40","guid":{"rendered":"https:\/\/acronoticias.com\/index.php\/2026\/04\/29\/diputado-juan-bolivar-cuevas-davis-pide-definir-fecha-exacta-batalla-de-la-fuente-del-rodeo\/"},"modified":"2026-04-29T20:23:40","modified_gmt":"2026-04-29T20:23:40","slug":"diputado-juan-bolivar-cuevas-davis-pide-definir-fecha-exacta-batalla-de-la-fuente-del-rodeo","status":"publish","type":"post","link":"https:\/\/acronoticias.com\/index.php\/2026\/04\/29\/diputado-juan-bolivar-cuevas-davis-pide-definir-fecha-exacta-batalla-de-la-fuente-del-rodeo\/","title":{"rendered":"Diputado Juan Bol\u00edvar Cuevas Davis pide definir fecha exacta Batalla de la Fuente del Rodeo"},"content":{"rendered":"<p><img loading=\"lazy\" decoding=\"async\" width=\"355\" height=\"200\" src=\"https:\/\/nuevodiario-assets.s3.us-east-2.amazonaws.com\/wp-content\/uploads\/2026\/04\/Juan-Bolivar-Cuevas-355x200.jpeg\" class=\"webfeedsFeaturedVisual not-transparent wp-post-image\" alt=\"\" style=\"--dominant-color: #4b445a;margin-bottom: 5px;clear:both;max-width: 100%\" data-has-transparency=\"false\" data-dominant-color=\"4b445a\" \/><\/p>\n<p>EL NUEVO DIARIO, SANTO DOMINGO.- El diputado del oficialista Partido Revolucionario Moderno (PRM), Juan Bol\u00edvar Cuevas Davis, representante de la provincia Bahoruco, hizo un llamado a varias instituciones del \u00e1mbito hist\u00f3rico y cultural para esclarecer la fecha exacta de la Batalla de la Fuente del Rodeo, considerada un hecho relevante en la historia nacional.<\/p>\n<p>Durante una intervenci\u00f3n ante el hemiciclo, el legislador inst\u00f3 a la Comisi\u00f3n Permanente de Efem\u00e9rides Patrias, al Instituto Duartiano, a la Academia Dominicana de la Historia y al Ministerio de Cultura a realizar investigaciones formales que permitan establecer con precisi\u00f3n la fecha de dicho acontecimiento.<\/p>\n<p>Cuevas Davis sostuvo que los hombres y mujeres que participaron en esa batalla, defendiendo la soberan\u00eda nacional tras la proclamaci\u00f3n de la independencia el 27 de febrero de 1844, merecen un reconocimiento claro y sin ambig\u00fcedades hist\u00f3ricas.<\/p>\n<p>En ese sentido, abog\u00f3 por que para el a\u00f1o 2027, cuando se conmemore el 183 aniversario del hecho, exista una fecha definida que permita su celebraci\u00f3n oficial.<\/p>\n<p><a href=\"https:\/\/videos.files.wordpress.com\/Am4Jblyr\/juan-bolivar-cuevas.mp4\">juan-bolivar-cuevas-mp4<\/a><\/p>\n<p>El congresista record\u00f3 que tradicionalmente la efem\u00e9ride se celebraba el 13 de marzo; sin embargo, recientes investigaciones hist\u00f3ricas promovieron un cambio hacia el 11 de marzo, lo que ha generado confusi\u00f3n institucional.<\/p>\n<p>Indic\u00f3 que incluso, en medio de esta situaci\u00f3n, el Ej\u00e9rcito de Rep\u00fablica Dominicana retom\u00f3 la conmemoraci\u00f3n el d\u00eda 13, pese a que autoridades educativas se preparaban para realizar actos el d\u00eda 11.<\/p>\n<p>Finalmente, el legislador cuestion\u00f3 que provincias como Azua y Santiago cuenten con fechas patrias claramente establecidas, como las batallas del 19 y 30 de marzo, respectivamente, mientras Bahoruco a\u00fan enfrenta indefiniciones sobre lo que calific\u00f3 como el verdadero \u201cprimer bautismo de sangre\u201d de la naci\u00f3n dominicana.<\/p>\n<p>&nbsp;<\/p>\n<p>&nbsp;<\/p>\n<p>JSB\/<\/p>\n<p>La entrada <a href=\"https:\/\/elnuevodiario.com.do\/diputado-juan-bolivar-cuevas-davis-pide-definir-fecha-exacta-batalla-de-la-fuente-del-rodeo\/\">Diputado Juan Bol\u00edvar Cuevas Davis pide definir fecha exacta Batalla de la Fuente del Rodeo<\/a> se public\u00f3 primero en <a href=\"https:\/\/elnuevodiario.com.do\">El Nuevo Diario (Rep\u00fablica Dominicana)<\/a>.<\/p>\n","protected":false},"excerpt":{"rendered":"<p>EL NUEVO DIARIO, SANTO DOMINGO.- El diputado del oficialista Partido Revolucionario Moderno (PRM), Juan Bol\u00edvar Cuevas Davis, representante de la provincia Bahoruco, hizo un llamado a varias instituciones del \u00e1mbito hist\u00f3rico y cultural para esclarecer la fecha exacta de la Batalla de la Fuente del Rodeo, considerada un hecho relevante en la historia nacional. Durante<\/p>\n","protected":false},"author":1,"featured_media":37961,"comment_status":"open","ping_status":"open","sticky":false,"template":"","format":"standard","meta":{"footnotes":""},"categories":[1],"tags":[],"class_list":["post-37960","post","type-post","status-publish","format-standard","has-post-thumbnail","hentry","category-nacionales"],"_links":{"self":[{"href":"https:\/\/acronoticias.com\/index.php\/wp-json\/wp\/v2\/posts\/37960","targetHints":{"allow":["GET"]}}],"collection":[{"href":"https:\/\/acronoticias.com\/index.php\/wp-json\/wp\/v2\/posts"}],"about":[{"href":"https:\/\/acronoticias.com\/index.php\/wp-json\/wp\/v2\/types\/post"}],"author":[{"embeddable":true,"href":"https:\/\/acronoticias.com\/index.php\/wp-json\/wp\/v2\/users\/1"}],"replies":[{"embeddable":true,"href":"https:\/\/acronoticias.com\/index.php\/wp-json\/wp\/v2\/comments?post=37960"}],"version-history":[{"count":0,"href":"https:\/\/acronoticias.com\/index.php\/wp-json\/wp\/v2\/posts\/37960\/revisions"}],"wp:featuredmedia":[{"embeddable":true,"href":"https:\/\/acronoticias.com\/index.php\/wp-json\/wp\/v2\/media\/37961"}],"wp:attachment":[{"href":"https:\/\/acronoticias.com\/index.php\/wp-json\/wp\/v2\/media?parent=37960"}],"wp:term":[{"taxonomy":"category","embeddable":true,"href":"https:\/\/acronoticias.com\/index.php\/wp-json\/wp\/v2\/categories?post=37960"},{"taxonomy":"post_tag","embeddable":true,"href":"https:\/\/acronoticias.com\/index.php\/wp-json\/wp\/v2\/tags?post=37960"}],"curies":[{"name":"wp","href":"https:\/\/api.w.org\/{rel}","templated":true}]}}