{"id":37954,"date":"2026-04-29T19:58:37","date_gmt":"2026-04-29T19:58:37","guid":{"rendered":"https:\/\/acronoticias.com\/index.php\/2026\/04\/29\/ong-venezolana-registra-29-detenciones-de-trabajadores-de-la-prensa-en-lo-que-va-de-2026\/"},"modified":"2026-04-29T19:58:37","modified_gmt":"2026-04-29T19:58:37","slug":"ong-venezolana-registra-29-detenciones-de-trabajadores-de-la-prensa-en-lo-que-va-de-2026","status":"publish","type":"post","link":"https:\/\/acronoticias.com\/index.php\/2026\/04\/29\/ong-venezolana-registra-29-detenciones-de-trabajadores-de-la-prensa-en-lo-que-va-de-2026\/","title":{"rendered":"ONG venezolana registra 29 detenciones de trabajadores de la prensa en lo que va de 2026"},"content":{"rendered":"<p><strong>Caracas.-<\/strong> La ONG venezolana <strong>Espacio P\u00fablico<\/strong> inform\u00f3 este mi\u00e9rcoles que entre enero y abril document\u00f3 <strong>29 detenciones de periodistas e infociudadanos<\/strong>, lo que representa el <strong>65 % de los arrestos registrados en 2025<\/strong>, cuando se contabilizaron 44 casos.<\/p>\n<p>La organizaci\u00f3n se\u00f1al\u00f3 que la <strong>mayor\u00eda de las detenciones fueron de corta duraci\u00f3n<\/strong>, aunque ocurrieron principalmente durante <strong>coberturas de manifestaciones y movilizaciones en la calle<\/strong>, un patr\u00f3n que mantiene en alerta a defensores de la libertad de expresi\u00f3n.<\/p>\n<p>De acuerdo con la soci\u00f3loga <strong>Marysabel Rodr\u00edguez<\/strong>, integrante de la ONG, estas acciones evidencian un <strong>contexto restrictivo para el ejercicio period\u00edstico<\/strong>, pese a variaciones en la duraci\u00f3n de los arrestos.<\/p>\n<h3 class=\"wp-block-heading\">Perfil de los detenidos<\/h3>\n<h3 class=\"wp-block-heading\">Acusaciones y contexto digital<\/h3>\n<p>Del total de casos documentados, <strong>22 corresponden a periodistas<\/strong>, mientras que <strong>seis fueron particulares (infociudadanos o activistas)<\/strong> y <strong>un trabajador p\u00fablico<\/strong>, reflejando el impacto de estas medidas en distintos sectores.<\/p>\n<p>Rodr\u00edguez detall\u00f3 que <strong>seis personas fueron acusadas de incitaci\u00f3n al odio<\/strong>, y que <strong>cuatro detenciones estuvieron vinculadas a publicaciones en espacios digitales<\/strong>, lo que confirma el aumento de vigilancia sobre contenidos en internet.<\/p>\n<figure class=\"wp-block-image size-full\"><img loading=\"lazy\" decoding=\"async\" width=\"900\" height=\"600\" src=\"https:\/\/multimedia.noticiassin.com\/wp-content\/uploads\/2026\/04\/ong-venezolana-registra-29-detenciones-de-trabajadores-de-la-prensa-en-lo-que-va-20260429-195215-VJoo.png\" alt=\"\" class=\"wp-image-1988816\" \/><\/figure>\n<p>En cuanto a las vulneraciones, la ONG registr\u00f3 <strong>91 violaciones a la libertad de expresi\u00f3n<\/strong> en el primer cuatrimestre, lo que representa una <strong>disminuci\u00f3n del 16 %<\/strong> respecto al mismo per\u00edodo del a\u00f1o anterior, aunque con mayor gravedad en los casos.<\/p>\n<p>Rodr\u00edguez advirti\u00f3 que, pese a la reducci\u00f3n num\u00e9rica, <strong>la violencia en torno a los incidentes es m\u00e1s intensa<\/strong>, manteni\u00e9ndose pr\u00e1cticas como la <strong>intimidaci\u00f3n, la censura y el hostigamiento judicial<\/strong>.<\/p>\n<p>Finalmente, indic\u00f3 que en 2026 persisten los <strong>procesos judiciales y detenciones<\/strong>, aunque con una tendencia a ser <strong>m\u00e1s breves en el tiempo<\/strong>, retomando un patr\u00f3n observado en a\u00f1os anteriores que limita el <strong>ejercicio de la libertad de expresi\u00f3n<\/strong>.<\/p>\n<p>La ONG tambi\u00e9n alert\u00f3 que la <strong>persecuci\u00f3n judicial contin\u00faa activa<\/strong> y no hay se\u00f1ales de reversi\u00f3n, incluso tras la promulgaci\u00f3n de una <strong>Ley de Amnist\u00eda<\/strong> y excarcelaciones de presos pol\u00edticos, entre ellos algunos periodistas.<\/p>\n<ul class=\"wp-block-list\">\n<li><strong>Contexto restrictivo para el ejercicio period\u00edstico<\/strong><\/li>\n<\/ul>\n","protected":false},"excerpt":{"rendered":"<p>Caracas.- La ONG venezolana Espacio P\u00fablico inform\u00f3 este mi\u00e9rcoles que entre enero y abril document\u00f3 29 detenciones de periodistas e infociudadanos, lo que representa el 65 % de los arrestos registrados en 2025, cuando se contabilizaron 44 casos. La organizaci\u00f3n se\u00f1al\u00f3 que la mayor\u00eda de las detenciones fueron de corta duraci\u00f3n, aunque ocurrieron principalmente durante<\/p>\n","protected":false},"author":1,"featured_media":37955,"comment_status":"open","ping_status":"open","sticky":false,"template":"","format":"standard","meta":{"footnotes":""},"categories":[3],"tags":[],"class_list":["post-37954","post","type-post","status-publish","format-standard","has-post-thumbnail","hentry","category-internacionales"],"_links":{"self":[{"href":"https:\/\/acronoticias.com\/index.php\/wp-json\/wp\/v2\/posts\/37954","targetHints":{"allow":["GET"]}}],"collection":[{"href":"https:\/\/acronoticias.com\/index.php\/wp-json\/wp\/v2\/posts"}],"about":[{"href":"https:\/\/acronoticias.com\/index.php\/wp-json\/wp\/v2\/types\/post"}],"author":[{"embeddable":true,"href":"https:\/\/acronoticias.com\/index.php\/wp-json\/wp\/v2\/users\/1"}],"replies":[{"embeddable":true,"href":"https:\/\/acronoticias.com\/index.php\/wp-json\/wp\/v2\/comments?post=37954"}],"version-history":[{"count":0,"href":"https:\/\/acronoticias.com\/index.php\/wp-json\/wp\/v2\/posts\/37954\/revisions"}],"wp:featuredmedia":[{"embeddable":true,"href":"https:\/\/acronoticias.com\/index.php\/wp-json\/wp\/v2\/media\/37955"}],"wp:attachment":[{"href":"https:\/\/acronoticias.com\/index.php\/wp-json\/wp\/v2\/media?parent=37954"}],"wp:term":[{"taxonomy":"category","embeddable":true,"href":"https:\/\/acronoticias.com\/index.php\/wp-json\/wp\/v2\/categories?post=37954"},{"taxonomy":"post_tag","embeddable":true,"href":"https:\/\/acronoticias.com\/index.php\/wp-json\/wp\/v2\/tags?post=37954"}],"curies":[{"name":"wp","href":"https:\/\/api.w.org\/{rel}","templated":true}]}}