{"id":37948,"date":"2026-04-29T19:20:10","date_gmt":"2026-04-29T19:20:10","guid":{"rendered":"https:\/\/acronoticias.com\/index.php\/2026\/04\/29\/identifican-ocupantes-de-avioneta-incendiada-en-dajabon-tras-intento-de-despegue\/"},"modified":"2026-04-29T19:20:10","modified_gmt":"2026-04-29T19:20:10","slug":"identifican-ocupantes-de-avioneta-incendiada-en-dajabon-tras-intento-de-despegue","status":"publish","type":"post","link":"https:\/\/acronoticias.com\/index.php\/2026\/04\/29\/identifican-ocupantes-de-avioneta-incendiada-en-dajabon-tras-intento-de-despegue\/","title":{"rendered":"Identifican ocupantes de avioneta incendiada en Dajab\u00f3n tras intento de despegue\u00a0"},"content":{"rendered":"<p><img decoding=\"async\" width=\"355\" height=\"200\" src=\"https:\/\/nuevodiario-assets.s3.us-east-2.amazonaws.com\/wp-content\/uploads\/2026\/04\/Identifican-ocupantes-de-avioneta-incendiada-en-Dajabon-tras-intento-de-despegue-355x200.jpg\" class=\"webfeedsFeaturedVisual not-transparent wp-post-image\" alt=\"\" style=\"--dominant-color: #746863;margin-bottom: 5px;clear:both;max-width: 100%\" loading=\"lazy\" data-has-transparency=\"false\" data-dominant-color=\"746863\" \/><\/p>\n<p>EL NUEVO DIARIO, DAJAB\u00d3N.- Las autoridades identificaron a los dos tripulantes de la avioneta incendiada la ma\u00f1ana de este mi\u00e9rcoles mientras intentaba despegar de la pista del destacamento 2do teniente piloto Luis Gustavo Olivares Cabrera, de la Fuerza A\u00e9rea de la Rep\u00fablica Dominicana (FARD), ubicado en Dajab\u00f3n.<\/p>\n<p>Se trata del piloto y miembro de la Armada de la Rep\u00fablica Dominicana (ARD), Domingo An\u00edbal Medina Bison\u00f3 y su acompa\u00f1ante Luis Manuel Carrasco, quienes recibieron atenciones m\u00e9dicas de inmediato en la cl\u00ednica Rosa Benita.<\/p>\n<p><a href=\"https:\/\/videos.files.wordpress.com\/tq5iqGMd\/quemados.mp4\">quemados-mp4<\/a><\/p>\n<p>Seg\u00fan el diagn\u00f3stico del m\u00e9dico de emergencias del referido centro de salud, Carlos Yoel Rodr\u00edguez, el piloto recibi\u00f3 quemaduras de segundo grado superficiales y profundas, en tanto que el copiloto quemaduras leves, por lo que ambos fueron trasladados a un centro de salud a la ciudad de Santiago; donde deben ser tratados de manera especial.<\/p>\n<p>En ese sentido precis\u00f3 que ambos se encuentran estables, aunque recibieron quemaduras en la cara, miembros superiores, labios y pabellones auriculares.<\/p>\n<p>El incendio fue sofocado por unidades del Cuerpo de Bomberos quienes se presentaron r\u00e1pidame<\/p>\n<p>La entrada <a href=\"https:\/\/elnuevodiario.com.do\/identifican-ocupantes-de-avioneta-incendiada-en-dajabon-tras-intento-de-despegue\/\">Identifican ocupantes de avioneta incendiada en Dajab\u00f3n tras intento de despegue\u00a0<\/a> se public\u00f3 primero en <a href=\"https:\/\/elnuevodiario.com.do\">El Nuevo Diario (Rep\u00fablica Dominicana)<\/a>.<\/p>\n","protected":false},"excerpt":{"rendered":"<p>EL NUEVO DIARIO, DAJAB\u00d3N.- Las autoridades identificaron a los dos tripulantes de la avioneta incendiada la ma\u00f1ana de este mi\u00e9rcoles mientras intentaba despegar de la pista del destacamento 2do teniente piloto Luis Gustavo Olivares Cabrera, de la Fuerza A\u00e9rea de la Rep\u00fablica Dominicana (FARD), ubicado en Dajab\u00f3n. Se trata del piloto y miembro de la<\/p>\n","protected":false},"author":1,"featured_media":37949,"comment_status":"open","ping_status":"open","sticky":false,"template":"","format":"standard","meta":{"footnotes":""},"categories":[1],"tags":[],"class_list":["post-37948","post","type-post","status-publish","format-standard","has-post-thumbnail","hentry","category-nacionales"],"_links":{"self":[{"href":"https:\/\/acronoticias.com\/index.php\/wp-json\/wp\/v2\/posts\/37948","targetHints":{"allow":["GET"]}}],"collection":[{"href":"https:\/\/acronoticias.com\/index.php\/wp-json\/wp\/v2\/posts"}],"about":[{"href":"https:\/\/acronoticias.com\/index.php\/wp-json\/wp\/v2\/types\/post"}],"author":[{"embeddable":true,"href":"https:\/\/acronoticias.com\/index.php\/wp-json\/wp\/v2\/users\/1"}],"replies":[{"embeddable":true,"href":"https:\/\/acronoticias.com\/index.php\/wp-json\/wp\/v2\/comments?post=37948"}],"version-history":[{"count":0,"href":"https:\/\/acronoticias.com\/index.php\/wp-json\/wp\/v2\/posts\/37948\/revisions"}],"wp:featuredmedia":[{"embeddable":true,"href":"https:\/\/acronoticias.com\/index.php\/wp-json\/wp\/v2\/media\/37949"}],"wp:attachment":[{"href":"https:\/\/acronoticias.com\/index.php\/wp-json\/wp\/v2\/media?parent=37948"}],"wp:term":[{"taxonomy":"category","embeddable":true,"href":"https:\/\/acronoticias.com\/index.php\/wp-json\/wp\/v2\/categories?post=37948"},{"taxonomy":"post_tag","embeddable":true,"href":"https:\/\/acronoticias.com\/index.php\/wp-json\/wp\/v2\/tags?post=37948"}],"curies":[{"name":"wp","href":"https:\/\/api.w.org\/{rel}","templated":true}]}}