{"id":37942,"date":"2026-04-29T18:57:36","date_gmt":"2026-04-29T18:57:36","guid":{"rendered":"https:\/\/acronoticias.com\/index.php\/2026\/04\/29\/por-que-guilherme-peixoto-esta-dando-de-que-hablar\/"},"modified":"2026-04-29T18:57:36","modified_gmt":"2026-04-29T18:57:36","slug":"por-que-guilherme-peixoto-esta-dando-de-que-hablar","status":"publish","type":"post","link":"https:\/\/acronoticias.com\/index.php\/2026\/04\/29\/por-que-guilherme-peixoto-esta-dando-de-que-hablar\/","title":{"rendered":"por qu\u00e9 Guilherme Peixoto est\u00e1 dando de qu\u00e9 hablar"},"content":{"rendered":"<div>\n<div class=\"c-detail__author full\">\n<div>\n<div class=\"c-detail__author__thumb\">\n<figure>\n                                <picture src=\"https:\/\/imagenes.hoy.com.do\/files\/image_square_xs\/uploads\/2025\/11\/18\/691c7d5bed035.jpeg\" data-size=\"w:40,h:40\">\n                                    <img decoding=\"async\" loading=\"lazy\" alt=\"EFE EFE\" width=\"40\" height=\"40\" src=\"https:\/\/imagenes.hoy.com.do\/files\/image_square_xs\/uploads\/2025\/11\/18\/691c7d5bed035.jpeg\"\/>\n                                <\/picture>\n                                <\/figure>\n<\/div>\n<\/div>\n<\/div>\n<p>                                                                                            <!-- --><\/p>\n<p class=\"paragraph\"><a href=\"https:\/\/x.com\/PeriodicoHoy\">Guilherme Guimaraes Peixoto,<\/a> de 50 a\u00f1os, se ha consolidado como uno de los referentes m\u00e1s originales del panorama electr\u00f3nico actual, con actuaciones en escenarios como el Cristo Redentor de R\u00edo de Janeiro, la Torre dos Cl\u00e9rigos de Oporto y festivales de renombre mundial como Afterlife, en Ibiza, o los festivales Medusa y Zamna.<\/p>\n<p class=\"paragraph\">Con su estilo propio, que combina narrativas sonoras y experiencias inmersivas, el padre Guilherme apuesta por tender puentes entre generaciones, espacios culturales y sensibilidades diversas.<\/p>\n<p class=\"paragraph\">Sus actuaciones en la Jornada Mundial de la Juventud en Lisboa ante 1,5 millones de j\u00f3venes y en otros escenarios internacionales han despertado el inter\u00e9s de medios internacionales.\u00a0<\/p>\n<figure class=\"c-detail__media \"><figcaption class=\"c-detail__media__txt\">\n<p class=\"c-detail__media__subtitle\">\n<p>        <span class=\"c-detail__media__credit \">El sacerdote DJ<\/span><\/p>\n<\/figcaption><\/figure>\n<h2 class=\"subtitle\">Homenaje al papa Francisco<\/h2>\n<p class=\"paragraph\">El sacerdote y DJ portugu\u00e9s, Guilherme Peixoto, congreg\u00f3 a miles de personas en el centro de Buenos Aires para un concierto gratuito en homenaje al papa Francisco, nacido en Argentina, a pocos d\u00edas del primer aniversario de su fallecimiento.<\/p>\n<p class=\"paragraph\">El padre Guilherme, como se le conoce popularmente, mont\u00f3 un escenario de grandes proporciones en la Plaza de Mayo, principal espacio c\u00edvico de la capital argentina, y su espect\u00e1culo de m\u00fasica electr\u00f3nica al estilo \u2018rave\u2019 que abarrot\u00f3 el lugar de personas que bailaban hasta las calles laterales, una convocatoria que super\u00f3 todas las expectativas.<\/p>\n<p class=\"paragraph\">Organizaciones de la iglesia cat\u00f3lica de Argentina convocaron a sus fieles a participar, pero en la Plaza de Mayo fue posible ver a personas de todas las edades, practicantes o no de alguna religi\u00f3n, siguiendo el acto y disfrutando de la m\u00fasica a todo volumen.<\/p>\n<p class=\"paragraph\">Desde sus bandejas, el sacerdote reprodujo mensajes en la voz del fallecido papa Francisco por sobre pistas musicales.<\/p>\n<figure class=\"c-detail__media \"><figcaption class=\"c-detail__media__txt\">\n<p class=\"c-detail__media__subtitle\">\n<p>        <span class=\"c-detail__media__credit \">El sacerdote DJ<\/span><\/p>\n<\/figcaption><\/figure>\n<p class=\"paragraph\">\u00abCaminemos juntos todos. Cuid\u00e9monos los unos a los otros. Cu\u00eddense entre ustedes, no se haqan da\u00f1o. Cu\u00eddense, cu\u00eddense la vida. Cuiden la familia, cuiden la naturaleza, cuiden a los ni\u00f1os, cuiden a los viejos. Y ac\u00e9rquense a Dios. Dios es bueno. Dios siempre perdona, Dios comprende, no le tengan miedo. Dios es Padre\u00bb, son\u00f3 por los parlantes la voz del difunto sumo pont\u00edfice, lo que despert\u00f3 el clamor de la multitud.<\/p>\n<p class=\"paragraph\">Francisco muri\u00f3 el 21 de abril de 2025 a los 88 a\u00f1os, tras complicaciones por una infecci\u00f3n pulmonar, y su popularidad en Argentina -donde lleg\u00f3 a ser arzobispo hasta su elecci\u00f3n al trono de San Pedro en 2013- no par\u00f3 de crecer, adem\u00e1s de instaurar un legado dentro de las diferentes ramas del catolicismo local.<\/p>\n<p class=\"paragraph\">Guilherme tambi\u00e9n incorpor\u00f3 a sus pistas electr\u00f3nicas las palabras del actual papa Le\u00f3n XIV, as\u00ed como fragmentos de canciones de la banda brit\u00e1nica Queen o el artista puertorrique\u00f1o Bad Bunny, mientras desde el escenario el espect\u00e1culo de luces iluminaba el cielo de Buenos Aires.<\/p>\n<div class=\"c-detail__box \">\n<article class=\"c-detail__sumario \">\n<figure class=\"c-detail__sumario__thumb\" style=\"display: block;\">\n            <a href=\"#\" title=\"\">\n                <picture data-size=\"w:140,h:140\" loading=\"lazy\" src=\"https:\/\/imagenes.hoy.com.do\/files\/related_image\/files\/fp\/uploads\/2026\/04\/01\/69ccf62a24c13.r_d.527-674.jpeg\" data-full-src=\"https:\/\/imagenes.hoy.com.do\/uploads\/2026\/04\/01\/69ccf62a24c13.jpeg\">\n                    <img loading=\"lazy\" decoding=\"async\" width=\"140\" height=\"140\" alt=\"El Mafe Dominicano\" src=\"https:\/\/imagenes.hoy.com.do\/uploads\/2026\/04\/01\/69ccf62a24c13.jpeg\"\/>\n                <\/picture>\n            <\/a><br \/>\n        <\/figure>\n<\/article>\n<\/div><\/div>\n","protected":false},"excerpt":{"rendered":"<p>Guilherme Guimaraes Peixoto, de 50 a\u00f1os, se ha consolidado como uno de los referentes m\u00e1s originales del panorama electr\u00f3nico actual, con actuaciones en escenarios como el Cristo Redentor de R\u00edo de Janeiro, la Torre dos Cl\u00e9rigos de Oporto y festivales de renombre mundial como Afterlife, en Ibiza, o los festivales Medusa y Zamna. Con su<\/p>\n","protected":false},"author":1,"featured_media":37943,"comment_status":"open","ping_status":"open","sticky":false,"template":"","format":"standard","meta":{"footnotes":""},"categories":[3],"tags":[],"class_list":["post-37942","post","type-post","status-publish","format-standard","has-post-thumbnail","hentry","category-internacionales"],"_links":{"self":[{"href":"https:\/\/acronoticias.com\/index.php\/wp-json\/wp\/v2\/posts\/37942","targetHints":{"allow":["GET"]}}],"collection":[{"href":"https:\/\/acronoticias.com\/index.php\/wp-json\/wp\/v2\/posts"}],"about":[{"href":"https:\/\/acronoticias.com\/index.php\/wp-json\/wp\/v2\/types\/post"}],"author":[{"embeddable":true,"href":"https:\/\/acronoticias.com\/index.php\/wp-json\/wp\/v2\/users\/1"}],"replies":[{"embeddable":true,"href":"https:\/\/acronoticias.com\/index.php\/wp-json\/wp\/v2\/comments?post=37942"}],"version-history":[{"count":0,"href":"https:\/\/acronoticias.com\/index.php\/wp-json\/wp\/v2\/posts\/37942\/revisions"}],"wp:featuredmedia":[{"embeddable":true,"href":"https:\/\/acronoticias.com\/index.php\/wp-json\/wp\/v2\/media\/37943"}],"wp:attachment":[{"href":"https:\/\/acronoticias.com\/index.php\/wp-json\/wp\/v2\/media?parent=37942"}],"wp:term":[{"taxonomy":"category","embeddable":true,"href":"https:\/\/acronoticias.com\/index.php\/wp-json\/wp\/v2\/categories?post=37942"},{"taxonomy":"post_tag","embeddable":true,"href":"https:\/\/acronoticias.com\/index.php\/wp-json\/wp\/v2\/tags?post=37942"}],"curies":[{"name":"wp","href":"https:\/\/api.w.org\/{rel}","templated":true}]}}