{"id":37940,"date":"2026-04-29T18:46:55","date_gmt":"2026-04-29T18:46:55","guid":{"rendered":"https:\/\/acronoticias.com\/index.php\/2026\/04\/29\/wilson-mejia-retira-aspiraciones-a-rectoria-de-la-uasd-y-respalda-a-jorge-asjana\/"},"modified":"2026-04-29T18:46:55","modified_gmt":"2026-04-29T18:46:55","slug":"wilson-mejia-retira-aspiraciones-a-rectoria-de-la-uasd-y-respalda-a-jorge-asjana","status":"publish","type":"post","link":"https:\/\/acronoticias.com\/index.php\/2026\/04\/29\/wilson-mejia-retira-aspiraciones-a-rectoria-de-la-uasd-y-respalda-a-jorge-asjana\/","title":{"rendered":"Wilson Mej\u00eda retira aspiraciones a rector\u00eda de la UASD y respalda a Jorge Asjana"},"content":{"rendered":"<p><img decoding=\"async\" width=\"355\" height=\"200\" src=\"https:\/\/nuevodiario-assets.s3.us-east-2.amazonaws.com\/wp-content\/uploads\/2026\/04\/Jorge-Asjana-y-Wilson-Mejia-Foto-Napoleon-Marte-El-Nuevo-Diario-355x200.jpeg\" class=\"webfeedsFeaturedVisual not-transparent wp-post-image\" alt=\"\" style=\"--dominant-color: #8a766d;margin-bottom: 5px;clear:both;max-width: 100%\" loading=\"lazy\" data-has-transparency=\"false\" data-dominant-color=\"8a766d\" \/><\/p>\n<p>EL NUEVO DIARIO, SANTO DOMINGO.- El vicerrector docente de la Universidad Aut\u00f3noma de Santo Domingo (UASD), Wilson Mej\u00eda, retir\u00f3 este mi\u00e9rcoles sus aspiraciones a la rector\u00eda y ofreci\u00f3 su apoyo al candidato Jorge Asjana.<\/p>\n<p>\u201cHe decidido posponer mis aspiraciones a rector para apoyar de manera firme y determinante al doctor Jorge Asjana\u201d, manifest\u00f3.<\/p>\n<p>Durante una rueda de prensa, Mej\u00eda reafirm\u00f3 su compromiso de gerencia acad\u00e9mica con los cambios y transformaciones que necesita esa alta casa de estudios para colocarse a la altura de las principales universidades del mundo y convertirse en el principal centro acad\u00e9mico de la regi\u00f3n de Las Am\u00e9ricas.<\/p>\n<p><a href=\"https:\/\/videos.files.wordpress.com\/UculadY3\/wilson-mejia-video-napoleon-marte-el-nuevo-diario-1.mp4\">Wilson Mej\u00eda (Video: Napole\u00f3n Marte\/ El Nuevo Diario)<\/a><br \/>\n<a href=\"https:\/\/videos.files.wordpress.com\/Wwl0wgPc\/wilson-mejia-video-2-napoleon-marte-el-nuevo-diario-2.mp4\">Wilson Mej\u00eda (Video 2: Napole\u00f3n Marte\/ El Nuevo Diario)<\/a><\/p>\n<p>Tras agradecer el apoyo, el aspirante a rector de la UASD, Jorge Asjana, sostuvo que unidos por la UASD no puede ser un eslogan, sino que tiene que ser m\u00e1s all\u00e1, ya que la universidad no puede ser un actor secundario en la realidad y el desarrollo de la Rep\u00fablica Dominicana, sino que tiene que ser actor protagonista del proceso de desarrollo del pa\u00eds, de la formaci\u00f3n de los recursos humanos.<\/p>\n<p>\u201cPor lo tanto, como present\u00f3 el doctor Mej\u00eda y nosotros tenemos un compromiso, porque la calidad, la internacionalizaci\u00f3n, la acreditaci\u00f3n, la descentralizaci\u00f3n, el desarrollo de la investigaci\u00f3n, el bienestar de la familia universitaria, la innovaci\u00f3n sean ejes centrales de la gesti\u00f3n 2630 donde estaremos acompa\u00f1ados de todos ustede\u201d, reafirm\u00f3.<\/p>\n<p><a href=\"https:\/\/videos.files.wordpress.com\/K8oKA1Ra\/jorge-asjana-video-napoleon-marte-el-nuevo-diario-1.mp4\">Jorge Asjana (Video: Napole\u00f3n Marte\/ El Nuevo Diario)<\/a><br \/>\n<a href=\"https:\/\/videos.files.wordpress.com\/wiyZTVaM\/jorge-asjana-video-napoleon-marte-el-nuevo-diario-2.mp4\">Jorge Asjana (Video 2: Napole\u00f3n Marte\/ El Nuevo Diario)<\/a><\/p>\n<p>Asjana ponder\u00f3 que todav\u00eda queda una recta final de 49 d\u00edas para ganar la rector\u00eda, por lo que siguen necesitando apoyo como el recibido del doctor Mej\u00eda.<\/p>\n<p>El doctor Rafael Montero tambi\u00e9n ofreci\u00f3 su apoyo al citado candidato.<\/p>\n<p>ADDP\/<\/p>\n<p><a href=\"https:\/\/elnuevodiario.com.do\/wilson-mejia-retira-aspiraciones-a-rectoria-de-la-uasd-y-respalda-a-jorge-asjana\/jorge-asjana-wilson-mejia-y-rafael-montero-entre-otras-personalidades-foto-napoleon-marte-el-nuevo-diario\/\"><img loading=\"lazy\" decoding=\"async\" data-recalc-dims=\"1\" width=\"640\" height=\"428\" src=\"https:\/\/i0.wp.com\/nuevodiario-assets.s3.us-east-2.amazonaws.com\/wp-content\/uploads\/2026\/04\/Jorge-Asjana-Wilson-Mejia-y-Rafael-Montero-entre-otras-personalidades-Foto-Napoleon-Marte-El-Nuevo-Diario.jpeg?resize=640%2C428&#038;quality=100&#038;ssl=1\" class=\"attachment-full size-full not-transparent\" alt=\"\" data-has-transparency=\"false\" data-dominant-color=\"767770\" style=\"--dominant-color: #767770\" \/><\/a><br \/>\n<a href=\"https:\/\/elnuevodiario.com.do\/wilson-mejia-retira-aspiraciones-a-rectoria-de-la-uasd-y-respalda-a-jorge-asjana\/jorge-asjana-foto-napoleon-marte-el-nuevo-diario\/\"><img loading=\"lazy\" decoding=\"async\" data-recalc-dims=\"1\" width=\"640\" height=\"958\" src=\"https:\/\/i0.wp.com\/nuevodiario-assets.s3.us-east-2.amazonaws.com\/wp-content\/uploads\/2026\/04\/Jorge-Asjana-Foto-Napoleon-Marte-El-Nuevo-Diario.jpeg?resize=640%2C958&#038;quality=100&#038;ssl=1\" class=\"attachment-full size-full not-transparent\" alt=\"\" data-has-transparency=\"false\" data-dominant-color=\"776569\" style=\"--dominant-color: #776569\" \/><\/a><\/p>\n<p>La entrada <a href=\"https:\/\/elnuevodiario.com.do\/wilson-mejia-retira-aspiraciones-a-rectoria-de-la-uasd-y-respalda-a-jorge-asjana\/\">Wilson Mej\u00eda retira aspiraciones a rector\u00eda de la UASD y respalda a Jorge Asjana<\/a> se public\u00f3 primero en <a href=\"https:\/\/elnuevodiario.com.do\">El Nuevo Diario (Rep\u00fablica Dominicana)<\/a>.<\/p>\n","protected":false},"excerpt":{"rendered":"<p>EL NUEVO DIARIO, SANTO DOMINGO.- El vicerrector docente de la Universidad Aut\u00f3noma de Santo Domingo (UASD), Wilson Mej\u00eda, retir\u00f3 este mi\u00e9rcoles sus aspiraciones a la rector\u00eda y ofreci\u00f3 su apoyo al candidato Jorge Asjana. \u201cHe decidido posponer mis aspiraciones a rector para apoyar de manera firme y determinante al doctor Jorge Asjana\u201d, manifest\u00f3. Durante una<\/p>\n","protected":false},"author":1,"featured_media":37941,"comment_status":"open","ping_status":"open","sticky":false,"template":"","format":"standard","meta":{"footnotes":""},"categories":[1],"tags":[],"class_list":["post-37940","post","type-post","status-publish","format-standard","has-post-thumbnail","hentry","category-nacionales"],"_links":{"self":[{"href":"https:\/\/acronoticias.com\/index.php\/wp-json\/wp\/v2\/posts\/37940","targetHints":{"allow":["GET"]}}],"collection":[{"href":"https:\/\/acronoticias.com\/index.php\/wp-json\/wp\/v2\/posts"}],"about":[{"href":"https:\/\/acronoticias.com\/index.php\/wp-json\/wp\/v2\/types\/post"}],"author":[{"embeddable":true,"href":"https:\/\/acronoticias.com\/index.php\/wp-json\/wp\/v2\/users\/1"}],"replies":[{"embeddable":true,"href":"https:\/\/acronoticias.com\/index.php\/wp-json\/wp\/v2\/comments?post=37940"}],"version-history":[{"count":0,"href":"https:\/\/acronoticias.com\/index.php\/wp-json\/wp\/v2\/posts\/37940\/revisions"}],"wp:featuredmedia":[{"embeddable":true,"href":"https:\/\/acronoticias.com\/index.php\/wp-json\/wp\/v2\/media\/37941"}],"wp:attachment":[{"href":"https:\/\/acronoticias.com\/index.php\/wp-json\/wp\/v2\/media?parent=37940"}],"wp:term":[{"taxonomy":"category","embeddable":true,"href":"https:\/\/acronoticias.com\/index.php\/wp-json\/wp\/v2\/categories?post=37940"},{"taxonomy":"post_tag","embeddable":true,"href":"https:\/\/acronoticias.com\/index.php\/wp-json\/wp\/v2\/tags?post=37940"}],"curies":[{"name":"wp","href":"https:\/\/api.w.org\/{rel}","templated":true}]}}