{"id":37938,"date":"2026-04-29T18:30:36","date_gmt":"2026-04-29T18:30:36","guid":{"rendered":"https:\/\/acronoticias.com\/index.php\/2026\/04\/29\/mirex-abre-postulaciones-para-el-premio-al-emigrante-dominicano-sr-oscar-de-la-renta\/"},"modified":"2026-04-29T18:30:36","modified_gmt":"2026-04-29T18:30:36","slug":"mirex-abre-postulaciones-para-el-premio-al-emigrante-dominicano-sr-oscar-de-la-renta","status":"publish","type":"post","link":"https:\/\/acronoticias.com\/index.php\/2026\/04\/29\/mirex-abre-postulaciones-para-el-premio-al-emigrante-dominicano-sr-oscar-de-la-renta\/","title":{"rendered":"Mirex abre postulaciones para el Premio al Emigrante Dominicano Sr. Oscar de la Renta"},"content":{"rendered":"<p><img loading=\"lazy\" decoding=\"async\" width=\"355\" height=\"200\" src=\"https:\/\/nuevodiario-assets.s3.us-east-2.amazonaws.com\/wp-content\/uploads\/2026\/04\/Mirex_1-355x200.jpg\" class=\"webfeedsFeaturedVisual not-transparent wp-post-image\" alt=\"\" style=\"--dominant-color: #638087;margin-bottom: 5px;clear:both;max-width: 100%\" data-has-transparency=\"false\" data-dominant-color=\"638087\" \/><\/p>\n<p>EL NUEVO DIARIO, SANTO DOMINGO.\u2013 El Ministerio de Relaciones Exteriores (Mirex) inform\u00f3 que dej\u00f3 abierta este mi\u00e9rcoles la convocatoria para la postulaci\u00f3n de dominicanas y dominicanos residentes en el exterior a la 8va. edici\u00f3n del Premio al Emigrante Dominicano Sr. Oscar de la Renta.<\/p>\n<p>Esta premiaci\u00f3n que reconoce aquellos aportes que dejan huellas positivas en las comunidades donde se radican, as\u00ed como en Rep\u00fablica Dominicana.<\/p>\n<p>El Mirex exhort\u00f3 a todas las personas o instituciones que conozcan perfiles para ser postulados a depositar sus propuestas de candidaturas en las embajadas y consulados dominicanos; en las oficinas del Instituto de Dominicanos y Dominicanas en el Exterior (Index); asimismo, en la Direcci\u00f3n de Diplomacia Especializada ubicada en la Canciller\u00eda.<\/p>\n<p>De acuerdo a un comunicado, el plazo de presentaci\u00f3n de las propuestas finalizar\u00e1 el pr\u00f3ximo 11 de septiembre de 2026, por lo cual, el Mirex hace un llamado a las distintas entidades acad\u00e9micas, religiosas y empresariales; organizaciones de la sociedad civil, sociales y personas individuales, a que postulen a emigrantes que cuenten con m\u00e9ritos para optar por dicho Premio.<\/p>\n<p>Cada a\u00f1o el Mirex entrega el Premio al Emigrante Dominicano Sr. Oscar de la Renta, la m\u00e1s importante premiaci\u00f3n del Estado a las dominicanas y dominicanos y sus descendientes de primera y segunda generaci\u00f3n, que tienen una trayectoria destacada en el exterior en el \u00e1rea cient\u00edfica, art\u00edstica, humanista, laboral, profesional y acad\u00e9mica, contribuyendo positivamente a la comunidad donde residen, manteniendo sus v\u00ednculos con el pa\u00eds.<\/p>\n<p>Este galard\u00f3n est\u00e1 inspirado en la trayectoria de vida de un dominicano ejemplar, el Sr. Oscar de la Renta, quien logr\u00f3 admiraci\u00f3n, cari\u00f1o y respeto internacional, convirti\u00e9ndose en uno de los dominicanos de mayor renombre a nivel mundial y un ejemplo de marca pa\u00eds.<\/p>\n<p>La entrada <a href=\"https:\/\/elnuevodiario.com.do\/mirex-abre-postulaciones-para-el-premio-al-emigrante-dominicano-sr-oscar-de-la-renta\/\">Mirex abre postulaciones para el Premio al Emigrante Dominicano Sr. Oscar de la Renta<\/a> se public\u00f3 primero en <a href=\"https:\/\/elnuevodiario.com.do\">El Nuevo Diario (Rep\u00fablica Dominicana)<\/a>.<\/p>\n","protected":false},"excerpt":{"rendered":"<p>EL NUEVO DIARIO, SANTO DOMINGO.\u2013 El Ministerio de Relaciones Exteriores (Mirex) inform\u00f3 que dej\u00f3 abierta este mi\u00e9rcoles la convocatoria para la postulaci\u00f3n de dominicanas y dominicanos residentes en el exterior a la 8va. edici\u00f3n del Premio al Emigrante Dominicano Sr. Oscar de la Renta. Esta premiaci\u00f3n que reconoce aquellos aportes que dejan huellas positivas en<\/p>\n","protected":false},"author":1,"featured_media":37939,"comment_status":"open","ping_status":"open","sticky":false,"template":"","format":"standard","meta":{"footnotes":""},"categories":[1],"tags":[],"class_list":["post-37938","post","type-post","status-publish","format-standard","has-post-thumbnail","hentry","category-nacionales"],"_links":{"self":[{"href":"https:\/\/acronoticias.com\/index.php\/wp-json\/wp\/v2\/posts\/37938","targetHints":{"allow":["GET"]}}],"collection":[{"href":"https:\/\/acronoticias.com\/index.php\/wp-json\/wp\/v2\/posts"}],"about":[{"href":"https:\/\/acronoticias.com\/index.php\/wp-json\/wp\/v2\/types\/post"}],"author":[{"embeddable":true,"href":"https:\/\/acronoticias.com\/index.php\/wp-json\/wp\/v2\/users\/1"}],"replies":[{"embeddable":true,"href":"https:\/\/acronoticias.com\/index.php\/wp-json\/wp\/v2\/comments?post=37938"}],"version-history":[{"count":0,"href":"https:\/\/acronoticias.com\/index.php\/wp-json\/wp\/v2\/posts\/37938\/revisions"}],"wp:featuredmedia":[{"embeddable":true,"href":"https:\/\/acronoticias.com\/index.php\/wp-json\/wp\/v2\/media\/37939"}],"wp:attachment":[{"href":"https:\/\/acronoticias.com\/index.php\/wp-json\/wp\/v2\/media?parent=37938"}],"wp:term":[{"taxonomy":"category","embeddable":true,"href":"https:\/\/acronoticias.com\/index.php\/wp-json\/wp\/v2\/categories?post=37938"},{"taxonomy":"post_tag","embeddable":true,"href":"https:\/\/acronoticias.com\/index.php\/wp-json\/wp\/v2\/tags?post=37938"}],"curies":[{"name":"wp","href":"https:\/\/api.w.org\/{rel}","templated":true}]}}