{"id":37932,"date":"2026-04-29T17:58:55","date_gmt":"2026-04-29T17:58:55","guid":{"rendered":"https:\/\/acronoticias.com\/index.php\/2026\/04\/29\/unicef-realizara-teleton-juntos-por-la-ninez-para-beneficiar-la-ninez-vulnerable-en-rd\/"},"modified":"2026-04-29T17:58:55","modified_gmt":"2026-04-29T17:58:55","slug":"unicef-realizara-teleton-juntos-por-la-ninez-para-beneficiar-la-ninez-vulnerable-en-rd","status":"publish","type":"post","link":"https:\/\/acronoticias.com\/index.php\/2026\/04\/29\/unicef-realizara-teleton-juntos-por-la-ninez-para-beneficiar-la-ninez-vulnerable-en-rd\/","title":{"rendered":"Unicef realizar\u00e1 telet\u00f3n \u00abJuntos por la Ni\u00f1ez\u00bb para beneficiar la ni\u00f1ez vulnerable en RD"},"content":{"rendered":"<p><img loading=\"lazy\" decoding=\"async\" width=\"355\" height=\"200\" src=\"https:\/\/nuevodiario-assets.s3.us-east-2.amazonaws.com\/wp-content\/uploads\/2026\/04\/Carlos-Carrera-representante-de-Unicef-en-el-pais-junto-a-la-embajadora-nacional-Jatnna-Tavarez-en-el-gran-Teleton-2025-Juntos-por-la-Ninez-355x200.jpg\" class=\"webfeedsFeaturedVisual not-transparent wp-post-image\" alt=\"\" style=\"--dominant-color: #c2cce5;margin-bottom: 5px;clear:both;max-width: 100%\" data-has-transparency=\"false\" data-dominant-color=\"c2cce5\" \/><\/p>\n<p>EL NUEVO DIARIO, SANTO DOMINGO.- El Fondo de las Naciones Unidas para la Infancia (Unicef) anunci\u00f3 este mi\u00e9rcoles la celebraci\u00f3n del Gran Telet\u00f3n \u00abJuntos por la Ni\u00f1ez\u00bb, que tendr\u00e1 lugar el pr\u00f3ximo 10 de mayo, con el objetivo de recaudar fondos para programas que impactan directamente la vida de miles de ni\u00f1os y ni\u00f1as en el pa\u00eds.<\/p>\n<p>\u00abEste Telet\u00f3n es una oportunidad para que toda la sociedad se una por una causa com\u00fan: garantizar que cada ni\u00f1o y ni\u00f1a tenga un mejor comienzo en la vida. Cada aporte cuenta y hace una diferencia real\u00bb, expres\u00f3 Carlos Carrera, representante del organismo internacional en la naci\u00f3n dominicana.<\/p>\n<p>La jornada solidaria invita a toda la poblaci\u00f3n a sumarse a trav\u00e9s de donaciones que contribuyen a mejorar la nutrici\u00f3n infantil, fortalecer la atenci\u00f3n en salud desde los primeros d\u00edas de vida y garantizar oportunidades de educaci\u00f3n inclusiva.<\/p>\n<figure id=\"attachment_3101848\" aria-describedby=\"caption-attachment-3101848\" style=\"width: 2500px\" class=\"wp-caption alignnone\"><img loading=\"lazy\" decoding=\"async\" data-recalc-dims=\"1\" data-dominant-color=\"858283\" data-has-transparency=\"false\" style=\"--dominant-color: #858283\" class=\"size-full wp-image-3101848 not-transparent\" src=\"https:\/\/i0.wp.com\/nuevodiario-assets.s3.us-east-2.amazonaws.com\/wp-content\/uploads\/2026\/04\/Carlos-Carrera-Representante-UNICEF.jpg?resize=640%2C412&#038;quality=100&#038;ssl=1\" alt=\"\" width=\"640\" height=\"412\" \/><figcaption id=\"caption-attachment-3101848\" class=\"wp-caption-text\"><em><strong>Carlos Carrera, representante Unicef. (Foto: Departamento de Comunicaciones Unicef RD)<\/strong><\/em><\/figcaption><\/figure>\n<p>De acuerdo a un comunicado, el anuncio se realiza tras el \u00e9xito de la edici\u00f3n anterior: en 2025, el Telet\u00f3n logr\u00f3 recaudar m\u00e1s de 24 millones de pesos, recursos que han sido destinados a iniciativas clave para la protecci\u00f3n y el desarrollo integral de la ni\u00f1ez en Rep\u00fablica Dominicana.<\/p>\n<p>En este contexto, Unicef tambi\u00e9n impulsa la campa\u00f1a \u201cLos Datos Cuentan\u201d, que busca visibilizar, a trav\u00e9s de evidencia, la realidad que enfrentan miles de ni\u00f1os y ni\u00f1as en el territorio.<\/p>\n<p>La actividad destaca c\u00f3mo indicadores sobre nutrici\u00f3n, desarrollo infantil, educaci\u00f3n y protecci\u00f3n reflejan tanto los desaf\u00edos persistentes como los avances posibles cuando se invierte en la ni\u00f1ez, reforzando el llamado urgente a la acci\u00f3n colectiva.<\/p>\n<p><strong>Historia inspiradora<\/strong><\/p>\n<p>Mar\u00eda (nombre retocado) ten\u00eda apenas dos a\u00f1os cuando su madre not\u00f3 que algo no iba bien. Su peso era bajo y enfermaba con frecuencia. Viv\u00edan en una comunidad vulnerable, donde el acceso a servicios de salud era limitado. Gracias a un programa apoyado por Unicef, la ni\u00f1a fue evaluada a tiempo y recibi\u00f3 tratamiento nutricional.<\/p>\n<p>Hoy, tres a\u00f1os despu\u00e9s, corre, juega y asiste a un centro educativo. Su madre sonr\u00ede al verla crecer fuerte y feliz. \u201cAntes ten\u00eda miedo de perderla, ahora sue\u00f1o con verla convertirse en doctora\u201d, cuenta conmovida. Historias como la de Mar\u00eda reflejan el impacto real que tienen las contribuciones solidarias.<\/p>\n<p><strong>Otros logros<\/strong><\/p>\n<p>Primera infancia: M\u00e1s de 118,000 ni\u00f1os menores de 5 a\u00f1os fueron evaluados con el sistema de desarrollo infantil, de los cuales el 84 % alcanzaron sus hitos de crecimiento.<\/p>\n<p>Educaci\u00f3n inclusiva: M\u00e1s de 6,500 hogares con ni\u00f1os con discapacidad recibieron apoyo. Adem\u00e1s, se aprob\u00f3 la Ordenanza de Educaci\u00f3n Inclusiva, permitiendo que ni\u00f1os y ni\u00f1as con discapacidad aprendan junto a sus pares en un modelo nacional pionero.<\/p>\n<p><strong>Salud y nutrici\u00f3n<\/strong><\/p>\n<p>Se alcanz\u00f3 una reducci\u00f3n del 20 % en la mortalidad neonatal y del 33 % en hospitales apoyados por Unicef. Asimismo, 3,700 beb\u00e9s prematuros sobrevivieron gracias al m\u00e9todo Mam\u00e1 Canguro. De igual manera, se logr\u00f3 la recuperaci\u00f3n de m\u00e1s de 14,206 ni\u00f1os afectados por desnutrici\u00f3n aguda.<\/p>\n<p>El Gran Telet\u00f3n ser\u00e1 transmitido a nivel nacional por CERTV Canal 4 como canal matriz, y contar\u00e1 con la participaci\u00f3n de aliados del sector privado, medios de comunicaci\u00f3n y figuras p\u00fablicas que se unen para promover la causa, como los Embajadores Nacionales de Buena Voluntad de Unicef, Jatnna Tav\u00e1rez y Manny Cruz.<\/p>\n<p>La entrada <a href=\"https:\/\/elnuevodiario.com.do\/unicef-realizara-teleton-juntos-por-la-ninez-para-beneficiar-la-ninez-vulnerable-en-rd\/\">Unicef realizar\u00e1 telet\u00f3n \u00abJuntos por la Ni\u00f1ez\u00bb para beneficiar la ni\u00f1ez vulnerable en RD<\/a> se public\u00f3 primero en <a href=\"https:\/\/elnuevodiario.com.do\">El Nuevo Diario (Rep\u00fablica Dominicana)<\/a>.<\/p>\n","protected":false},"excerpt":{"rendered":"<p>EL NUEVO DIARIO, SANTO DOMINGO.- El Fondo de las Naciones Unidas para la Infancia (Unicef) anunci\u00f3 este mi\u00e9rcoles la celebraci\u00f3n del Gran Telet\u00f3n \u00abJuntos por la Ni\u00f1ez\u00bb, que tendr\u00e1 lugar el pr\u00f3ximo 10 de mayo, con el objetivo de recaudar fondos para programas que impactan directamente la vida de miles de ni\u00f1os y ni\u00f1as en<\/p>\n","protected":false},"author":1,"featured_media":37933,"comment_status":"open","ping_status":"open","sticky":false,"template":"","format":"standard","meta":{"footnotes":""},"categories":[1],"tags":[],"class_list":["post-37932","post","type-post","status-publish","format-standard","has-post-thumbnail","hentry","category-nacionales"],"_links":{"self":[{"href":"https:\/\/acronoticias.com\/index.php\/wp-json\/wp\/v2\/posts\/37932","targetHints":{"allow":["GET"]}}],"collection":[{"href":"https:\/\/acronoticias.com\/index.php\/wp-json\/wp\/v2\/posts"}],"about":[{"href":"https:\/\/acronoticias.com\/index.php\/wp-json\/wp\/v2\/types\/post"}],"author":[{"embeddable":true,"href":"https:\/\/acronoticias.com\/index.php\/wp-json\/wp\/v2\/users\/1"}],"replies":[{"embeddable":true,"href":"https:\/\/acronoticias.com\/index.php\/wp-json\/wp\/v2\/comments?post=37932"}],"version-history":[{"count":0,"href":"https:\/\/acronoticias.com\/index.php\/wp-json\/wp\/v2\/posts\/37932\/revisions"}],"wp:featuredmedia":[{"embeddable":true,"href":"https:\/\/acronoticias.com\/index.php\/wp-json\/wp\/v2\/media\/37933"}],"wp:attachment":[{"href":"https:\/\/acronoticias.com\/index.php\/wp-json\/wp\/v2\/media?parent=37932"}],"wp:term":[{"taxonomy":"category","embeddable":true,"href":"https:\/\/acronoticias.com\/index.php\/wp-json\/wp\/v2\/categories?post=37932"},{"taxonomy":"post_tag","embeddable":true,"href":"https:\/\/acronoticias.com\/index.php\/wp-json\/wp\/v2\/tags?post=37932"}],"curies":[{"name":"wp","href":"https:\/\/api.w.org\/{rel}","templated":true}]}}