{"id":37930,"date":"2026-04-29T17:56:36","date_gmt":"2026-04-29T17:56:36","guid":{"rendered":"https:\/\/acronoticias.com\/index.php\/2026\/04\/29\/luis-abinader-y-delcy-rodriguez-entre-los-lideres-invitados\/"},"modified":"2026-04-29T17:56:36","modified_gmt":"2026-04-29T17:56:36","slug":"luis-abinader-y-delcy-rodriguez-entre-los-lideres-invitados","status":"publish","type":"post","link":"https:\/\/acronoticias.com\/index.php\/2026\/04\/29\/luis-abinader-y-delcy-rodriguez-entre-los-lideres-invitados\/","title":{"rendered":"Luis Abinader y Delcy Rodr\u00edguez entre los l\u00edderes invitados"},"content":{"rendered":"<div>\n<div class=\"c-detail__author full\">\n<div>\n<div class=\"c-detail__author__thumb\">\n<figure>\n                                <picture src=\"https:\/\/imagenes.hoy.com.do\/files\/image_square_xs\/uploads\/2025\/11\/18\/691c7d5bed035.jpeg\" data-size=\"w:40,h:40\">\n                                    <img decoding=\"async\" loading=\"lazy\" alt=\"EFE EFE\" width=\"40\" height=\"40\" src=\"https:\/\/imagenes.hoy.com.do\/files\/image_square_xs\/uploads\/2025\/11\/18\/691c7d5bed035.jpeg\"\/>\n                                <\/picture>\n                                <\/figure>\n<\/div>\n<\/div>\n<\/div>\n<p>                                                                                            <!-- --><\/p>\n<p class=\"paragraph\">Espa\u00f1a invitar\u00e1 a la presidenta encargada de Venezuela, <b>Delcy Rodr\u00edguez<\/b>, a la<b> Cumbre Iberoamericana <\/b>que se celebrar\u00e1 en Madrid el 4 y el 5 de noviembre, inform\u00f3 este martes el ministro espa\u00f1ol de Asuntos Exteriores, Jos\u00e9 Manuel Albares, <b>durante una visita oficial a Rep\u00fablica Dominicana.<\/b><\/p>\n<p class=\"paragraph\">&#8220;En estos momentos lo que estamos haciendo es dirigi\u00e9ndonos a todos los pa\u00edses y vamos a actuar como se act\u00faa siempre. <b>Se invita a quien tiene la representaci\u00f3n internacional de cada pa\u00eds<\/b>&#8220;, dijo Albares en un encuentro con la prensa al ser preguntado sobre si ya hab\u00edan invitado a esa cita a Delcy Rodr\u00edguez.<\/p>\n<p class=\"paragraph\">La Cumbre Iberoamericana de Madrid &#8220;no va a ser distinta de otra, la Secretar\u00eda Pro T\u00e9mpere no cambia las reglas. Hay unas reglas establecidas por todos y en todo momento las vamos a seguir&#8221;, a\u00f1adi\u00f3 el ministro espa\u00f1ol.<\/p>\n<p class=\"paragraph\">Albares tambi\u00e9n confirm\u00f3 que el presidente de la Rep\u00fablica Dominicana,<b> Luis Abinader, asistir\u00e1 a la Cumbre Iberoamericana.<\/b><\/p>\n<div class=\"c-detail__box \">\n<article class=\"c-detail__sumario \">\n<figure class=\"c-detail__sumario__thumb\" style=\"display: block;\">\n            <a href=\"#\" title=\"\">\n                <picture data-size=\"w:140,h:140\" loading=\"lazy\" src=\"https:\/\/imagenes.hoy.com.do\/files\/related_image\/uploads\/2026\/04\/29\/69f23775e9b70.jpeg\" data-full-src=\"https:\/\/imagenes.hoy.com.do\/uploads\/2026\/04\/29\/69f23775e9b70.jpeg\">\n                    <img loading=\"lazy\" decoding=\"async\" width=\"140\" height=\"140\" alt=\"Movilizaci\u00f3n Global Progresista\" src=\"https:\/\/imagenes.hoy.com.do\/uploads\/2026\/04\/29\/69f23775e9b70.jpeg\"\/>\n                <\/picture>\n            <\/a><br \/>\n        <\/figure>\n<\/article>\n<\/div>\n<p class=\"paragraph\">Albares espa\u00f1ol ofreci\u00f3 la informaci\u00f3n a la prensa espa\u00f1ola en la embajada de Espa\u00f1a en Santo Domingo tras un encuentro con su hom\u00f3logo dominicano, Roberto \u00c1lvarez, en la sede del ministerio de Exteriores de Rep\u00fablica Dominicana, segunda parada de su gira por Latinoam\u00e9rica que inici\u00f3 ayer en Puerto Rico y que continuar\u00e1 en M\u00e9xico.<\/p>\n<p class=\"paragraph\">&#8220;Hemos tra\u00eddo la carta de invitaci\u00f3n de su majestad el rey, y el canciller dominicano me ha confirmado que el presidente Abinader estar\u00e1, por supuesto, en noviembre en esa cumbre en Madrid&#8221;, declar\u00f3 Albares.<\/p>\n<p class=\"paragraph\">Los dos ministros de Exteriores repasaron este martes los trabajos preparatorios de la Cumbre Iberoamericana de Madrid, que en esta ocasi\u00f3n tendr\u00e1 como lema &#8216;Iberoam\u00e9rica. Juntos construimos nuestra comunidad. Juntos la proyectamos hacia el futuro y hacia el mundo&#8217;.EFE<\/p>\n<\/p><\/div>\n","protected":false},"excerpt":{"rendered":"<p>Espa\u00f1a invitar\u00e1 a la presidenta encargada de Venezuela, Delcy Rodr\u00edguez, a la Cumbre Iberoamericana que se celebrar\u00e1 en Madrid el 4 y el 5 de noviembre, inform\u00f3 este martes el ministro espa\u00f1ol de Asuntos Exteriores, Jos\u00e9 Manuel Albares, durante una visita oficial a Rep\u00fablica Dominicana. &#8220;En estos momentos lo que estamos haciendo es dirigi\u00e9ndonos a<\/p>\n","protected":false},"author":1,"featured_media":37931,"comment_status":"open","ping_status":"open","sticky":false,"template":"","format":"standard","meta":{"footnotes":""},"categories":[3],"tags":[],"class_list":["post-37930","post","type-post","status-publish","format-standard","has-post-thumbnail","hentry","category-internacionales"],"_links":{"self":[{"href":"https:\/\/acronoticias.com\/index.php\/wp-json\/wp\/v2\/posts\/37930","targetHints":{"allow":["GET"]}}],"collection":[{"href":"https:\/\/acronoticias.com\/index.php\/wp-json\/wp\/v2\/posts"}],"about":[{"href":"https:\/\/acronoticias.com\/index.php\/wp-json\/wp\/v2\/types\/post"}],"author":[{"embeddable":true,"href":"https:\/\/acronoticias.com\/index.php\/wp-json\/wp\/v2\/users\/1"}],"replies":[{"embeddable":true,"href":"https:\/\/acronoticias.com\/index.php\/wp-json\/wp\/v2\/comments?post=37930"}],"version-history":[{"count":0,"href":"https:\/\/acronoticias.com\/index.php\/wp-json\/wp\/v2\/posts\/37930\/revisions"}],"wp:featuredmedia":[{"embeddable":true,"href":"https:\/\/acronoticias.com\/index.php\/wp-json\/wp\/v2\/media\/37931"}],"wp:attachment":[{"href":"https:\/\/acronoticias.com\/index.php\/wp-json\/wp\/v2\/media?parent=37930"}],"wp:term":[{"taxonomy":"category","embeddable":true,"href":"https:\/\/acronoticias.com\/index.php\/wp-json\/wp\/v2\/categories?post=37930"},{"taxonomy":"post_tag","embeddable":true,"href":"https:\/\/acronoticias.com\/index.php\/wp-json\/wp\/v2\/tags?post=37930"}],"curies":[{"name":"wp","href":"https:\/\/api.w.org\/{rel}","templated":true}]}}