{"id":37928,"date":"2026-04-29T17:42:40","date_gmt":"2026-04-29T17:42:40","guid":{"rendered":"https:\/\/acronoticias.com\/index.php\/2026\/04\/29\/cpn-felicita-a-la-poblacion-por-su-participacion-en-el-dia-nacional-de-la-rebeldia\/"},"modified":"2026-04-29T17:42:40","modified_gmt":"2026-04-29T17:42:40","slug":"cpn-felicita-a-la-poblacion-por-su-participacion-en-el-dia-nacional-de-la-rebeldia","status":"publish","type":"post","link":"https:\/\/acronoticias.com\/index.php\/2026\/04\/29\/cpn-felicita-a-la-poblacion-por-su-participacion-en-el-dia-nacional-de-la-rebeldia\/","title":{"rendered":"CPN felicita a la poblaci\u00f3n por su participaci\u00f3n en el Dia Nacional de la Rebeld\u00eda\u00a0"},"content":{"rendered":"<p><img loading=\"lazy\" decoding=\"async\" width=\"355\" height=\"200\" src=\"https:\/\/nuevodiario-assets.s3.us-east-2.amazonaws.com\/wp-content\/uploads\/2026\/04\/Captura-de-pantalla-2026-04-29-133757-355x200.png\" class=\"webfeedsFeaturedVisual not-transparent wp-post-image\" alt=\"\" style=\"--dominant-color: #7c7d80;margin-bottom: 5px;clear:both;max-width: 100%\" data-has-transparency=\"false\" data-dominant-color=\"7c7d80\" \/><\/p>\n<p>EL NUEVO DIARIO, SANTO DOMINGO.- La Coordinadora Popular Nacional (CPN), felicito este mi\u00e9rcoles a la poblaci\u00f3n dominicana, por la participaci\u00f3n masiva, activa y c\u00edvica de diversas comunidades en las jornadas del DIA NACIONAL DE LA REBELDIA, desarrolladas el lunes 27 de abril en el 61 aniversario de la Batalla del Puente Duarte y la revoluci\u00f3n del Abril.<\/p>\n<p>Al mismo tiempo la CPN, exhort\u00f3 a la poblaci\u00f3n trabajadora a integrarse a la Gran Marcha Unitaria del movimiento popular, sindical y profesional que tendr\u00e1 lugar este viernes Primero de Mayo en el Distrito Nacional saliendo de la Plaza Mauricio B\u00e1ez (San Martin con Leopoldo Navarro) a las 10.00 de la ma\u00f1ana para llegar hasta el Palacio Nacional.<\/p>\n<p>Para la Coordinadora, el gran desaf\u00edo de los movimientos sociales en la actual coyuntura de convulsiones geopol\u00edticas y crisis socio ambientales globales e incremento de las penurias de los sectores populares, es la m\u00e1s amplia articulaci\u00f3n y unificaci\u00f3n de las diversas luchas locales, territoriales, sectoriales, sociales y ambientales en un solo programa reivindicativo y plan de acci\u00f3n de acci\u00f3n com\u00fan, que le arranque con la movilizaci\u00f3n permanente los derechos del pueblo a las elites atrincheradas en el poder del Estado.<\/p>\n<p>\u201cTrabajadores y comunidades nos estamos movilizando hoy contra el alto costo de la vida, en defensa del salario, la cesant\u00eda y la libertad sindical, junto con la defensa del agua y la soberan\u00eda nacional, frente a las embestidas de las corporaciones mineras que pretenden avanzar en la destrucci\u00f3n de las cordillera central, septentrional, nuestros principales r\u00edos y la sostenibilidad del pa\u00eds.\u201d Apunto la coordinadora.<\/p>\n<p>Y agrego que \u201cEste viernes primero de mayo en el D\u00eda Internacional de los trabajadores vamos a marchar y reforzar esta unidad en las calles de comunidades y trabajadores \/as, para arrancarle a los oligarcas el 5% del PIB para el sector salud, eliminar las ARS-AFP, las exoneraciones y privilegios de los ricos, detener las expropiaciones y desalojos y lograr ambiente sano y viviendas dignas para todas las familias.<\/p>\n<p>Las huelgas y movilizaciones del Sur, el Cibao, el Gran Santo Domingo y el Este, contin\u00faan este viernes primero de mayo con la gran marcha de trabajadores y trabajadoras hacia el Palacio Nacional.<\/p>\n<p>La entrada <a href=\"https:\/\/elnuevodiario.com.do\/cpn-felicita-a-la-poblacion-por-su-participacion-en-el-dia-nacional-de-la-rebeldia\/\">CPN felicita a la poblaci\u00f3n por su participaci\u00f3n en el Dia Nacional de la Rebeld\u00eda\u00a0<\/a> se public\u00f3 primero en <a href=\"https:\/\/elnuevodiario.com.do\">El Nuevo Diario (Rep\u00fablica Dominicana)<\/a>.<\/p>\n","protected":false},"excerpt":{"rendered":"<p>EL NUEVO DIARIO, SANTO DOMINGO.- La Coordinadora Popular Nacional (CPN), felicito este mi\u00e9rcoles a la poblaci\u00f3n dominicana, por la participaci\u00f3n masiva, activa y c\u00edvica de diversas comunidades en las jornadas del DIA NACIONAL DE LA REBELDIA, desarrolladas el lunes 27 de abril en el 61 aniversario de la Batalla del Puente Duarte y la revoluci\u00f3n<\/p>\n","protected":false},"author":1,"featured_media":37929,"comment_status":"open","ping_status":"open","sticky":false,"template":"","format":"standard","meta":{"footnotes":""},"categories":[1],"tags":[],"class_list":["post-37928","post","type-post","status-publish","format-standard","has-post-thumbnail","hentry","category-nacionales"],"_links":{"self":[{"href":"https:\/\/acronoticias.com\/index.php\/wp-json\/wp\/v2\/posts\/37928","targetHints":{"allow":["GET"]}}],"collection":[{"href":"https:\/\/acronoticias.com\/index.php\/wp-json\/wp\/v2\/posts"}],"about":[{"href":"https:\/\/acronoticias.com\/index.php\/wp-json\/wp\/v2\/types\/post"}],"author":[{"embeddable":true,"href":"https:\/\/acronoticias.com\/index.php\/wp-json\/wp\/v2\/users\/1"}],"replies":[{"embeddable":true,"href":"https:\/\/acronoticias.com\/index.php\/wp-json\/wp\/v2\/comments?post=37928"}],"version-history":[{"count":0,"href":"https:\/\/acronoticias.com\/index.php\/wp-json\/wp\/v2\/posts\/37928\/revisions"}],"wp:featuredmedia":[{"embeddable":true,"href":"https:\/\/acronoticias.com\/index.php\/wp-json\/wp\/v2\/media\/37929"}],"wp:attachment":[{"href":"https:\/\/acronoticias.com\/index.php\/wp-json\/wp\/v2\/media?parent=37928"}],"wp:term":[{"taxonomy":"category","embeddable":true,"href":"https:\/\/acronoticias.com\/index.php\/wp-json\/wp\/v2\/categories?post=37928"},{"taxonomy":"post_tag","embeddable":true,"href":"https:\/\/acronoticias.com\/index.php\/wp-json\/wp\/v2\/tags?post=37928"}],"curies":[{"name":"wp","href":"https:\/\/api.w.org\/{rel}","templated":true}]}}