{"id":37926,"date":"2026-04-29T17:26:59","date_gmt":"2026-04-29T17:26:59","guid":{"rendered":"https:\/\/acronoticias.com\/index.php\/2026\/04\/29\/rechazan-justificacion-de-emma-polanco-sobre-aumento-salarial-en-la-camara-de-cuentas\/"},"modified":"2026-04-29T17:26:59","modified_gmt":"2026-04-29T17:26:59","slug":"rechazan-justificacion-de-emma-polanco-sobre-aumento-salarial-en-la-camara-de-cuentas","status":"publish","type":"post","link":"https:\/\/acronoticias.com\/index.php\/2026\/04\/29\/rechazan-justificacion-de-emma-polanco-sobre-aumento-salarial-en-la-camara-de-cuentas\/","title":{"rendered":"Rechazan justificaci\u00f3n de Emma Polanco sobre aumento salarial en la C\u00e1mara de Cuentas"},"content":{"rendered":"<p><img loading=\"lazy\" decoding=\"async\" width=\"355\" height=\"200\" src=\"https:\/\/nuevodiario-assets.s3.us-east-2.amazonaws.com\/wp-content\/uploads\/2024\/09\/04103030\/WhatsApp-Image-2024-09-03-at-4.08.15-PM-1-355x200.jpeg\" class=\"webfeedsFeaturedVisual not-transparent wp-post-image\" alt=\"Joysi Melenciano, comunicadora.(Foto: El Nuevo Diario).\" style=\"--dominant-color: #a88181;margin-bottom: 5px;clear:both;max-width: 100%\" data-has-transparency=\"false\" data-dominant-color=\"a88181\" \/><\/p>\n<p>EL NUEVO DIARIO, SANTO DOMINGO.-La comunicadora Joysi Melenciano critic\u00f3 las declaraciones de la presidenta del Consejo de la C\u00e1mara de Cuentas, Emma Polanco, luego de que esta asegurara que nunca tuvo la intenci\u00f3n de aumentarse el sueldo, pese a la controversia generada por la propuesta de incremento salarial dentro del organismo.<\/p>\n<p>Melenciano cuestion\u00f3 que, despu\u00e9s del rechazo p\u00fablico y de la intervenci\u00f3n del Senado de la Rep\u00fablica y del Congreso Nacional para frenar la medida, ahora se pretenda negar que existi\u00f3 la intenci\u00f3n de aplicar un aumento de hasta un 50 % en salarios e incentivos para los miembros del \u00f3rgano fiscalizador.<\/p>\n<p>\u201cAhora resulta que ella no quer\u00eda aumentarse el sueldo y que todos estamos mintiendo, cuando fue el propio Congreso Nacional el que tuvo que echar para atr\u00e1s ese aumento\u201d, expres\u00f3 la comunicadora.<\/p>\n<p>La periodista se\u00f1al\u00f3 que resulta indignante que una funcionaria con ingresos cercanos al mill\u00f3n de pesos mensuales, sumado a su pensi\u00f3n como exrectora de la Universidad Aut\u00f3noma de Santo Domingo (UASD), considere necesario un incremento adicional bajo el argumento de estar cumpliendo con su trabajo.<\/p>\n<p>\u201cSi hacer su trabajo merece un aumento de un 50 %, entonces tambi\u00e9n habr\u00eda que subirle el sueldo a los profesores, a los m\u00e9dicos, a los bomberos y a todos los servidores p\u00fablicos que trabajan en condiciones mucho m\u00e1s dif\u00edciles y con salarios muy inferiores\u201d, afirm\u00f3.<\/p>\n<p>Melenciano sostuvo que realizar auditor\u00edas no representa un m\u00e9rito extraordinario, sino la funci\u00f3n principal para la cual fueron designados los miembros de la C\u00e1mara de Cuentas, por lo que consider\u00f3 inapropiado justificar aumentos salariales sobre esa base.<\/p>\n<p>Asimismo, cuestion\u00f3 que todav\u00eda no se haya presentado una auditor\u00eda clara sobre la gesti\u00f3n de Emma Polanco durante su paso por la rector\u00eda de la UASD, pese a que, seg\u00fan dijo, diversos sectores llevan a\u00f1os solicit\u00e1ndola.<\/p>\n<p>La comunicadora tambi\u00e9n compar\u00f3 la situaci\u00f3n con la realidad que enfrentan maestros que imparten docencia en aulas precarias, m\u00e9dicos que trabajan sin insumos b\u00e1sicos, bomberos que arriesgan su vida por salarios m\u00ednimos y empleados p\u00fablicos que llevan a\u00f1os sin recibir aumentos significativos.<\/p>\n<p>Para Melenciano, este tipo de posturas evidencian una profunda desconexi\u00f3n entre algunos funcionarios y la realidad del ciudadano com\u00fan, especialmente cuando sus salarios provienen de los impuestos que paga la poblaci\u00f3n.<\/p>\n<p>Adem\u00e1s, lament\u00f3 que desde espacios de alta responsabilidad p\u00fablica a\u00fan no se comprenda que el verdadero compromiso del servidor p\u00fablico debe estar orientado a ofrecer servicios de calidad y no a la b\u00fasqueda de mayores privilegios econ\u00f3micos.<\/p>\n<p>La entrada <a href=\"https:\/\/elnuevodiario.com.do\/rechazan-justificacion-de-emma-polanco-sobre-aumento-salarial-en-la-camara-de-cuentas\/\">Rechazan justificaci\u00f3n de Emma Polanco sobre aumento salarial en la C\u00e1mara de Cuentas<\/a> se public\u00f3 primero en <a href=\"https:\/\/elnuevodiario.com.do\">El Nuevo Diario (Rep\u00fablica Dominicana)<\/a>.<\/p>\n","protected":false},"excerpt":{"rendered":"<p>EL NUEVO DIARIO, SANTO DOMINGO.-La comunicadora Joysi Melenciano critic\u00f3 las declaraciones de la presidenta del Consejo de la C\u00e1mara de Cuentas, Emma Polanco, luego de que esta asegurara que nunca tuvo la intenci\u00f3n de aumentarse el sueldo, pese a la controversia generada por la propuesta de incremento salarial dentro del organismo. Melenciano cuestion\u00f3 que, despu\u00e9s<\/p>\n","protected":false},"author":1,"featured_media":37927,"comment_status":"open","ping_status":"open","sticky":false,"template":"","format":"standard","meta":{"footnotes":""},"categories":[1],"tags":[],"class_list":["post-37926","post","type-post","status-publish","format-standard","has-post-thumbnail","hentry","category-nacionales"],"_links":{"self":[{"href":"https:\/\/acronoticias.com\/index.php\/wp-json\/wp\/v2\/posts\/37926","targetHints":{"allow":["GET"]}}],"collection":[{"href":"https:\/\/acronoticias.com\/index.php\/wp-json\/wp\/v2\/posts"}],"about":[{"href":"https:\/\/acronoticias.com\/index.php\/wp-json\/wp\/v2\/types\/post"}],"author":[{"embeddable":true,"href":"https:\/\/acronoticias.com\/index.php\/wp-json\/wp\/v2\/users\/1"}],"replies":[{"embeddable":true,"href":"https:\/\/acronoticias.com\/index.php\/wp-json\/wp\/v2\/comments?post=37926"}],"version-history":[{"count":0,"href":"https:\/\/acronoticias.com\/index.php\/wp-json\/wp\/v2\/posts\/37926\/revisions"}],"wp:featuredmedia":[{"embeddable":true,"href":"https:\/\/acronoticias.com\/index.php\/wp-json\/wp\/v2\/media\/37927"}],"wp:attachment":[{"href":"https:\/\/acronoticias.com\/index.php\/wp-json\/wp\/v2\/media?parent=37926"}],"wp:term":[{"taxonomy":"category","embeddable":true,"href":"https:\/\/acronoticias.com\/index.php\/wp-json\/wp\/v2\/categories?post=37926"},{"taxonomy":"post_tag","embeddable":true,"href":"https:\/\/acronoticias.com\/index.php\/wp-json\/wp\/v2\/tags?post=37926"}],"curies":[{"name":"wp","href":"https:\/\/api.w.org\/{rel}","templated":true}]}}