{"id":37920,"date":"2026-04-29T16:55:44","date_gmt":"2026-04-29T16:55:44","guid":{"rendered":"https:\/\/acronoticias.com\/index.php\/2026\/04\/29\/gestos-tensiones-y-la-conversacion-privada-que-se-revelo-sobre-iran\/"},"modified":"2026-04-29T16:55:44","modified_gmt":"2026-04-29T16:55:44","slug":"gestos-tensiones-y-la-conversacion-privada-que-se-revelo-sobre-iran","status":"publish","type":"post","link":"https:\/\/acronoticias.com\/index.php\/2026\/04\/29\/gestos-tensiones-y-la-conversacion-privada-que-se-revelo-sobre-iran\/","title":{"rendered":"gestos, tensiones y la conversaci\u00f3n privada que se revel\u00f3 sobre Ir\u00e1n"},"content":{"rendered":"<div>\n<p>                                                                                            <!-- --><\/p>\n<p class=\"paragraph\">En el mundo de los deslices diplom\u00e1ticos, podr\u00eda haber sido mucho peor.<\/p>\n<p class=\"paragraph\">En la cena de Estado del martes en honor del rey <b>Carlos III<\/b> y la <b>reina Camila<\/b>, el presidente estadounidense <b>Donald Trump<\/b> revel\u00f3 que, durante una reuni\u00f3n privada ese mismo d\u00eda, el monarca brit\u00e1nico hab\u00eda coincidido con \u00e9l en que <b>nunca se debe permitir que Ir\u00e1n tenga armas nucleares.<\/b><\/p>\n<p class=\"paragraph\">\u201cEstamos haciendo un poco de trabajo en<b> Oriente Medio<\/b> ahora mismo\u2026 y nos est\u00e1 yendo muy bien\u201d, declar\u00f3 Trump a los presentes. \u201cHemos derrotado militarmente a ese adversario en particular, y nunca vamos a permitir que ese adversario \u2014Carlos est\u00e1 de acuerdo conmigo, incluso m\u00e1s que yo\u2014, nunca vamos a permitir que ese adversario tenga un arma nuclear\u201d.<\/p>\n<p class=\"paragraph\">Aunque muchos brit\u00e1nicos coincidir\u00edan con el sentir del presidente, el comentario provoc\u00f3 una leve consternaci\u00f3n entre los comentaristas en el Reino Unido.<\/p>\n<p class=\"paragraph\">En Gran Breta\u00f1a, ver\u00e1, esto sencillamente no se hace.<\/p>\n<p class=\"paragraph\">Por convenci\u00f3n, la gente no debe divulgar conversaciones privadas con el monarca. Eso se debe en parte a que el rey tiene que mantenerse por encima de la refriega pol\u00edtica, pero tambi\u00e9n a que el soberano no tiene la posibilidad de intervenir en un debate p\u00fablico y corregir el registro si se le cita mal.<\/p>\n<p class=\"paragraph\">\u201cEn general, como cuesti\u00f3n de protocolo, creo que esperar\u00eda que las conversaciones entre jefes de Estado fueran, por as\u00ed decirlo, entre bambalinas, en esas reuniones a puerta cerrada, y que se mantuvieran en privado\u201d, indic\u00f3 Craig Prescott, experto en derecho constitucional y la monarqu\u00eda en Royal Holloway, Universidad de Londres.<\/p>\n<p class=\"paragraph\">\u201cY esto era algo que el gobierno del Reino Unido quer\u00eda evitar\u201d, a\u00f1adi\u00f3.<\/p>\n<p class=\"paragraph\">Hab\u00eda bastante nerviosismo antes del viaje del rey a Estados Unidos, que se produce en medio de la frustraci\u00f3n de Trump con el primer ministro brit\u00e1nico Keir Starmer, por no haber respaldado las acciones de Estados Unidos en la guerra con Ir\u00e1n.<\/p>\n<p class=\"paragraph\">Como todas las visitas reales, esta es una cita diplom\u00e1tica cuidadosamente coreografiada que se realiza a petici\u00f3n del gobierno del Reino Unido, que espera que las c\u00e1lidas relaciones entre el rey y Trump \u2014a quien parece encantarle todo lo relacionado con la realeza\u2014 puedan ayudar a reparar la grieta.<\/p>\n<p class=\"paragraph\">Pero Trump es un l\u00edder poco convencional con inclinaci\u00f3n a romper el protocolo, y hab\u00eda preocupaci\u00f3n por lo que pudiera decir o hacer.<\/p>\n<div class=\"c-detail__box \">\n<article class=\"c-detail__sumario \">\n<figure class=\"c-detail__sumario__thumb\" style=\"display: block;\">\n            <a href=\"#\" title=\"\">\n                <picture data-size=\"w:140,h:140\" loading=\"lazy\" src=\"https:\/\/imagenes.hoy.com.do\/files\/related_image\/files\/fp\/uploads\/2026\/04\/29\/69f207d5cd58d.r_d.490-327.webp\" data-full-src=\"https:\/\/imagenes.hoy.com.do\/uploads\/2026\/04\/29\/69f207d5cd58d.webp\">\n                    <img loading=\"lazy\" decoding=\"async\" width=\"140\" height=\"140\" alt=\"La car\u00e1tula de un pasaporte estadounidense se exhibe en Tigard, Oregon, el 11 de diciembre de 2021. (AP Foto\/Jenny Kane\/Archivo)\" src=\"https:\/\/imagenes.hoy.com.do\/uploads\/2026\/04\/29\/69f207d5cd58d.webp\"\/>\n                <\/picture>\n            <\/a><br \/>\n        <\/figure>\n<\/article>\n<\/div>\n<p class=\"paragraph\">Al menos en este caso, los comentarios del rey parecieron claramente dentro de los l\u00edmites de la pol\u00edtica vigente del gobierno del Reino Unido.<\/p>\n<p class=\"paragraph\">\u201cEl rey es naturalmente consciente de la posici\u00f3n, de larga data y bien conocida, de su gobierno sobre la prevenci\u00f3n de la proliferaci\u00f3n nuclear\u201d, se\u00f1al\u00f3 el Palacio de Buckingham en un comunicado destinado a dar contexto a las declaraciones del presidente.<\/p>\n<p class=\"paragraph\">Prescott coment\u00f3 que \u201cen cierto sentido, este siempre fue el tema: qu\u00e9 har\u00eda o dir\u00eda Trump; si pondr\u00eda al rey en una situaci\u00f3n embarazosa\u201d.<\/p>\n<p class=\"paragraph\">A\u00f1adi\u00f3: \u201cSiempre estaba esa cuesti\u00f3n de lo que publicar\u00eda en redes sociales. Y creo que esto podr\u00eda haber sido mucho, mucho peor\u201d.<\/p>\n<p class=\"paragraph\"><b>Humor en medio de tensiones<\/b><\/p>\n<p class=\"paragraph\">En medio del ambiente diplom\u00e1tico y las diferencias pol\u00edticas, Carlos III apel\u00f3 al humor durante el brindis oficial.<\/p>\n<p class=\"paragraph\">\u201cSi no fuera por nosotros, ustedes hablar\u00edan franc\u00e9s\u201d, brome\u00f3 el monarca, provocando sonrisas entre los asistentes.<\/p>\n<p class=\"paragraph\">La frase pareci\u00f3 responder con iron\u00eda a comentarios recientes de Trump, quien hab\u00eda dicho que sin el apoyo de Estados Unidos tras la Segunda Guerra Mundial, Europa \u201chablar\u00eda alem\u00e1n\u201d.<\/p>\n<p class=\"paragraph\">M\u00e1s all\u00e1 de la broma, el encuentro busc\u00f3 reforzar la llamada \u201crelaci\u00f3n especial\u201d entre Londres y Washington, en un contexto internacional marcado por las tensiones en Ir\u00e1n y Ucrania.<\/p>\n<p class=\"paragraph\">Trump aprovech\u00f3 adem\u00e1s para destacar el v\u00ednculo bilateral.<\/p>\n<p class=\"paragraph\">\u201cLos estadounidenses no han tenido amigos m\u00e1s cercanos que los brit\u00e1nicos\u201d, expres\u00f3 desde la Casa Blanca, al asegurar que la relaci\u00f3n entre ambas naciones \u201cperdurar\u00e1 por mucho tiempo\u201d.<\/p>\n<p class=\"paragraph\">Horas antes, Carlos III hab\u00eda pronunciado un discurso ante una sesi\u00f3n conjunta del Congreso, donde recibi\u00f3 varias ovaciones de pie.<\/p>\n<p class=\"paragraph\">En su intervenci\u00f3n, el rey celebr\u00f3 los lazos hist\u00f3ricos entre ambos pa\u00edses, pero tambi\u00e9n lanz\u00f3 mensajes sobre desaf\u00edos actuales, al aludir a la OTAN, el respaldo a Ucrania y la lucha contra el cambio clim\u00e1tico.<\/p>\n<p class=\"paragraph\">\u201cNuestra alianza no puede sostenerse \u00fanicamente en los logros del pasado\u201d, advirti\u00f3.<\/p>\n<p class=\"paragraph\">Asimismo, llam\u00f3 a Reino Unido y Estados Unidos a enfrentar juntos retos que, dijo, \u201cson demasiado grandes para que una sola naci\u00f3n los soporte por s\u00ed sola\u201d.<\/p>\n<p class=\"paragraph\">Tras su paso por Washington, Carlos III y la reina Camila contin\u00faan su visita en Nueva York, donde la agenda se enfocar\u00e1 en las industrias creativas y dejar\u00e1 atr\u00e1s el componente m\u00e1s pol\u00edtico del viaje.<\/p>\n<p class=\"paragraph\">Para analistas brit\u00e1nicos, la parte m\u00e1s delicada ya pas\u00f3.<\/p>\n<p class=\"paragraph\">\u201cSi esta es la \u00fanica controversia que surge de esta fase de la visita de Estado, creo que en general esto ha sido un enorme \u00e9xito para el rey y el gobierno brit\u00e1nico\u201d, sostuvo Prescott.<\/p>\n<p class=\"paragraph\">\u201cDa la impresi\u00f3n de que el rey ha encantado a Washington con su discurso ante el Congreso y su discurso muy ingenioso en el banquete de Estado\u201d, concluy\u00f3.<\/p>\n<\/p><\/div>\n","protected":false},"excerpt":{"rendered":"<p>En el mundo de los deslices diplom\u00e1ticos, podr\u00eda haber sido mucho peor. En la cena de Estado del martes en honor del rey Carlos III y la reina Camila, el presidente estadounidense Donald Trump revel\u00f3 que, durante una reuni\u00f3n privada ese mismo d\u00eda, el monarca brit\u00e1nico hab\u00eda coincidido con \u00e9l en que nunca se debe<\/p>\n","protected":false},"author":1,"featured_media":37921,"comment_status":"open","ping_status":"open","sticky":false,"template":"","format":"standard","meta":{"footnotes":""},"categories":[3],"tags":[],"class_list":["post-37920","post","type-post","status-publish","format-standard","has-post-thumbnail","hentry","category-internacionales"],"_links":{"self":[{"href":"https:\/\/acronoticias.com\/index.php\/wp-json\/wp\/v2\/posts\/37920","targetHints":{"allow":["GET"]}}],"collection":[{"href":"https:\/\/acronoticias.com\/index.php\/wp-json\/wp\/v2\/posts"}],"about":[{"href":"https:\/\/acronoticias.com\/index.php\/wp-json\/wp\/v2\/types\/post"}],"author":[{"embeddable":true,"href":"https:\/\/acronoticias.com\/index.php\/wp-json\/wp\/v2\/users\/1"}],"replies":[{"embeddable":true,"href":"https:\/\/acronoticias.com\/index.php\/wp-json\/wp\/v2\/comments?post=37920"}],"version-history":[{"count":0,"href":"https:\/\/acronoticias.com\/index.php\/wp-json\/wp\/v2\/posts\/37920\/revisions"}],"wp:featuredmedia":[{"embeddable":true,"href":"https:\/\/acronoticias.com\/index.php\/wp-json\/wp\/v2\/media\/37921"}],"wp:attachment":[{"href":"https:\/\/acronoticias.com\/index.php\/wp-json\/wp\/v2\/media?parent=37920"}],"wp:term":[{"taxonomy":"category","embeddable":true,"href":"https:\/\/acronoticias.com\/index.php\/wp-json\/wp\/v2\/categories?post=37920"},{"taxonomy":"post_tag","embeddable":true,"href":"https:\/\/acronoticias.com\/index.php\/wp-json\/wp\/v2\/tags?post=37920"}],"curies":[{"name":"wp","href":"https:\/\/api.w.org\/{rel}","templated":true}]}}