{"id":37918,"date":"2026-04-29T16:54:38","date_gmt":"2026-04-29T16:54:38","guid":{"rendered":"https:\/\/acronoticias.com\/index.php\/2026\/04\/29\/enfermeras-realizan-paro-de-24-horas-en-demanda-de-mejores-condiciones-en-barahona\/"},"modified":"2026-04-29T16:54:38","modified_gmt":"2026-04-29T16:54:38","slug":"enfermeras-realizan-paro-de-24-horas-en-demanda-de-mejores-condiciones-en-barahona","status":"publish","type":"post","link":"https:\/\/acronoticias.com\/index.php\/2026\/04\/29\/enfermeras-realizan-paro-de-24-horas-en-demanda-de-mejores-condiciones-en-barahona\/","title":{"rendered":"Enfermeras realizan paro de 24 horas en demanda de mejores condiciones en Barahona"},"content":{"rendered":"<p><img decoding=\"async\" width=\"355\" height=\"200\" src=\"https:\/\/nuevodiario-assets.s3.us-east-2.amazonaws.com\/wp-content\/uploads\/2026\/04\/Genaro-Moreta-355x200.jpeg\" class=\"webfeedsFeaturedVisual not-transparent wp-post-image\" alt=\"\" style=\"--dominant-color: #65718f;margin-bottom: 5px;clear:both;max-width: 100%\" loading=\"lazy\" data-has-transparency=\"false\" data-dominant-color=\"65718f\" \/><\/p>\n<p>EL NUEVO DIARIO, BARAHONA.-El Sindicato Nacional de Trabajadores de Enfermeria (Sinatrae) y otras organizaciones que agrupan a profesionales de la enfermar\u00eda realizaron este mi\u00e9rcoles un paro de labores en el principal centro de salud de la regi\u00f3n Enriquillo, en la provincia Barahona.<\/p>\n<p>Francisco Serrano, secretario general del Sindicato Nacional de Trabajadores de Enfermer\u00eda (Sinatrae) reafirm\u00f3 que desde hace seis a\u00f1os el sector viene reclamando el cumplimiento de compromisos asumidos por las autoridades, los cuales, seg\u00fan indic\u00f3, no han sido honrados. Explic\u00f3 que, aunque las autoridades reconocen los derechos del personal de enfermer\u00eda, no han procedido a formalizar los acuerdos.<\/p>\n<p>Serrano detall\u00f3 que entre los principales reclamos figuran el pago por tiempo en servicio, el nombramiento de enfermeras y t\u00e9cnicos, as\u00ed como la clasificaci\u00f3n de auxiliares que han pasado a ser profesionales. Se\u00f1al\u00f3 adem\u00e1s que muchos hospitales cuentan con personal en edad de retiro pero que no quieren irse por el bajo salario.<\/p>\n<p><img loading=\"lazy\" decoding=\"async\" data-recalc-dims=\"1\" data-dominant-color=\"6d7882\" data-has-transparency=\"false\" style=\"--dominant-color: #6d7882\" class=\"alignnone wp-image-3101726 size-full not-transparent\" src=\"https:\/\/i0.wp.com\/nuevodiario-assets.s3.us-east-2.amazonaws.com\/wp-content\/uploads\/2026\/04\/enfermeras.jpeg?resize=640%2C295&#038;quality=100&#038;ssl=1\" alt=\"\" width=\"640\" height=\"295\" \/><\/p>\n<p>Asimismo, indic\u00f3 que se hab\u00eda acordado el nombramiento de mil enfermeras en 2025 y otras mil en 2026, promesa que, seg\u00fan dijo, no se ha cumplido. Tambi\u00e9n critic\u00f3 la eliminaci\u00f3n del pago por distancia, tanto en zonas fronterizas como no fronterizas, medida atribuida al ex director del Servicio Nacional de Salud, Dr. Mario Lama.<\/p>\n<p>De su lado, Edgar Casilla, representante de la Asociaci\u00f3n de Enfermer\u00eda ASONEN, denunci\u00f3 que tampoco se ha cumplido con el nombramiento del personal de enfermer\u00eda que trabaj\u00f3 durante la pandemia del COVID-19. Consider\u00f3 que el gobierno ha ignorado los acuerdos establecidos con el sector.<\/p>\n<p><img loading=\"lazy\" decoding=\"async\" data-recalc-dims=\"1\" data-dominant-color=\"87837f\" data-has-transparency=\"false\" style=\"--dominant-color: #87837f\" class=\"alignnone wp-image-3101728 size-full not-transparent\" src=\"https:\/\/i0.wp.com\/nuevodiario-assets.s3.us-east-2.amazonaws.com\/wp-content\/uploads\/2026\/04\/Barahona-protesta.jpeg?resize=640%2C295&#038;quality=100&#038;ssl=1\" alt=\"\" width=\"640\" height=\"295\" \/><\/p>\n<p>Ambos dirigentes coincidieron en que, a pesar de ser el pilar fundamental del sistema hospitalario, el personal de enfermer\u00eda no ha recibido la atenci\u00f3n necesaria por parte de las autoridades, por lo que advirtieron que podr\u00edan intensificar las acciones de protesta si no se atienden sus demandas.<\/p>\n<p>La entrada <a href=\"https:\/\/elnuevodiario.com.do\/enfermeras-realizan-paro-de-24-horas-en-demanda-de-mejores-condiciones-en-barahona\/\">Enfermeras realizan paro de 24 horas en demanda de mejores condiciones en Barahona<\/a> se public\u00f3 primero en <a href=\"https:\/\/elnuevodiario.com.do\">El Nuevo Diario (Rep\u00fablica Dominicana)<\/a>.<\/p>\n","protected":false},"excerpt":{"rendered":"<p>EL NUEVO DIARIO, BARAHONA.-El Sindicato Nacional de Trabajadores de Enfermeria (Sinatrae) y otras organizaciones que agrupan a profesionales de la enfermar\u00eda realizaron este mi\u00e9rcoles un paro de labores en el principal centro de salud de la regi\u00f3n Enriquillo, en la provincia Barahona. Francisco Serrano, secretario general del Sindicato Nacional de Trabajadores de Enfermer\u00eda (Sinatrae) reafirm\u00f3<\/p>\n","protected":false},"author":1,"featured_media":37919,"comment_status":"open","ping_status":"open","sticky":false,"template":"","format":"standard","meta":{"footnotes":""},"categories":[1],"tags":[],"class_list":["post-37918","post","type-post","status-publish","format-standard","has-post-thumbnail","hentry","category-nacionales"],"_links":{"self":[{"href":"https:\/\/acronoticias.com\/index.php\/wp-json\/wp\/v2\/posts\/37918","targetHints":{"allow":["GET"]}}],"collection":[{"href":"https:\/\/acronoticias.com\/index.php\/wp-json\/wp\/v2\/posts"}],"about":[{"href":"https:\/\/acronoticias.com\/index.php\/wp-json\/wp\/v2\/types\/post"}],"author":[{"embeddable":true,"href":"https:\/\/acronoticias.com\/index.php\/wp-json\/wp\/v2\/users\/1"}],"replies":[{"embeddable":true,"href":"https:\/\/acronoticias.com\/index.php\/wp-json\/wp\/v2\/comments?post=37918"}],"version-history":[{"count":0,"href":"https:\/\/acronoticias.com\/index.php\/wp-json\/wp\/v2\/posts\/37918\/revisions"}],"wp:featuredmedia":[{"embeddable":true,"href":"https:\/\/acronoticias.com\/index.php\/wp-json\/wp\/v2\/media\/37919"}],"wp:attachment":[{"href":"https:\/\/acronoticias.com\/index.php\/wp-json\/wp\/v2\/media?parent=37918"}],"wp:term":[{"taxonomy":"category","embeddable":true,"href":"https:\/\/acronoticias.com\/index.php\/wp-json\/wp\/v2\/categories?post=37918"},{"taxonomy":"post_tag","embeddable":true,"href":"https:\/\/acronoticias.com\/index.php\/wp-json\/wp\/v2\/tags?post=37918"}],"curies":[{"name":"wp","href":"https:\/\/api.w.org\/{rel}","templated":true}]}}