{"id":37916,"date":"2026-04-29T16:38:50","date_gmt":"2026-04-29T16:38:50","guid":{"rendered":"https:\/\/acronoticias.com\/index.php\/2026\/04\/29\/inabima-fortalece-cultura-de-transparencia-en-la-semana-de-la-etica-ciudadana\/"},"modified":"2026-04-29T16:38:50","modified_gmt":"2026-04-29T16:38:50","slug":"inabima-fortalece-cultura-de-transparencia-en-la-semana-de-la-etica-ciudadana","status":"publish","type":"post","link":"https:\/\/acronoticias.com\/index.php\/2026\/04\/29\/inabima-fortalece-cultura-de-transparencia-en-la-semana-de-la-etica-ciudadana\/","title":{"rendered":"Inabima fortalece cultura de transparencia en la Semana de la \u00c9tica Ciudadana"},"content":{"rendered":"<p><img loading=\"lazy\" decoding=\"async\" width=\"355\" height=\"200\" src=\"https:\/\/nuevodiario-assets.s3.us-east-2.amazonaws.com\/wp-content\/uploads\/2026\/04\/Inabima-355x200.jpeg\" class=\"webfeedsFeaturedVisual not-transparent wp-post-image\" alt=\"\" style=\"--dominant-color: #8b8c7f;margin-bottom: 5px;clear:both;max-width: 100%\" data-has-transparency=\"false\" data-dominant-color=\"8b8c7f\" \/><\/p>\n<p>EL NUEVO DIARIO, SANTO DOMINGO. \u2013 El Instituto Nacional de Bienestar Magisterial (INABIMA) conmemor\u00f3 la Semana de la \u00c9tica Ciudadana con un programa de actividades dise\u00f1ado para reafirmar los valores de integridad, transparencia y responsabilidad en el servicio p\u00fablico.<\/p>\n<p>La agenda conmemorativa inici\u00f3 este mi\u00e9rcoles 29 de abril con un izamiento especial de la Bandera Nacional, encabezado por el director ejecutivo general del INABIMA, Franco de los Santos.<\/p>\n<p>El acto sirvi\u00f3 como un espacio de reflexi\u00f3n sobre el compromiso de los servidores p\u00fablicos con la \u00e9tica y el cumplimiento del deber.<\/p>\n<p><img loading=\"lazy\" decoding=\"async\" data-recalc-dims=\"1\" data-dominant-color=\"666c70\" data-has-transparency=\"false\" style=\"--dominant-color: #666c70\" class=\"alignnone wp-image-3101705 size-full not-transparent\" src=\"https:\/\/i0.wp.com\/nuevodiario-assets.s3.us-east-2.amazonaws.com\/wp-content\/uploads\/2026\/04\/Inabima-dos.jpeg?resize=640%2C426&#038;quality=100&#038;ssl=1\" alt=\"\" width=\"640\" height=\"426\" \/><\/p>\n<p>Durante su intervenci\u00f3n, el licenciado Franco de los Santos subray\u00f3 que la \u00e9tica debe ser el eje transversal de cada proceso institucional.<\/p>\n<p>\u00abLa \u00e9tica en el servicio p\u00fablico no es un concepto abstracto ni un simple requisito protocolar; es el cimiento sobre el cual construimos la confianza de nuestros maestros y de toda la sociedad. En el INABIMA, estamos convencidos de que la transparencia no se pregona, se ejerce con acciones concretas. Al instalar este buz\u00f3n de denuncias y capacitar a nuestro personal, reafirmamos que nuestra gesti\u00f3n solo tiene un norte: el cumplimiento \u00edntegro del deber y el respeto absoluto a los recursos del bienestar magisterial\u00bb.<\/p>\n<p><strong>Acciones por la integridad<\/strong><\/p>\n<p>Como parte de los hitos de la jornada y en cumplimiento de la Resoluci\u00f3n 05-2024, el INABIMA dej\u00f3 en funcionamiento un buz\u00f3n f\u00edsico de denuncia ciudadana. Esta herramienta busca fortalecer los canales de participaci\u00f3n y garantizar una gesti\u00f3n abierta a la fiscalizaci\u00f3n social.<\/p>\n<p>Tras los actos protocolares, el director procedi\u00f3 a la firma del Compromiso \u00c9tico de los Altos Funcionarios P\u00fablicos con el Gobierno y la Sociedad, junto al comit\u00e9 de \u00e9tica de la instituci\u00f3n.<\/p>\n<p>En el marco de las actividades que se llevar\u00e1n a cabo durante la semana, se desarrollar\u00e1 un breve programa educativo que incluir\u00e1 lo siguiente:<br \/>\nFormaci\u00f3n t\u00e9cnica: Una charla magistral sobre \u00e9tica p\u00fablica y prevenci\u00f3n de la corrupci\u00f3n administrativa dirigida a los mandos medios y directivos.<\/p>\n<p>Cinef\u00f3rum institucional: La proyecci\u00f3n del cortometraje sobre la vida de Ulises Francisco Espaillat y de la pel\u00edcula El Primero de la Clase, con el fin de fomentar el an\u00e1lisis cr\u00edtico sobre la conducta ejemplar y la vocaci\u00f3n de servicio.<\/p>\n<p><strong>Sobre la Semana de la \u00c9tica<\/strong><\/p>\n<p>Esta conmemoraci\u00f3n es impulsada por la Direcci\u00f3n General de \u00c9tica e Integridad Gubernamental (DIGEIG), bajo el Decreto No. 252-05. La fecha honra el legado de Ulises Francisco Espaillat, figura cumbre de la integridad pol\u00edtica en la Rep\u00fablica Dominicana, cuyo ejemplo gu\u00eda los esfuerzos del Gobierno actual por una administraci\u00f3n p\u00fablica m\u00e1s responsable y orientada al inter\u00e9s general.<\/p>\n<p>La entrada <a href=\"https:\/\/elnuevodiario.com.do\/inabima-fortalece-cultura-de-transparencia-en-la-semana-de-la-etica-ciudadana\/\">Inabima fortalece cultura de transparencia en la Semana de la \u00c9tica Ciudadana<\/a> se public\u00f3 primero en <a href=\"https:\/\/elnuevodiario.com.do\">El Nuevo Diario (Rep\u00fablica Dominicana)<\/a>.<\/p>\n","protected":false},"excerpt":{"rendered":"<p>EL NUEVO DIARIO, SANTO DOMINGO. \u2013 El Instituto Nacional de Bienestar Magisterial (INABIMA) conmemor\u00f3 la Semana de la \u00c9tica Ciudadana con un programa de actividades dise\u00f1ado para reafirmar los valores de integridad, transparencia y responsabilidad en el servicio p\u00fablico. La agenda conmemorativa inici\u00f3 este mi\u00e9rcoles 29 de abril con un izamiento especial de la Bandera<\/p>\n","protected":false},"author":1,"featured_media":37917,"comment_status":"open","ping_status":"open","sticky":false,"template":"","format":"standard","meta":{"footnotes":""},"categories":[1],"tags":[],"class_list":["post-37916","post","type-post","status-publish","format-standard","has-post-thumbnail","hentry","category-nacionales"],"_links":{"self":[{"href":"https:\/\/acronoticias.com\/index.php\/wp-json\/wp\/v2\/posts\/37916","targetHints":{"allow":["GET"]}}],"collection":[{"href":"https:\/\/acronoticias.com\/index.php\/wp-json\/wp\/v2\/posts"}],"about":[{"href":"https:\/\/acronoticias.com\/index.php\/wp-json\/wp\/v2\/types\/post"}],"author":[{"embeddable":true,"href":"https:\/\/acronoticias.com\/index.php\/wp-json\/wp\/v2\/users\/1"}],"replies":[{"embeddable":true,"href":"https:\/\/acronoticias.com\/index.php\/wp-json\/wp\/v2\/comments?post=37916"}],"version-history":[{"count":0,"href":"https:\/\/acronoticias.com\/index.php\/wp-json\/wp\/v2\/posts\/37916\/revisions"}],"wp:featuredmedia":[{"embeddable":true,"href":"https:\/\/acronoticias.com\/index.php\/wp-json\/wp\/v2\/media\/37917"}],"wp:attachment":[{"href":"https:\/\/acronoticias.com\/index.php\/wp-json\/wp\/v2\/media?parent=37916"}],"wp:term":[{"taxonomy":"category","embeddable":true,"href":"https:\/\/acronoticias.com\/index.php\/wp-json\/wp\/v2\/categories?post=37916"},{"taxonomy":"post_tag","embeddable":true,"href":"https:\/\/acronoticias.com\/index.php\/wp-json\/wp\/v2\/tags?post=37916"}],"curies":[{"name":"wp","href":"https:\/\/api.w.org\/{rel}","templated":true}]}}