{"id":37907,"date":"2026-04-29T15:50:35","date_gmt":"2026-04-29T15:50:35","guid":{"rendered":"https:\/\/acronoticias.com\/index.php\/2026\/04\/29\/dia-del-trabajo-sera-laborable-el-1-de-mayo-feriado-se-traslada-al-lunes-4\/"},"modified":"2026-04-29T15:50:35","modified_gmt":"2026-04-29T15:50:35","slug":"dia-del-trabajo-sera-laborable-el-1-de-mayo-feriado-se-traslada-al-lunes-4","status":"publish","type":"post","link":"https:\/\/acronoticias.com\/index.php\/2026\/04\/29\/dia-del-trabajo-sera-laborable-el-1-de-mayo-feriado-se-traslada-al-lunes-4\/","title":{"rendered":"D\u00eda del Trabajo ser\u00e1 laborable el 1 de mayo; feriado se traslada al lunes 4"},"content":{"rendered":"<p><img loading=\"lazy\" decoding=\"async\" width=\"355\" height=\"200\" src=\"https:\/\/nuevodiario-assets.s3.us-east-2.amazonaws.com\/wp-content\/uploads\/2026\/04\/Dia-del-Trabajo-sera-laborable-el-1-de-mayo-feriado-se-traslada-al-lunes-4-355x200.jpg\" class=\"webfeedsFeaturedVisual not-transparent wp-post-image\" alt=\"\" style=\"--dominant-color: #6a7577;margin-bottom: 5px;clear:both;max-width: 100%\" data-has-transparency=\"false\" data-dominant-color=\"6a7577\" \/><\/p>\n<p>EL NUEVO DIARIO, SANTO DOMINGO.- El Ministerio de Trabajo reiter\u00f3 que el viernes 1 de mayo, D\u00eda del Trabajo, ser\u00e1 laborable, y que el feriado correspondiente se traslada para el lunes 4 de mayo.<\/p>\n<p>La instituci\u00f3n indic\u00f3 que tanto el sector p\u00fablico como el privado deber\u00e1n reincorporarse a sus labores el martes 5 de mayo, conforme a lo establecido en la Ley 139-97 sobre la aplicaci\u00f3n de los d\u00edas feriados.<\/p>\n<p>Mediante un comunicado, precis\u00f3 que esta disposici\u00f3n debe ser aplicada en todos los establecimientos del pa\u00eds.<\/p>\n<p>El D\u00eda del Trabajo se conmemora cada 1 de mayo en la Rep\u00fablica Dominicana y en numerosos pa\u00edses, como una fecha dedicada a reconocer las luchas hist\u00f3ricas del movimiento obrero por mejores condiciones laborales, salarios justos y derechos fundamentales.<\/p>\n<p>La legislaci\u00f3n dominicana establece que, cuando los d\u00edas feriados coinciden con fechas espec\u00edficas como el D\u00eda del Trabajo, pueden ser trasladados para fomentar el descanso continuo, sin alterar la conmemoraci\u00f3n de la fecha original.<\/p>\n<p>La entrada <a href=\"https:\/\/elnuevodiario.com.do\/dia-del-trabajo-sera-laborable-el-1-de-mayo-feriado-se-traslada-al-lunes-4\/\">D\u00eda del Trabajo ser\u00e1 laborable el 1 de mayo; feriado se traslada al lunes 4<\/a> se public\u00f3 primero en <a href=\"https:\/\/elnuevodiario.com.do\">El Nuevo Diario (Rep\u00fablica Dominicana)<\/a>.<\/p>\n","protected":false},"excerpt":{"rendered":"<p>EL NUEVO DIARIO, SANTO DOMINGO.- El Ministerio de Trabajo reiter\u00f3 que el viernes 1 de mayo, D\u00eda del Trabajo, ser\u00e1 laborable, y que el feriado correspondiente se traslada para el lunes 4 de mayo. La instituci\u00f3n indic\u00f3 que tanto el sector p\u00fablico como el privado deber\u00e1n reincorporarse a sus labores el martes 5 de mayo,<\/p>\n","protected":false},"author":1,"featured_media":37908,"comment_status":"open","ping_status":"open","sticky":false,"template":"","format":"standard","meta":{"footnotes":""},"categories":[1],"tags":[],"class_list":["post-37907","post","type-post","status-publish","format-standard","has-post-thumbnail","hentry","category-nacionales"],"_links":{"self":[{"href":"https:\/\/acronoticias.com\/index.php\/wp-json\/wp\/v2\/posts\/37907","targetHints":{"allow":["GET"]}}],"collection":[{"href":"https:\/\/acronoticias.com\/index.php\/wp-json\/wp\/v2\/posts"}],"about":[{"href":"https:\/\/acronoticias.com\/index.php\/wp-json\/wp\/v2\/types\/post"}],"author":[{"embeddable":true,"href":"https:\/\/acronoticias.com\/index.php\/wp-json\/wp\/v2\/users\/1"}],"replies":[{"embeddable":true,"href":"https:\/\/acronoticias.com\/index.php\/wp-json\/wp\/v2\/comments?post=37907"}],"version-history":[{"count":0,"href":"https:\/\/acronoticias.com\/index.php\/wp-json\/wp\/v2\/posts\/37907\/revisions"}],"wp:featuredmedia":[{"embeddable":true,"href":"https:\/\/acronoticias.com\/index.php\/wp-json\/wp\/v2\/media\/37908"}],"wp:attachment":[{"href":"https:\/\/acronoticias.com\/index.php\/wp-json\/wp\/v2\/media?parent=37907"}],"wp:term":[{"taxonomy":"category","embeddable":true,"href":"https:\/\/acronoticias.com\/index.php\/wp-json\/wp\/v2\/categories?post=37907"},{"taxonomy":"post_tag","embeddable":true,"href":"https:\/\/acronoticias.com\/index.php\/wp-json\/wp\/v2\/tags?post=37907"}],"curies":[{"name":"wp","href":"https:\/\/api.w.org\/{rel}","templated":true}]}}