{"id":37905,"date":"2026-04-29T15:34:38","date_gmt":"2026-04-29T15:34:38","guid":{"rendered":"https:\/\/acronoticias.com\/index.php\/2026\/04\/29\/pld-destaca-los-aportes-del-gobierno-de-bosch-en-el-aniversario-de-la-constitucion-de-1963\/"},"modified":"2026-04-29T15:34:38","modified_gmt":"2026-04-29T15:34:38","slug":"pld-destaca-los-aportes-del-gobierno-de-bosch-en-el-aniversario-de-la-constitucion-de-1963","status":"publish","type":"post","link":"https:\/\/acronoticias.com\/index.php\/2026\/04\/29\/pld-destaca-los-aportes-del-gobierno-de-bosch-en-el-aniversario-de-la-constitucion-de-1963\/","title":{"rendered":"PLD destaca los aportes del gobierno de Bosch en el aniversario de la Constituci\u00f3n de 1963"},"content":{"rendered":"<p><img loading=\"lazy\" decoding=\"async\" width=\"355\" height=\"200\" src=\"https:\/\/nuevodiario-assets.s3.us-east-2.amazonaws.com\/wp-content\/uploads\/2026\/04\/Proclama-const-1963-1-355x200.jpg\" class=\"webfeedsFeaturedVisual not-transparent wp-post-image\" alt=\"\" style=\"--dominant-color: #717171;margin-bottom: 5px;clear:both;max-width: 100%\" data-has-transparency=\"false\" data-dominant-color=\"717171\" \/><\/p>\n<p>EL NUEVO DIARIO, SANTO DOMINGO.- El Partido de la Liberaci\u00f3n Dominicana (PLD) inform\u00f3 que conmemora este 29 de abril la proclamaci\u00f3n de la Constituci\u00f3n de la Rep\u00fablica de 1963 bajo la gesti\u00f3n del presidente Juan Bosch.<\/p>\n<p>Esta es considerada, a\u00fan hoy, como la ley fundamental m\u00e1s moderna y progresista que ha tenido el pa\u00eds.<\/p>\n<p>Dicha Ley Sustantiva se nutri\u00f3 de la experiencia del profesor Juan Bosch en la elaboraci\u00f3n de la Constituci\u00f3n cubana de 1940 y de las referencias de las cartas magnas de los pa\u00edses que visit\u00f3 durante su exilio y de las constituciones dominicanas precedentes.<\/p>\n<p>Mediante un despacho de prensa, el PLD recuerda esta fecha hist\u00f3rica como un tributo al fundador de la organizaci\u00f3n pol\u00edtica, el profesor Juan Bosch, reconociendo sus luchas y desvelos a favor del pueblo dominicano, los sectores populares, el desarrollo nacional y la institucionalidad.<\/p>\n<p>Pol\u00edticos, historiadores, investigadores, comentaristas y profesionales del derecho coinciden en calificar la Constituci\u00f3n de 1963 como la m\u00e1s democr\u00e1tica en la historia del pa\u00eds. Destacan de su texto la defensa de las libertades p\u00fablicas y la consagraci\u00f3n de la plena vigencia de los derechos humanos.<\/p>\n<p>El cap\u00edtulo de Principios Fundamentales abarca doce art\u00edculos, entre los que sobresalen: \u00abProteger la dignidad humana y promover y garantizar su respeto\u00bb, \u00abPropender a la eliminaci\u00f3n de los obst\u00e1culos de orden econ\u00f3mico y social que limiten la igualdad y la libertad de los dominicanos\u00bb y \u00abEl desarrollo arm\u00f3nico de la sociedad dentro de los principios normativos de la \u00e9tica social\u00bb.<\/p>\n<p>Asimismo, este texto declar\u00f3 el trabajo como base primordial de la organizaci\u00f3n social, pol\u00edtica y econ\u00f3mica de la naci\u00f3n.<\/p>\n<p>En abril de 1965, el pueblo en armas reclam\u00f3 en las calles la vuelta a la constitucionalidad, perdida tras el golpe de Estado contra el profesor Juan Bosch en septiembre de 1963.<\/p>\n<p>La entrada <a href=\"https:\/\/elnuevodiario.com.do\/pld-destaca-los-aportes-del-gobierno-de-bosch-en-el-aniversario-de-la-constitucion-de-1963\/\">PLD destaca los aportes del gobierno de Bosch en el aniversario de la Constituci\u00f3n de 1963<\/a> se public\u00f3 primero en <a href=\"https:\/\/elnuevodiario.com.do\">El Nuevo Diario (Rep\u00fablica Dominicana)<\/a>.<\/p>\n","protected":false},"excerpt":{"rendered":"<p>EL NUEVO DIARIO, SANTO DOMINGO.- El Partido de la Liberaci\u00f3n Dominicana (PLD) inform\u00f3 que conmemora este 29 de abril la proclamaci\u00f3n de la Constituci\u00f3n de la Rep\u00fablica de 1963 bajo la gesti\u00f3n del presidente Juan Bosch. Esta es considerada, a\u00fan hoy, como la ley fundamental m\u00e1s moderna y progresista que ha tenido el pa\u00eds. Dicha<\/p>\n","protected":false},"author":1,"featured_media":37906,"comment_status":"open","ping_status":"open","sticky":false,"template":"","format":"standard","meta":{"footnotes":""},"categories":[1],"tags":[],"class_list":["post-37905","post","type-post","status-publish","format-standard","has-post-thumbnail","hentry","category-nacionales"],"_links":{"self":[{"href":"https:\/\/acronoticias.com\/index.php\/wp-json\/wp\/v2\/posts\/37905","targetHints":{"allow":["GET"]}}],"collection":[{"href":"https:\/\/acronoticias.com\/index.php\/wp-json\/wp\/v2\/posts"}],"about":[{"href":"https:\/\/acronoticias.com\/index.php\/wp-json\/wp\/v2\/types\/post"}],"author":[{"embeddable":true,"href":"https:\/\/acronoticias.com\/index.php\/wp-json\/wp\/v2\/users\/1"}],"replies":[{"embeddable":true,"href":"https:\/\/acronoticias.com\/index.php\/wp-json\/wp\/v2\/comments?post=37905"}],"version-history":[{"count":0,"href":"https:\/\/acronoticias.com\/index.php\/wp-json\/wp\/v2\/posts\/37905\/revisions"}],"wp:featuredmedia":[{"embeddable":true,"href":"https:\/\/acronoticias.com\/index.php\/wp-json\/wp\/v2\/media\/37906"}],"wp:attachment":[{"href":"https:\/\/acronoticias.com\/index.php\/wp-json\/wp\/v2\/media?parent=37905"}],"wp:term":[{"taxonomy":"category","embeddable":true,"href":"https:\/\/acronoticias.com\/index.php\/wp-json\/wp\/v2\/categories?post=37905"},{"taxonomy":"post_tag","embeddable":true,"href":"https:\/\/acronoticias.com\/index.php\/wp-json\/wp\/v2\/tags?post=37905"}],"curies":[{"name":"wp","href":"https:\/\/api.w.org\/{rel}","templated":true}]}}