{"id":37903,"date":"2026-04-29T15:18:34","date_gmt":"2026-04-29T15:18:34","guid":{"rendered":"https:\/\/acronoticias.com\/index.php\/2026\/04\/29\/la-cnus-marcha-en-santiago-en-defensa-de-la-cesantia-laboral\/"},"modified":"2026-04-29T15:18:34","modified_gmt":"2026-04-29T15:18:34","slug":"la-cnus-marcha-en-santiago-en-defensa-de-la-cesantia-laboral","status":"publish","type":"post","link":"https:\/\/acronoticias.com\/index.php\/2026\/04\/29\/la-cnus-marcha-en-santiago-en-defensa-de-la-cesantia-laboral\/","title":{"rendered":"La CNUS marcha en Santiago en defensa de la cesant\u00eda laboral"},"content":{"rendered":"<p><img loading=\"lazy\" decoding=\"async\" width=\"355\" height=\"200\" src=\"https:\/\/nuevodiario-assets.s3.us-east-2.amazonaws.com\/wp-content\/uploads\/2026\/04\/WhatsApp-Image-2026-04-29-at-10.06.25-AM-355x200.jpeg\" class=\"webfeedsFeaturedVisual not-transparent wp-post-image\" alt=\"\" style=\"--dominant-color: #646872;margin-bottom: 5px;clear:both;max-width: 100%\" data-has-transparency=\"false\" data-dominant-color=\"646872\" \/><\/p>\n<p><strong>EL NUEVO DIARIO, SANTIAGO. \u2013<\/strong>La Confederaci\u00f3n Nacional de Unidad Sindical (CNUS), encabezada por Rafael Francisco Abreu Polanco, realiz\u00f3 este mi\u00e9rcoles una marcha en la zona monumental de Santiago de los Caballeros en defensa de la cesant\u00eda laboral, en medio del debate sobre la reforma al C\u00f3digo de Trabajo que cursa en el Congreso Nacional.<\/p>\n<p>Durante la manifestaci\u00f3n, los representantes sindicales expresaron su preocupaci\u00f3n por lo que consideran intentos de sectores empresariales, en conjunto con algunos legisladores, de modificar puntos clave del proyecto de reforma laboral que lleva m\u00e1s de un a\u00f1o y medio en discusi\u00f3n.<\/p>\n<p>Seg\u00fan la CNUS, la propuesta fue resultado de un proceso de consenso entre el sector sindical, empresarial y el Gobierno, tras aproximadamente dos a\u00f1os de di\u00e1logo continuo. No obstante, denunciaron que algunos congresistas estar\u00edan promoviendo cambios que, a su juicio, tergiversan lo acordado originalmente.<\/p>\n<p>Uno de los principales puntos de conflicto es la cesant\u00eda laboral, derecho que garantiza el pago de prestaciones a los trabajadores al finalizar su contrato. En particular, se\u00f1alaron la intenci\u00f3n de eliminar el art\u00edculo 86, el cual establece sanciones para los empleadores que no cumplan a tiempo con dichas obligaciones.<\/p>\n<p>Los dirigentes sindicales afirmaron que el sector empresarial mantiene paralizada la aprobaci\u00f3n de la reforma en el Congreso, con el apoyo de algunos diputados y senadores. En ese sentido, reiteraron su rechazo a cualquier modificaci\u00f3n que afecte la cesant\u00eda laboral, asegurando que no permitir\u00e1n cambios que vulneren los derechos adquiridos de los trabajadores.<\/p>\n<p>Asimismo, hicieron un llamado tanto a empresarios como a legisladores a respetar los acuerdos alcanzados durante las negociaciones y a no introducir alteraciones en el proyecto.<\/p>\n<p>Como parte de su agenda de movilizaci\u00f3n, la CNUS anunci\u00f3 que el pr\u00f3ximo D\u00eda Internacional de los Trabajadores realizar\u00e1 una concentraci\u00f3n en Santo Domingo, espec\u00edficamente en el local Juan Erazo 14, donde reafirmar\u00e1n su compromiso de mantener su postura.<\/p>\n<p>Adem\u00e1s, convocaron a una nueva manifestaci\u00f3n el 13 de mayo frente al Congreso Nacional, con el objetivo de exigir a los legisladores que aprueben la reforma sin modificar lo relativo a la cesant\u00eda laboral.<\/p>\n<div id=\"v-E23Avpoe-1\" class=\"video-player\"><video id=\"v-E23Avpoe-1-video\" width=\"640\" height=\"360\" poster=\"\" controls=\"true\" preload=\"metadata\" dir=\"ltr\"><\/p>\n<div><img loading=\"lazy\" decoding=\"async\" alt=\"\" src=\"\" width=\"640\" height=\"360\" \/><\/div>\n<p><\/video><\/div>\n<p>La entrada <a href=\"https:\/\/elnuevodiario.com.do\/la-cnus-marcha-en-santiago-en-defensa-de-la-cesantia-laboral\/\">La CNUS marcha en Santiago en defensa de la cesant\u00eda laboral<\/a> se public\u00f3 primero en <a href=\"https:\/\/elnuevodiario.com.do\">El Nuevo Diario (Rep\u00fablica Dominicana)<\/a>.<\/p>\n","protected":false},"excerpt":{"rendered":"<p>EL NUEVO DIARIO, SANTIAGO. \u2013La Confederaci\u00f3n Nacional de Unidad Sindical (CNUS), encabezada por Rafael Francisco Abreu Polanco, realiz\u00f3 este mi\u00e9rcoles una marcha en la zona monumental de Santiago de los Caballeros en defensa de la cesant\u00eda laboral, en medio del debate sobre la reforma al C\u00f3digo de Trabajo que cursa en el Congreso Nacional. Durante<\/p>\n","protected":false},"author":1,"featured_media":37904,"comment_status":"open","ping_status":"open","sticky":false,"template":"","format":"standard","meta":{"footnotes":""},"categories":[1],"tags":[],"class_list":["post-37903","post","type-post","status-publish","format-standard","has-post-thumbnail","hentry","category-nacionales"],"_links":{"self":[{"href":"https:\/\/acronoticias.com\/index.php\/wp-json\/wp\/v2\/posts\/37903","targetHints":{"allow":["GET"]}}],"collection":[{"href":"https:\/\/acronoticias.com\/index.php\/wp-json\/wp\/v2\/posts"}],"about":[{"href":"https:\/\/acronoticias.com\/index.php\/wp-json\/wp\/v2\/types\/post"}],"author":[{"embeddable":true,"href":"https:\/\/acronoticias.com\/index.php\/wp-json\/wp\/v2\/users\/1"}],"replies":[{"embeddable":true,"href":"https:\/\/acronoticias.com\/index.php\/wp-json\/wp\/v2\/comments?post=37903"}],"version-history":[{"count":0,"href":"https:\/\/acronoticias.com\/index.php\/wp-json\/wp\/v2\/posts\/37903\/revisions"}],"wp:featuredmedia":[{"embeddable":true,"href":"https:\/\/acronoticias.com\/index.php\/wp-json\/wp\/v2\/media\/37904"}],"wp:attachment":[{"href":"https:\/\/acronoticias.com\/index.php\/wp-json\/wp\/v2\/media?parent=37903"}],"wp:term":[{"taxonomy":"category","embeddable":true,"href":"https:\/\/acronoticias.com\/index.php\/wp-json\/wp\/v2\/categories?post=37903"},{"taxonomy":"post_tag","embeddable":true,"href":"https:\/\/acronoticias.com\/index.php\/wp-json\/wp\/v2\/tags?post=37903"}],"curies":[{"name":"wp","href":"https:\/\/api.w.org\/{rel}","templated":true}]}}