{"id":37899,"date":"2026-04-29T15:03:01","date_gmt":"2026-04-29T15:03:01","guid":{"rendered":"https:\/\/acronoticias.com\/index.php\/2026\/04\/29\/accidente-de-avioneta-en-dajabon-deja-al-menos-dos-personas-heridas\/"},"modified":"2026-04-29T15:03:01","modified_gmt":"2026-04-29T15:03:01","slug":"accidente-de-avioneta-en-dajabon-deja-al-menos-dos-personas-heridas","status":"publish","type":"post","link":"https:\/\/acronoticias.com\/index.php\/2026\/04\/29\/accidente-de-avioneta-en-dajabon-deja-al-menos-dos-personas-heridas\/","title":{"rendered":"Accidente de avioneta en Dajab\u00f3n deja al menos dos personas heridas"},"content":{"rendered":"<p><img decoding=\"async\" width=\"355\" height=\"200\" src=\"https:\/\/nuevodiario-assets.s3.us-east-2.amazonaws.com\/wp-content\/uploads\/2026\/04\/WhatsApp-Image-2026-04-29-at-10.35.27-355x200.jpeg\" class=\"webfeedsFeaturedVisual not-transparent wp-post-image\" alt=\"\" style=\"--dominant-color: #8f8c72;margin-bottom: 5px;clear:both;max-width: 100%\" loading=\"lazy\" data-has-transparency=\"false\" data-dominant-color=\"8f8c72\" \/><\/p>\n<p>EL NUEVO DIARIO, DAJAB\u00d3N. &#8211; Una avioneta se precipit\u00f3 la ma\u00f1ana de este mi\u00e9rcoles en la pista de aterrizaje del destacamento de la Fuerza A\u00e9rea de la Rep\u00fablica Dominicana (FARD) en Dajab\u00f3n.<\/p>\n<p>El informe preliminar indica que, dos tripulantes resultaron heridos cuyas identidades hasta el momento no han sido reveladas.<\/p>\n<p><a href=\"https:\/\/videos.files.wordpress.com\/EBYAU7DE\/whatsapp-video-2026-04-29-at-10.14.55.mp4\">whatsapp-video-2026-04-29-at-10-14-55-mp4<\/a><\/p>\n<p>Seg\u00fan inform\u00f3 el encargado de la Cruz Roja en la referida localidad, Jorge Cruz, los afectados presentan lesiones leves, incluyendo quemaduras.<\/p>\n<p>Las autoridades indicaron que se encuentran a la espera de emitir m\u00e1s detalles sobre el accidente.<\/p>\n<p>La entrada <a href=\"https:\/\/elnuevodiario.com.do\/accidente-de-avioneta-en-dajabon-deja-al-menos-dos-personas-heridas\/\">Accidente de avioneta en Dajab\u00f3n deja al menos dos personas heridas<\/a> se public\u00f3 primero en <a href=\"https:\/\/elnuevodiario.com.do\">El Nuevo Diario (Rep\u00fablica Dominicana)<\/a>.<\/p>\n","protected":false},"excerpt":{"rendered":"<p>EL NUEVO DIARIO, DAJAB\u00d3N. &#8211; Una avioneta se precipit\u00f3 la ma\u00f1ana de este mi\u00e9rcoles en la pista de aterrizaje del destacamento de la Fuerza A\u00e9rea de la Rep\u00fablica Dominicana (FARD) en Dajab\u00f3n. El informe preliminar indica que, dos tripulantes resultaron heridos cuyas identidades hasta el momento no han sido reveladas. whatsapp-video-2026-04-29-at-10-14-55-mp4 Seg\u00fan inform\u00f3 el encargado<\/p>\n","protected":false},"author":1,"featured_media":37900,"comment_status":"open","ping_status":"open","sticky":false,"template":"","format":"standard","meta":{"footnotes":""},"categories":[1],"tags":[],"class_list":["post-37899","post","type-post","status-publish","format-standard","has-post-thumbnail","hentry","category-nacionales"],"_links":{"self":[{"href":"https:\/\/acronoticias.com\/index.php\/wp-json\/wp\/v2\/posts\/37899","targetHints":{"allow":["GET"]}}],"collection":[{"href":"https:\/\/acronoticias.com\/index.php\/wp-json\/wp\/v2\/posts"}],"about":[{"href":"https:\/\/acronoticias.com\/index.php\/wp-json\/wp\/v2\/types\/post"}],"author":[{"embeddable":true,"href":"https:\/\/acronoticias.com\/index.php\/wp-json\/wp\/v2\/users\/1"}],"replies":[{"embeddable":true,"href":"https:\/\/acronoticias.com\/index.php\/wp-json\/wp\/v2\/comments?post=37899"}],"version-history":[{"count":0,"href":"https:\/\/acronoticias.com\/index.php\/wp-json\/wp\/v2\/posts\/37899\/revisions"}],"wp:featuredmedia":[{"embeddable":true,"href":"https:\/\/acronoticias.com\/index.php\/wp-json\/wp\/v2\/media\/37900"}],"wp:attachment":[{"href":"https:\/\/acronoticias.com\/index.php\/wp-json\/wp\/v2\/media?parent=37899"}],"wp:term":[{"taxonomy":"category","embeddable":true,"href":"https:\/\/acronoticias.com\/index.php\/wp-json\/wp\/v2\/categories?post=37899"},{"taxonomy":"post_tag","embeddable":true,"href":"https:\/\/acronoticias.com\/index.php\/wp-json\/wp\/v2\/tags?post=37899"}],"curies":[{"name":"wp","href":"https:\/\/api.w.org\/{rel}","templated":true}]}}