{"id":37897,"date":"2026-04-29T14:53:43","date_gmt":"2026-04-29T14:53:43","guid":{"rendered":"https:\/\/acronoticias.com\/index.php\/2026\/04\/29\/von-der-leyen-las-consecuencias-del-conflicto-podrian-prolongarse-meses-o-incluso-anos\/"},"modified":"2026-04-29T14:53:43","modified_gmt":"2026-04-29T14:53:43","slug":"von-der-leyen-las-consecuencias-del-conflicto-podrian-prolongarse-meses-o-incluso-anos","status":"publish","type":"post","link":"https:\/\/acronoticias.com\/index.php\/2026\/04\/29\/von-der-leyen-las-consecuencias-del-conflicto-podrian-prolongarse-meses-o-incluso-anos\/","title":{"rendered":"Von der Leyen: \u00abLas consecuencias del conflicto podr\u00edan prolongarse meses o incluso a\u00f1os\u00bb"},"content":{"rendered":"<p><img loading=\"lazy\" decoding=\"async\" width=\"355\" height=\"200\" src=\"https:\/\/nuevodiario-assets.s3.us-east-2.amazonaws.com\/wp-content\/uploads\/2026\/04\/Von-der-Leyen-dice-que-las-consecuencias-del-conflicto-podrian-prolongarse-meses-o-incluso-anos-355x200.webp\" class=\"webfeedsFeaturedVisual not-transparent wp-post-image\" alt=\"\" style=\"--dominant-color: #6e647c;margin-bottom: 5px;clear:both;max-width: 100%\" data-has-transparency=\"false\" data-dominant-color=\"6e647c\" \/><\/p>\n<p>ESTRASBURGO.- La presidenta de la Comisi\u00f3n Europea, Ursula von der Leyen, dijo este mi\u00e9rcoles que las consecuencias de la guerra en Oriente Medio a ra\u00edz del conflicto abierto por Estados Unidos e Israel contra Ir\u00e1n \u00abpodr\u00edan prolongarse meses o incluso a\u00f1os\u00bb e inst\u00f3 a los pa\u00edses europeos a seguir reduciendo su dependencia de energ\u00eda importada.<\/p>\n<p>\u00abHay una dura realidad que debemos afrontar: las consecuencias de este conflicto podr\u00edan prolongarse meses o incluso a\u00f1os. Esta es la segunda gran crisis energ\u00e9tica en apenas cuatro a\u00f1os. La lecci\u00f3n debe ser clara para todos: en un mundo turbulento como el nuestro, no podemos ser demasiado dependientes de la energ\u00eda importada\u00bb, dijo Von der Leyen ante el Parlamento Europeo.<\/p>\n<p>La presidenta alemana se\u00f1al\u00f3 que en apenas dos meses de conflicto, la factura europea de importaciones de combustibles f\u00f3siles ha aumentado en m\u00e1s de 27,000 millones de euros sin que haya subido a la vez la cantidad de energ\u00eda importada, una p\u00e9rdida diaria de casi 500 millones de euros.<\/p>\n<p>\u00abEl camino a seguir es obvio: debemos reducir nuestra sobredependencia en combustibles f\u00f3siles importados e impulsar nuestro suministro de energ\u00eda producido localmente, asequible y limpia. De renovables a nuclear, siempre respetando la neutralidad tecnol\u00f3gica\u00bb, pidi\u00f3.<\/p>\n<p>Von der Leyen ejemplific\u00f3 que los pa\u00edses europeos con m\u00e1s fuentes de energ\u00eda bajas en emisiones de carbono en su \u00abmix\u00bb han visto los menores incrementos en la factura el\u00e9ctrica porque est\u00e1n m\u00e1s protegidos ante los shocks externos, lo cual tild\u00f3 de \u00abel camino hacia una Europa independiente\u00bb.<\/p>\n<p>La presidenta de la Comisi\u00f3n recalc\u00f3 que no hay una soluci\u00f3n a la crisis que sirva para las muy variadas realidades energ\u00e9ticas de los pa\u00edses europeos y se remiti\u00f3 a la \u00abcaja de herramientas\u00bb que Bruselas present\u00f3 la semana pasada para que cada gobierno combine las medidas como mejor le convenga, desde coordinaci\u00f3n en las reservas de combustible hasta la protecci\u00f3n de los consumidores y empresas.<\/p>\n<p>Ante la Euroc\u00e1mara, Von der Leyen se\u00f1al\u00f3 que, cuando se cumplen dos meses del inicio de la guerra, el conflicto \u00abest\u00e1 por fin asistiendo a una tregua despu\u00e9s de semanas de violencia\u00bb, al tiempo que confi\u00f3 en que los altos el fuego en Ir\u00e1n y L\u00edbano se mantengan \u00abpara reestablecer la paz y la estabilidad por medios diplom\u00e1ticos\u00bb.<\/p>\n<p>\u00abEl objetivo compartido es un final duradero para la guerra. Esto incluye restaurar la libertad de navegaci\u00f3n plena y permanente en el estrecho de Ormuz sin peajes. Tambi\u00e9n est\u00e1 claro que cualquier acuerdo de paz tendr\u00e1 que abordar el programa nuclear y de misiles bal\u00edsticos de Ir\u00e1n\u00bb, a\u00f1adi\u00f3.<\/p>\n<p>La entrada <a href=\"https:\/\/elnuevodiario.com.do\/von-der-leyen-las-consecuencias-del-conflicto-podrian-prolongarse-meses-o-incluso-anos\/\">Von der Leyen: \u00abLas consecuencias del conflicto podr\u00edan prolongarse meses o incluso a\u00f1os\u00bb<\/a> se public\u00f3 primero en <a href=\"https:\/\/elnuevodiario.com.do\">El Nuevo Diario (Rep\u00fablica Dominicana)<\/a>.<\/p>\n","protected":false},"excerpt":{"rendered":"<p>ESTRASBURGO.- La presidenta de la Comisi\u00f3n Europea, Ursula von der Leyen, dijo este mi\u00e9rcoles que las consecuencias de la guerra en Oriente Medio a ra\u00edz del conflicto abierto por Estados Unidos e Israel contra Ir\u00e1n \u00abpodr\u00edan prolongarse meses o incluso a\u00f1os\u00bb e inst\u00f3 a los pa\u00edses europeos a seguir reduciendo su dependencia de energ\u00eda importada.<\/p>\n","protected":false},"author":1,"featured_media":37898,"comment_status":"open","ping_status":"open","sticky":false,"template":"","format":"standard","meta":{"footnotes":""},"categories":[3],"tags":[],"class_list":["post-37897","post","type-post","status-publish","format-standard","has-post-thumbnail","hentry","category-internacionales"],"_links":{"self":[{"href":"https:\/\/acronoticias.com\/index.php\/wp-json\/wp\/v2\/posts\/37897","targetHints":{"allow":["GET"]}}],"collection":[{"href":"https:\/\/acronoticias.com\/index.php\/wp-json\/wp\/v2\/posts"}],"about":[{"href":"https:\/\/acronoticias.com\/index.php\/wp-json\/wp\/v2\/types\/post"}],"author":[{"embeddable":true,"href":"https:\/\/acronoticias.com\/index.php\/wp-json\/wp\/v2\/users\/1"}],"replies":[{"embeddable":true,"href":"https:\/\/acronoticias.com\/index.php\/wp-json\/wp\/v2\/comments?post=37897"}],"version-history":[{"count":0,"href":"https:\/\/acronoticias.com\/index.php\/wp-json\/wp\/v2\/posts\/37897\/revisions"}],"wp:featuredmedia":[{"embeddable":true,"href":"https:\/\/acronoticias.com\/index.php\/wp-json\/wp\/v2\/media\/37898"}],"wp:attachment":[{"href":"https:\/\/acronoticias.com\/index.php\/wp-json\/wp\/v2\/media?parent=37897"}],"wp:term":[{"taxonomy":"category","embeddable":true,"href":"https:\/\/acronoticias.com\/index.php\/wp-json\/wp\/v2\/categories?post=37897"},{"taxonomy":"post_tag","embeddable":true,"href":"https:\/\/acronoticias.com\/index.php\/wp-json\/wp\/v2\/tags?post=37897"}],"curies":[{"name":"wp","href":"https:\/\/api.w.org\/{rel}","templated":true}]}}