{"id":37893,"date":"2026-04-29T14:30:51","date_gmt":"2026-04-29T14:30:51","guid":{"rendered":"https:\/\/acronoticias.com\/index.php\/2026\/04\/29\/critican-desigualdad-salarial-y-presion-economica-sobre-empleados-publicos\/"},"modified":"2026-04-29T14:30:51","modified_gmt":"2026-04-29T14:30:51","slug":"critican-desigualdad-salarial-y-presion-economica-sobre-empleados-publicos","status":"publish","type":"post","link":"https:\/\/acronoticias.com\/index.php\/2026\/04\/29\/critican-desigualdad-salarial-y-presion-economica-sobre-empleados-publicos\/","title":{"rendered":"Critican desigualdad salarial y presi\u00f3n econ\u00f3mica sobre empleados p\u00fablicos"},"content":{"rendered":"<p><img loading=\"lazy\" decoding=\"async\" width=\"355\" height=\"200\" src=\"https:\/\/nuevodiario-assets.s3.us-east-2.amazonaws.com\/wp-content\/uploads\/2026\/04\/Jose-Medina-355x200.jpeg\" class=\"webfeedsFeaturedVisual not-transparent wp-post-image\" alt=\"Jos\u00e9 Medina, comunicador. (Foto: El Nuevo Diario)\" style=\"--dominant-color: #c19185;margin-bottom: 5px;clear:both;max-width: 100%\" data-has-transparency=\"false\" data-dominant-color=\"c19185\" \/><\/p>\n<p>EL NUEVO DIARIO, SANTO DOMINGO.- El comunicador Jos\u00e9 Medina critic\u00f3 la marcada desigualdad salarial entre altos funcionarios del Estado y miles de empleados p\u00fablicos que sobreviven con ingresos que no cubren sus necesidades b\u00e1sicas.<\/p>\n<p>Se\u00f1al\u00f3 que mientras H\u00e9ctor Valdez Albizu, gobernador del Banco Central, recibe, seg\u00fan afirm\u00f3, m\u00e1s de dos millones de pesos mensuales, adem\u00e1s de beneficios como seguro internacional, combustible y personal asignado, muchos trabajadores del sector p\u00fablico apenas subsisten con ingresos m\u00ednimos.<\/p>\n<p>\u201cHay empleados p\u00fablicos que ganan hasta 2,500 pesos mensuales en ayuntamientos del interior recogiendo basura, una cifra que no alcanza ni para lo m\u00e1s b\u00e1sico\u201d, expres\u00f3.<\/p>\n<p>Medina tambi\u00e9n sostuvo que en el \u00e1rea administrativa del Ministerio de Educaci\u00f3n existen licenciados en contabilidad y profesionales con especialidades que devengan apenas 20 mil pesos mensuales, mientras una parte importante de ese personal recibe entre 10 mil y 12 mil pesos.<\/p>\n<p>Medina se expres\u00f3 en esos t\u00e9rminos junto a Eduardo De Jes\u00fas y Alberty Estrella, en el programa \u00abEl Pa\u00eds al D\u00eda\u00bb,\u00a0 transmitido en la plataforma digital El Nuevo Diario TV.<\/p>\n<p>(Ver programa)<\/p>\n<p><a href=\"https:\/\/elnuevodiario.com.do\/tv\/el-pais-al-dia-situacion-actual-de-rd-y-el-mundo\/\">El Pa\u00eds al D\u00eda \u2013 Situaci\u00f3n actual de RD y el mundo \u2013 El Nuevo Diario (Rep\u00fablica Dominicana)<\/a><\/p>\n<p>Indic\u00f3 que esta realidad contrasta con el alto costo de la canasta familiar, que ronda los 70 mil pesos mensuales, lo que reduce de manera considerable la capacidad adquisitiva de la mayor\u00eda de los dominicanos.<\/p>\n<p>\u201cLa capacidad adquisitiva del dominicano es cada vez menor y eso obliga a la gente a buscar c\u00f3mo sobrevivir d\u00eda tras d\u00eda\u201d, afirm\u00f3.<\/p>\n<p>El comunicador cuestion\u00f3 adem\u00e1s la existencia de m\u00faltiples salarios m\u00ednimos en el pa\u00eds, asegurando que esta pr\u00e1ctica profundiza la desigualdad social, pese a que todos los ciudadanos enfrentan los mismos costos de transporte, alimentaci\u00f3n y servicios.<\/p>\n<p>Asimismo, advirti\u00f3 que la crisis econ\u00f3mica tambi\u00e9n golpea al sector financiero, donde cada vez m\u00e1s personas acuden a los bancos para renegociar deudas, extender pr\u00e9stamos o cubrir una tarjeta de cr\u00e9dito con otra.<\/p>\n<p>Medina asegur\u00f3 que peque\u00f1os empresarios, comerciantes y emprendedores enfrentan serias dificultades para sostener sus negocios, mientras las obligaciones bancarias y fiscales contin\u00faan aumentando.<\/p>\n<p>En ese contexto , llam\u00f3 al Gobierno a flexibilizar pol\u00edticas financieras, revisar el sistema de cobros de la Direcci\u00f3n General de Impuestos Internos (DGI) y establecer medidas de auxilio que permitan evitar un escenario generalizado de impago que podr\u00eda afectar gravemente la econom\u00eda nacional.<\/p>\n<p>La entrada <a href=\"https:\/\/elnuevodiario.com.do\/critican-desigualdad-salarial-y-presion-economica-sobre-empleados-publicos\/\">Critican desigualdad salarial y presi\u00f3n econ\u00f3mica sobre empleados p\u00fablicos<\/a> se public\u00f3 primero en <a href=\"https:\/\/elnuevodiario.com.do\">El Nuevo Diario (Rep\u00fablica Dominicana)<\/a>.<\/p>\n","protected":false},"excerpt":{"rendered":"<p>EL NUEVO DIARIO, SANTO DOMINGO.- El comunicador Jos\u00e9 Medina critic\u00f3 la marcada desigualdad salarial entre altos funcionarios del Estado y miles de empleados p\u00fablicos que sobreviven con ingresos que no cubren sus necesidades b\u00e1sicas. Se\u00f1al\u00f3 que mientras H\u00e9ctor Valdez Albizu, gobernador del Banco Central, recibe, seg\u00fan afirm\u00f3, m\u00e1s de dos millones de pesos mensuales, adem\u00e1s<\/p>\n","protected":false},"author":1,"featured_media":37894,"comment_status":"open","ping_status":"open","sticky":false,"template":"","format":"standard","meta":{"footnotes":""},"categories":[1],"tags":[],"class_list":["post-37893","post","type-post","status-publish","format-standard","has-post-thumbnail","hentry","category-nacionales"],"_links":{"self":[{"href":"https:\/\/acronoticias.com\/index.php\/wp-json\/wp\/v2\/posts\/37893","targetHints":{"allow":["GET"]}}],"collection":[{"href":"https:\/\/acronoticias.com\/index.php\/wp-json\/wp\/v2\/posts"}],"about":[{"href":"https:\/\/acronoticias.com\/index.php\/wp-json\/wp\/v2\/types\/post"}],"author":[{"embeddable":true,"href":"https:\/\/acronoticias.com\/index.php\/wp-json\/wp\/v2\/users\/1"}],"replies":[{"embeddable":true,"href":"https:\/\/acronoticias.com\/index.php\/wp-json\/wp\/v2\/comments?post=37893"}],"version-history":[{"count":0,"href":"https:\/\/acronoticias.com\/index.php\/wp-json\/wp\/v2\/posts\/37893\/revisions"}],"wp:featuredmedia":[{"embeddable":true,"href":"https:\/\/acronoticias.com\/index.php\/wp-json\/wp\/v2\/media\/37894"}],"wp:attachment":[{"href":"https:\/\/acronoticias.com\/index.php\/wp-json\/wp\/v2\/media?parent=37893"}],"wp:term":[{"taxonomy":"category","embeddable":true,"href":"https:\/\/acronoticias.com\/index.php\/wp-json\/wp\/v2\/categories?post=37893"},{"taxonomy":"post_tag","embeddable":true,"href":"https:\/\/acronoticias.com\/index.php\/wp-json\/wp\/v2\/tags?post=37893"}],"curies":[{"name":"wp","href":"https:\/\/api.w.org\/{rel}","templated":true}]}}