{"id":37891,"date":"2026-04-29T14:14:50","date_gmt":"2026-04-29T14:14:50","guid":{"rendered":"https:\/\/acronoticias.com\/index.php\/2026\/04\/29\/alcaldia-del-dn-entrega-parque-remozado-en-urbanizacion-solimar\/"},"modified":"2026-04-29T14:14:50","modified_gmt":"2026-04-29T14:14:50","slug":"alcaldia-del-dn-entrega-parque-remozado-en-urbanizacion-solimar","status":"publish","type":"post","link":"https:\/\/acronoticias.com\/index.php\/2026\/04\/29\/alcaldia-del-dn-entrega-parque-remozado-en-urbanizacion-solimar\/","title":{"rendered":"Alcald\u00eda del DN entrega parque remozado en Urbanizaci\u00f3n Solimar"},"content":{"rendered":"<p><img decoding=\"async\" width=\"355\" height=\"200\" src=\"https:\/\/nuevodiario-assets.s3.us-east-2.amazonaws.com\/wp-content\/uploads\/2026\/04\/Alcaldia-del-DN-entrega-parque-remozado-en-Urbanizacion-Solimar-4-355x200.jpeg\" class=\"webfeedsFeaturedVisual not-transparent wp-post-image\" alt=\"\" style=\"--dominant-color: #899598;margin-bottom: 5px;clear:both;max-width: 100%\" loading=\"lazy\" data-has-transparency=\"false\" data-dominant-color=\"899598\" \/><\/p>\n<section class=\"text-token-text-primary w-full focus:outline-none [--shadow-height:45px] has-data-writing-block:pointer-events-none has-data-writing-block:-mt-(--shadow-height) has-data-writing-block:pt-(--shadow-height) [&amp;:has([data-writing-block])&gt;*]:pointer-events-auto [content-visibility:auto] supports-[content-visibility:auto]:[contain-intrinsic-size:auto_100lvh] R6Vx5W_threadScrollVars scroll-mb-[calc(var(--scroll-root-safe-area-inset-bottom,0px)+var(--thread-response-height))] scroll-mt-[calc(var(--header-height)+min(200px,max(70px,20svh)))]\" dir=\"auto\" data-turn-id=\"request-WEB:e1a22135-8893-47d7-a0f1-464058f1d7bd-7\" data-testid=\"conversation-turn-16\" data-scroll-anchor=\"false\" data-turn=\"assistant\">\n<div class=\"text-base my-auto mx-auto pb-10 [--thread-content-margin:var(--thread-content-margin-xs,calc(var(--spacing)*4))] @w-sm\/main:[--thread-content-margin:var(--thread-content-margin-sm,calc(var(--spacing)*6))] @w-lg\/main:[--thread-content-margin:var(--thread-content-margin-lg,calc(var(--spacing)*16))] px-(--thread-content-margin)\">\n<div class=\"[--thread-content-max-width:40rem] @w-lg\/main:[--thread-content-max-width:48rem] mx-auto max-w-(--thread-content-max-width) flex-1 group\/turn-messages focus-visible:outline-hidden relative flex w-full min-w-0 flex-col agent-turn\">\n<div class=\"flex max-w-full flex-col gap-4 grow\">\n<div class=\"min-h-8 text-message relative flex w-full flex-col items-end gap-2 text-start break-words whitespace-normal outline-none keyboard-focused:focus-ring [.text-message+&amp;]:mt-1\" dir=\"auto\" data-message-author-role=\"assistant\" data-message-id=\"6d12bcf1-94a6-47b6-a9bc-8cf86759c58c\" data-message-model-slug=\"gpt-5-3\" data-turn-start-message=\"true\">\n<div class=\"flex w-full flex-col gap-1 empty:hidden\">\n<div class=\"markdown prose dark:prose-invert w-full wrap-break-word light markdown-new-styling\">\n<p data-start=\"69\" data-end=\"318\">EL NUEVO DIARIO, SANTO DOMINGO.\u2013 La alcaldesa del Distrito Nacional, <span class=\"hover:entity-accent entity-underline inline cursor-pointer align-baseline\"><span class=\"whitespace-normal\">Carolina Mej\u00eda<\/span><\/span>, encabez\u00f3 este mi\u00e9rcoles la entrega del parque remozado en la urbanizaci\u00f3n Solimar, como parte del programa de recuperaci\u00f3n de espacios p\u00fablicos en la capital.<\/p>\n<p data-start=\"320\" data-end=\"472\">De acuerdo con la <span class=\"hover:entity-accent entity-underline inline cursor-pointer align-baseline\"><span class=\"whitespace-normal\">Alcald\u00eda<\/span><\/span>, la intervenci\u00f3n se suma a m\u00e1s de 200 \u00e1reas recreativas rehabilitadas durante la actual gesti\u00f3n, seg\u00fan detalla un comunicado de prensa.<\/p>\n<p data-start=\"474\" data-end=\"691\">Durante el acto, Mej\u00eda destac\u00f3 la participaci\u00f3n de comunitarios y juntas de vecinos en el proceso de recuperaci\u00f3n del espacio, al tiempo que llam\u00f3 al cuidado y mantenimiento del parque para garantizar su uso adecuado.<\/p>\n<figure id=\"attachment_3101441\" aria-describedby=\"caption-attachment-3101441\" style=\"width: 1066px\" class=\"wp-caption alignnone\"><img loading=\"lazy\" decoding=\"async\" data-recalc-dims=\"1\" data-dominant-color=\"a9aca9\" data-has-transparency=\"false\" style=\"--dominant-color: #a9aca9\" class=\"wp-image-3101441 size-full not-transparent\" src=\"https:\/\/i0.wp.com\/nuevodiario-assets.s3.us-east-2.amazonaws.com\/wp-content\/uploads\/2026\/04\/Alcaldia-del-DN-entrega-parque-remozado-en-Urbanizacion-Solimar-2.jpeg?resize=640%2C961&#038;quality=100&#038;ssl=1\" alt=\"\" width=\"640\" height=\"961\" \/><figcaption id=\"caption-attachment-3101441\" class=\"wp-caption-text\">Alcaldesa del DN Carolina Mej\u00eda junto a dirigentes y comunitarios. (Foto: ADN).<\/figcaption><\/figure>\n<p data-start=\"693\" data-end=\"906\">La presidenta de la junta de vecinos del sector, <span class=\"hover:entity-accent entity-underline inline cursor-pointer align-baseline\"><span class=\"whitespace-normal\">Yissel Margarita L\u00f3pez<\/span><\/span>, valor\u00f3 la obra y afirm\u00f3 que la comunidad llevaba a\u00f1os sin aprovechar el \u00e1rea, la cual, seg\u00fan indic\u00f3, se encontraba en desuso.<\/p>\n<p data-start=\"942\" data-end=\"1118\">En el marco de la actividad, residentes del sector entregaron un reconocimiento a la alcaldesa, as\u00ed como a varios funcionarios municipales vinculados a los trabajos realizados.<\/p>\n<figure id=\"attachment_3101442\" aria-describedby=\"caption-attachment-3101442\" style=\"width: 1280px\" class=\"wp-caption alignnone\"><img loading=\"lazy\" decoding=\"async\" data-recalc-dims=\"1\" data-dominant-color=\"93a0a5\" data-has-transparency=\"false\" style=\"--dominant-color: #93a0a5\" class=\"wp-image-3101442 size-full not-transparent\" src=\"https:\/\/i0.wp.com\/nuevodiario-assets.s3.us-east-2.amazonaws.com\/wp-content\/uploads\/2026\/04\/Alcaldia-del-DN-entrega-parque-remozado-en-Urbanizacion-Solimar-3.jpeg?resize=640%2C412&#038;quality=100&#038;ssl=1\" alt=\"\" width=\"640\" height=\"412\" \/><figcaption id=\"caption-attachment-3101442\" class=\"wp-caption-text\">Alcald\u00eda del DN entrega parque remozado en Urbanizaci\u00f3n Solimar. (Foto: ADN).<\/figcaption><\/figure>\n<p data-start=\"1120\" data-end=\"1296\">Entre ellos figuran <span class=\"hover:entity-accent entity-underline inline cursor-pointer align-baseline\"><span class=\"whitespace-normal\">Yolanda de la Rosa<\/span><\/span>, <span class=\"hover:entity-accent entity-underline inline cursor-pointer align-baseline\"><span class=\"whitespace-normal\">Milagros Mercedes<\/span><\/span>, <span class=\"hover:entity-accent entity-underline inline cursor-pointer align-baseline\"><span class=\"whitespace-normal\">Raudy Vargas<\/span><\/span> y <span class=\"hover:entity-accent entity-underline inline cursor-pointer align-baseline\"><span class=\"whitespace-normal\">Robert P\u00e9rez<\/span><\/span>.<\/p>\n<p data-start=\"1331\" data-end=\"1496\">El parque, ubicado en la calle Caracoles del sector Solimar, cuenta con \u00e1reas verdes, zona de picnic, espacios para ejercicios, cancha de baloncesto y \u00e1rea infantil.<\/p>\n<figure id=\"attachment_3101440\" aria-describedby=\"caption-attachment-3101440\" style=\"width: 1280px\" class=\"wp-caption alignnone\"><img decoding=\"async\" data-recalc-dims=\"1\" data-dominant-color=\"6f7c79\" data-has-transparency=\"false\" style=\"--dominant-color: #6f7c79\" loading=\"lazy\" class=\"wp-image-3101440 size-full not-transparent\" src=\"https:\/\/i0.wp.com\/nuevodiario-assets.s3.us-east-2.amazonaws.com\/wp-content\/uploads\/2026\/04\/Alcaldia-del-DN-entrega-parque-remozado-en-Urbanizacion-Solimar.jpeg?resize=640%2C427&#038;quality=100&#038;ssl=1\" alt=\"\" width=\"640\" height=\"427\" \/><figcaption id=\"caption-attachment-3101440\" class=\"wp-caption-text\">Alcald\u00eda del DN entrega parque remozado en Urbanizaci\u00f3n Solimar. (Foto: ADN).<\/figcaption><\/figure>\n<p data-start=\"1498\" data-end=\"1660\">Adem\u00e1s,\u00a0 describen que el espacio fue acondicionado con iluminaci\u00f3n LED, senderos internos, murales, verjas de seguridad y accesos para personas con discapacidad.<\/p>\n<p data-start=\"1662\" data-end=\"1806\">Asimismo, incluye trabajos de arborizaci\u00f3n con la siembra de \u00e1rboles y mantenimiento de los existentes, como parte del plan ambiental del cabildo.<\/p>\n<p data-start=\"1808\" data-end=\"1942\" data-is-last-node=\"\" data-is-only-node=\"\">La obra busca ofrecer un entorno para la recreaci\u00f3n y convivencia de los residentes del sector.<\/p>\n<\/div>\n<\/div>\n<\/div>\n<\/div>\n<div class=\"z-0 flex min-h-[46px] justify-start\">NLP\/<\/div>\n<div class=\"mt-3 w-full empty:hidden\">\n<div class=\"text-center\"><\/div>\n<\/div>\n<\/div>\n<\/div>\n<\/section>\n<div class=\"pointer-events-none -mt-px h-px translate-y-[calc(var(--scroll-root-safe-area-inset-bottom)-14*var(--spacing))]\" aria-hidden=\"true\"><\/div>\n<p>La entrada <a href=\"https:\/\/elnuevodiario.com.do\/alcaldia-del-dn-entrega-parque-remozado-en-urbanizacion-solimar\/\">Alcald\u00eda del DN entrega parque remozado en Urbanizaci\u00f3n Solimar<\/a> se public\u00f3 primero en <a href=\"https:\/\/elnuevodiario.com.do\">El Nuevo Diario (Rep\u00fablica Dominicana)<\/a>.<\/p>\n","protected":false},"excerpt":{"rendered":"<p>EL NUEVO DIARIO, SANTO DOMINGO.\u2013 La alcaldesa del Distrito Nacional, Carolina Mej\u00eda, encabez\u00f3 este mi\u00e9rcoles la entrega del parque remozado en la urbanizaci\u00f3n Solimar, como parte del programa de recuperaci\u00f3n de espacios p\u00fablicos en la capital. De acuerdo con la Alcald\u00eda, la intervenci\u00f3n se suma a m\u00e1s de 200 \u00e1reas recreativas rehabilitadas durante la actual<\/p>\n","protected":false},"author":1,"featured_media":37892,"comment_status":"open","ping_status":"open","sticky":false,"template":"","format":"standard","meta":{"footnotes":""},"categories":[1],"tags":[],"class_list":["post-37891","post","type-post","status-publish","format-standard","has-post-thumbnail","hentry","category-nacionales"],"_links":{"self":[{"href":"https:\/\/acronoticias.com\/index.php\/wp-json\/wp\/v2\/posts\/37891","targetHints":{"allow":["GET"]}}],"collection":[{"href":"https:\/\/acronoticias.com\/index.php\/wp-json\/wp\/v2\/posts"}],"about":[{"href":"https:\/\/acronoticias.com\/index.php\/wp-json\/wp\/v2\/types\/post"}],"author":[{"embeddable":true,"href":"https:\/\/acronoticias.com\/index.php\/wp-json\/wp\/v2\/users\/1"}],"replies":[{"embeddable":true,"href":"https:\/\/acronoticias.com\/index.php\/wp-json\/wp\/v2\/comments?post=37891"}],"version-history":[{"count":0,"href":"https:\/\/acronoticias.com\/index.php\/wp-json\/wp\/v2\/posts\/37891\/revisions"}],"wp:featuredmedia":[{"embeddable":true,"href":"https:\/\/acronoticias.com\/index.php\/wp-json\/wp\/v2\/media\/37892"}],"wp:attachment":[{"href":"https:\/\/acronoticias.com\/index.php\/wp-json\/wp\/v2\/media?parent=37891"}],"wp:term":[{"taxonomy":"category","embeddable":true,"href":"https:\/\/acronoticias.com\/index.php\/wp-json\/wp\/v2\/categories?post=37891"},{"taxonomy":"post_tag","embeddable":true,"href":"https:\/\/acronoticias.com\/index.php\/wp-json\/wp\/v2\/tags?post=37891"}],"curies":[{"name":"wp","href":"https:\/\/api.w.org\/{rel}","templated":true}]}}