{"id":37887,"date":"2026-04-29T13:57:40","date_gmt":"2026-04-29T13:57:40","guid":{"rendered":"https:\/\/acronoticias.com\/index.php\/2026\/04\/29\/no-es-justo-que-a-otros-gremios-le-den-todo-y-a-nosotros-no-enfermeras-detienen-labores-en-demanda-de-reivindicaciones\/"},"modified":"2026-04-29T13:57:40","modified_gmt":"2026-04-29T13:57:40","slug":"no-es-justo-que-a-otros-gremios-le-den-todo-y-a-nosotros-no-enfermeras-detienen-labores-en-demanda-de-reivindicaciones","status":"publish","type":"post","link":"https:\/\/acronoticias.com\/index.php\/2026\/04\/29\/no-es-justo-que-a-otros-gremios-le-den-todo-y-a-nosotros-no-enfermeras-detienen-labores-en-demanda-de-reivindicaciones\/","title":{"rendered":"\u00abNo es justo que a otros gremios le den todo y a nosotros no\u00bb: enfermeras detienen labores en demanda de reivindicaciones"},"content":{"rendered":"<p><img decoding=\"async\" width=\"355\" height=\"200\" src=\"https:\/\/nuevodiario-assets.s3.us-east-2.amazonaws.com\/wp-content\/uploads\/2026\/04\/Enfermeras1-355x200.jpeg\" class=\"webfeedsFeaturedVisual not-transparent wp-post-image\" alt=\"\" style=\"--dominant-color: #998a8d;margin-bottom: 5px;clear:both;max-width: 100%\" loading=\"lazy\" data-has-transparency=\"false\" data-dominant-color=\"998a8d\" \/><\/p>\n<p>EL NUEVO DIARIO, SANTO DOMINGO.- Bajo la consigna \u00absolamente estamos calentando el brazo\u00bb, gremios de enfermer\u00eda del pa\u00eds pararon las labores en los hospitales por 24 horas este mi\u00e9rcoles en demanda de una serie de reivindicaciones, que alegan no han sido cumplidas.<\/p>\n<p>Sol Amantina Delgado, presidenta de la\u00a0Uni\u00f3n Nacional\u00a0de\u00a0Servicios\u00a0de\u00a0Enfermer\u00eda Dominicana (UNASED),\u00a0 sostuvo que es injusto que a otros gremios le den todo, mientras que ellos deben protestar para que puedan ser escuchados.<\/p>\n<p>\u00abQue los hospitales est\u00e9n sin enfermeras por una o dos horas, para ver que se siente. Nosotros no nos oponemos a que le den a los dem\u00e1s gremios sus exigencias como parte del sector salud, pero no es justo que el presidente a otros le de todo, 100 % en pensiones, le aumente las pensiones, aumento salarial,\u00bf Por qu\u00e9 a las enfermeras no?, cuestion\u00f3 Delgado.<\/p>\n<p>Delgado asegur\u00f3 que no descartan un entendimiento con las autoridades de salud que detenga las manifestaciones, sin embargo dijo que si no reciben una llamada para ponerse de acuerdo tomar\u00e1n otras acciones m\u00e1s contundentes.<\/p>\n<p><a href=\"https:\/\/videos.files.wordpress.com\/rSOSUiMK\/sol-amadita.mp4\">sol-amadita-mp4<\/a><\/p>\n<p>\u00abDe las cuatro columnas que tiene un hospital, nosotros tenemos tres\u00bb, expres\u00f3 durante la manifestaci\u00f3n en el Hospital Moscoso Puello del Distrito Nacional.<\/p>\n<p>Entre sus demandas se destacan \u00a0laaplicaci\u00f3n del tiempo en servicio, incentivo por distancia, pensiones al 100%,\u00a0cambios de designaci\u00f3n\u00a0y m\u00e1s\u00a0nombramientos.<\/p>\n<p>Rafaela Figuereo, representante de la Uni\u00f3n Nacional de Servicios de Enfermer\u00eda (UNASE), afirm\u00f3 que tienen m\u00e1s de seis a\u00f1os tratando que se logre sus demandas, sin tener \u00e9xito.<\/p>\n<p><a href=\"https:\/\/videos.files.wordpress.com\/b8L7dOGm\/rafaela.mp4\">rafaela-mp4<\/a><\/p>\n<p>A pesar de estar pensionada, Figuereo asegur\u00f3 que esta lucha es para el futuro del sector. \u00abIniciamos con un paro de 24 horas hoy, pero se puede extender, luego a 48 , 72\u00a0 hasta tiempo indefinido\u00bb, advirti\u00f3.<\/p>\n<p>Inform\u00f3 que le llevaron el pliegue de las demandas reducidas al presidente Abinader, esperando una respuesta de 15 d\u00edas, y ya han pasado m\u00e1s de tres meses sin contestaci\u00f3n.<\/p>\n<p>\u00abEn las manos del presidente est\u00e1 la soluci\u00f3n de esta problem\u00e1tica\u00bb, concluy\u00f3.<\/p>\n<p>La Confederaci\u00f3n Nacional de Unidad Sindical (CNUS) est\u00e1 integrado por el Sindicato Nacional de Trabajadores de Enfermer\u00eda (Sinatrae), Uni\u00f3n Nacional de Servicios de Enfermer\u00eda (UNASE-CASC), Asociaci\u00f3n Dominicana de Enfermer\u00eda del Servicio Nacional de Salud (Adeiss-SNS); Uni\u00f3n Nacional de Servicios de Enfermer\u00eda Dominicana (Unased-CNTD), Colegio Dominicano de Profesionales de Enfermer\u00eda (Codopenf) y Coordinadora Nacional de Enfermer\u00eda (Conaendilag).<\/p>\n<p><img loading=\"lazy\" decoding=\"async\" data-recalc-dims=\"1\" data-dominant-color=\"9d9da8\" data-has-transparency=\"false\" style=\"--dominant-color: #9d9da8\" class=\"alignnone wp-image-3101416 size-full not-transparent\" src=\"https:\/\/i0.wp.com\/nuevodiario-assets.s3.us-east-2.amazonaws.com\/wp-content\/uploads\/2026\/04\/ENfermeras3.jpeg?resize=640%2C426&#038;quality=100&#038;ssl=1\" alt=\"\" width=\"640\" height=\"426\" \/> <img loading=\"lazy\" decoding=\"async\" data-recalc-dims=\"1\" data-dominant-color=\"7c8a9b\" data-has-transparency=\"false\" style=\"--dominant-color: #7c8a9b\" class=\"alignnone wp-image-3101420 size-full not-transparent\" src=\"https:\/\/i0.wp.com\/nuevodiario-assets.s3.us-east-2.amazonaws.com\/wp-content\/uploads\/2026\/04\/ENfermeras2.jpeg?resize=640%2C426&#038;quality=100&#038;ssl=1\" alt=\"\" width=\"640\" height=\"426\" \/><\/p>\n<p>&nbsp;<\/p>\n<p>&nbsp;<\/p>\n<p>La entrada <a href=\"https:\/\/elnuevodiario.com.do\/no-es-justo-que-a-otros-gremios-le-den-todo-y-a-nosotros-no-enfermeras-detienen-labores-en-demanda-de-reivindicaciones\/\">\u00abNo es justo que a otros gremios le den todo y a nosotros no\u00bb: enfermeras detienen labores en demanda de reivindicaciones<\/a> se public\u00f3 primero en <a href=\"https:\/\/elnuevodiario.com.do\">El Nuevo Diario (Rep\u00fablica Dominicana)<\/a>.<\/p>\n","protected":false},"excerpt":{"rendered":"<p>EL NUEVO DIARIO, SANTO DOMINGO.- Bajo la consigna \u00absolamente estamos calentando el brazo\u00bb, gremios de enfermer\u00eda del pa\u00eds pararon las labores en los hospitales por 24 horas este mi\u00e9rcoles en demanda de una serie de reivindicaciones, que alegan no han sido cumplidas. Sol Amantina Delgado, presidenta de la\u00a0Uni\u00f3n Nacional\u00a0de\u00a0Servicios\u00a0de\u00a0Enfermer\u00eda Dominicana (UNASED),\u00a0 sostuvo que es injusto<\/p>\n","protected":false},"author":1,"featured_media":37888,"comment_status":"open","ping_status":"open","sticky":false,"template":"","format":"standard","meta":{"footnotes":""},"categories":[1],"tags":[],"class_list":["post-37887","post","type-post","status-publish","format-standard","has-post-thumbnail","hentry","category-nacionales"],"_links":{"self":[{"href":"https:\/\/acronoticias.com\/index.php\/wp-json\/wp\/v2\/posts\/37887","targetHints":{"allow":["GET"]}}],"collection":[{"href":"https:\/\/acronoticias.com\/index.php\/wp-json\/wp\/v2\/posts"}],"about":[{"href":"https:\/\/acronoticias.com\/index.php\/wp-json\/wp\/v2\/types\/post"}],"author":[{"embeddable":true,"href":"https:\/\/acronoticias.com\/index.php\/wp-json\/wp\/v2\/users\/1"}],"replies":[{"embeddable":true,"href":"https:\/\/acronoticias.com\/index.php\/wp-json\/wp\/v2\/comments?post=37887"}],"version-history":[{"count":0,"href":"https:\/\/acronoticias.com\/index.php\/wp-json\/wp\/v2\/posts\/37887\/revisions"}],"wp:featuredmedia":[{"embeddable":true,"href":"https:\/\/acronoticias.com\/index.php\/wp-json\/wp\/v2\/media\/37888"}],"wp:attachment":[{"href":"https:\/\/acronoticias.com\/index.php\/wp-json\/wp\/v2\/media?parent=37887"}],"wp:term":[{"taxonomy":"category","embeddable":true,"href":"https:\/\/acronoticias.com\/index.php\/wp-json\/wp\/v2\/categories?post=37887"},{"taxonomy":"post_tag","embeddable":true,"href":"https:\/\/acronoticias.com\/index.php\/wp-json\/wp\/v2\/tags?post=37887"}],"curies":[{"name":"wp","href":"https:\/\/api.w.org\/{rel}","templated":true}]}}