{"id":37885,"date":"2026-04-29T13:52:44","date_gmt":"2026-04-29T13:52:44","guid":{"rendered":"https:\/\/acronoticias.com\/index.php\/2026\/04\/29\/con-imagen-armado-donald-trump-lanza-fuerte-advertencia-al-gobierno-de-iran\/"},"modified":"2026-04-29T13:52:44","modified_gmt":"2026-04-29T13:52:44","slug":"con-imagen-armado-donald-trump-lanza-fuerte-advertencia-al-gobierno-de-iran","status":"publish","type":"post","link":"https:\/\/acronoticias.com\/index.php\/2026\/04\/29\/con-imagen-armado-donald-trump-lanza-fuerte-advertencia-al-gobierno-de-iran\/","title":{"rendered":"Con imagen armado, Donald Trump lanza fuerte advertencia al gobierno de Ir\u00e1n"},"content":{"rendered":"<div>\n<div class=\"c-detail__author full\">\n<div>\n<div class=\"c-detail__author__thumb\">\n<figure>\n                                <picture src=\"https:\/\/imagenes.hoy.com.do\/files\/image_square_xs\/uploads\/2025\/11\/18\/691c7d5bed035.jpeg\" data-size=\"w:40,h:40\">\n                                    <img decoding=\"async\" loading=\"lazy\" alt=\"EFE EFE\" width=\"40\" height=\"40\" src=\"https:\/\/imagenes.hoy.com.do\/files\/image_square_xs\/uploads\/2025\/11\/18\/691c7d5bed035.jpeg\"\/>\n                                <\/picture>\n                                <\/figure>\n<\/div>\n<\/div>\n<\/div>\n<p>                                                                                            <!-- --><\/p>\n<p class=\"paragraph\">El presidente de Estados Unidos, Donald Trump, escribi\u00f3 este mi\u00e9rcoles en su red Truth Social que Ir\u00e1n \u00abno logra ponerse de acuerdo\u00bb ni \u00absabe c\u00f3mo firmar un acuerdo no nuclear\u00bb, y urgi\u00f3 al pa\u00eds persa a \u00abespabilar pronto\u00bb, mientras las conversaciones de paz siguen estancadas.<\/p>\n<p class=\"paragraph\">\u00abIr\u00e1n no logra ponerse de acuerdo. No saben c\u00f3mo firmar un acuerdo no nuclear.<b> \u00a1M\u00e1s les vale espabilar pronto!\u00bb<\/b>, dijo el mandatario a trav\u00e9s de su propia red social.<\/p>\n<p class=\"paragraph\">Trump, que la semana pasada extendi\u00f3 el alto el fuego con Teher\u00e1n de manera indefinida, acompa\u00f1\u00f3 el mensaje de una imagen simulada en la que aparece armado y con gafas de sol, mientras varias explosiones suceden tras \u00e9l, acompa\u00f1ada de la frase <b>\u00ab\u00a1NO M\u00c1S SR. AMABLE!\u00bb<\/b>.<\/p>\n<div class=\"c-detail__box \">\n<article class=\"c-detail__sumario \">\n<figure class=\"c-detail__sumario__thumb\" style=\"display: block;\">\n            <a href=\"#\" title=\"\">\n                <picture data-size=\"w:140,h:140\" loading=\"lazy\" src=\"https:\/\/imagenes.hoy.com.do\/files\/related_image\/uploads\/2026\/04\/28\/69f0328917c97.jpeg\" data-full-src=\"https:\/\/imagenes.hoy.com.do\/uploads\/2026\/04\/28\/69f0328917c97.jpeg\">\n                    <img loading=\"lazy\" decoding=\"async\" width=\"140\" height=\"140\" alt=\"El canciller Ab\u00e1s Araqch y Vlad\u00edmir Putin en Mosc\u00fa. AP\" src=\"https:\/\/imagenes.hoy.com.do\/uploads\/2026\/04\/28\/69f0328917c97.jpeg\"\/>\n                <\/picture>\n            <\/a><br \/>\n        <\/figure>\n<\/article>\n<\/div>\n<h2 class=\"subtitle\">Trump duda de la \u00faltima oferta de Ir\u00e1n<\/h2>\n<p class=\"paragraph\">El martes, el dirigente republicano dijo que Ir\u00e1n le hab\u00eda comunicado que est\u00e1 en <b>\u00abestado de colapso\u00bb<\/b> y que, mientras resuelven sus problemas de liderazgo, quieren que Washington reabra el estrecho de Ormuz \u00ablo antes posible\u00bb.<\/p>\n<p class=\"paragraph\">El mensaje del l\u00edder republicano coincid\u00eda con reportes de su insatisfacci\u00f3n con el nuevo plan de Teher\u00e1n para destrabar las conversaciones de paz y reabrir la estrat\u00e9gica v\u00eda de crudo y mercanc\u00edas, aplazando el di\u00e1logo sobre el programa nuclear iran\u00ed.<\/p>\n<div class=\"c-detail__box \">\n<article class=\"c-detail__sumario \">\n<figure class=\"c-detail__sumario__thumb\" style=\"display: block;\">\n            <a href=\"#\" title=\"\">\n                <picture data-size=\"w:140,h:140\" loading=\"lazy\" src=\"https:\/\/imagenes.hoy.com.do\/files\/related_image\/uploads\/2026\/04\/27\/69eff829526a6.jpeg\" data-full-src=\"https:\/\/imagenes.hoy.com.do\/uploads\/2026\/04\/27\/69eff829526a6.jpeg\">\n                    <img loading=\"lazy\" decoding=\"async\" width=\"140\" height=\"140\" alt=\"Yayo Lovat\u00f3n defendi\u00f3 el plan del Gobierno para enfrentar la crisis internacional.\" src=\"https:\/\/imagenes.hoy.com.do\/uploads\/2026\/04\/27\/69eff829526a6.jpeg\"\/>\n                <\/picture>\n            <\/a><br \/>\n        <\/figure>\n<\/article>\n<\/div>\n<p class=\"paragraph\">En la reuni\u00f3n del lunes entre Trump y sus asesores de Seguridad Nacional, el presidente estadounidense habr\u00eda dado a entender que no est\u00e1 predispuesto a aceptar el plan, que tambi\u00e9n insta a Washington a levantar el bloqueo naval impuesto a las costas iran\u00edes, seg\u00fan public\u00f3 la cadena CNN.<\/p>\n<p class=\"paragraph\">La reapertura de la v\u00eda estrat\u00e9gica, por donde pasaba el 20 % del crudo mundial en tiempos de paz, sin abordar garant\u00edas de que Ir\u00e1n no pueda obtener un arma nuclear o el futuro de sus reservas de uranio enriquecido, podr\u00eda no ajustarse a las aspiraciones de Trump para vender el acuerdo como una victoria, advirtieron las fuentes.<\/p>\n<p class=\"paragraph\">El mandatario extendi\u00f3 la semana pasada el <b>alto el fuego<\/b> con Ir\u00e1n de manera indefinida para propiciar el di\u00e1logo, que por ahora se encuentra estancado, despu\u00e9s de que no se llegara a celebrar una segunda ronda de conversaciones el pasado fin de semana en Pakist\u00e1n, pese al viaje a Islamabad del canciller iran\u00ed.<\/p>\n<div class=\"c-detail__box \">\n<article class=\"c-detail__sumario \">\n<figure class=\"c-detail__sumario__thumb\" style=\"display: block;\">\n            <a href=\"#\" title=\"\">\n                <picture data-size=\"w:140,h:140\" loading=\"lazy\" src=\"https:\/\/imagenes.hoy.com.do\/files\/related_image\/uploads\/2026\/03\/25\/69c4abd0a0f97.jpeg\" data-full-src=\"https:\/\/imagenes.hoy.com.do\/uploads\/2026\/03\/25\/69c4abd0a0f97.jpeg\">\n                    <img loading=\"lazy\" decoding=\"async\" width=\"140\" height=\"140\" alt=\"Petr\u00f3leo\" src=\"https:\/\/imagenes.hoy.com.do\/uploads\/2026\/03\/25\/69c4abd0a0f97.jpeg\"\/>\n                <\/picture>\n            <\/a><br \/>\n        <\/figure>\n<\/article>\n<\/div><\/div>\n","protected":false},"excerpt":{"rendered":"<p>El presidente de Estados Unidos, Donald Trump, escribi\u00f3 este mi\u00e9rcoles en su red Truth Social que Ir\u00e1n \u00abno logra ponerse de acuerdo\u00bb ni \u00absabe c\u00f3mo firmar un acuerdo no nuclear\u00bb, y urgi\u00f3 al pa\u00eds persa a \u00abespabilar pronto\u00bb, mientras las conversaciones de paz siguen estancadas. \u00abIr\u00e1n no logra ponerse de acuerdo. No saben c\u00f3mo firmar<\/p>\n","protected":false},"author":1,"featured_media":37886,"comment_status":"open","ping_status":"open","sticky":false,"template":"","format":"standard","meta":{"footnotes":""},"categories":[3],"tags":[],"class_list":["post-37885","post","type-post","status-publish","format-standard","has-post-thumbnail","hentry","category-internacionales"],"_links":{"self":[{"href":"https:\/\/acronoticias.com\/index.php\/wp-json\/wp\/v2\/posts\/37885","targetHints":{"allow":["GET"]}}],"collection":[{"href":"https:\/\/acronoticias.com\/index.php\/wp-json\/wp\/v2\/posts"}],"about":[{"href":"https:\/\/acronoticias.com\/index.php\/wp-json\/wp\/v2\/types\/post"}],"author":[{"embeddable":true,"href":"https:\/\/acronoticias.com\/index.php\/wp-json\/wp\/v2\/users\/1"}],"replies":[{"embeddable":true,"href":"https:\/\/acronoticias.com\/index.php\/wp-json\/wp\/v2\/comments?post=37885"}],"version-history":[{"count":0,"href":"https:\/\/acronoticias.com\/index.php\/wp-json\/wp\/v2\/posts\/37885\/revisions"}],"wp:featuredmedia":[{"embeddable":true,"href":"https:\/\/acronoticias.com\/index.php\/wp-json\/wp\/v2\/media\/37886"}],"wp:attachment":[{"href":"https:\/\/acronoticias.com\/index.php\/wp-json\/wp\/v2\/media?parent=37885"}],"wp:term":[{"taxonomy":"category","embeddable":true,"href":"https:\/\/acronoticias.com\/index.php\/wp-json\/wp\/v2\/categories?post=37885"},{"taxonomy":"post_tag","embeddable":true,"href":"https:\/\/acronoticias.com\/index.php\/wp-json\/wp\/v2\/tags?post=37885"}],"curies":[{"name":"wp","href":"https:\/\/api.w.org\/{rel}","templated":true}]}}