{"id":37881,"date":"2026-04-29T13:25:53","date_gmt":"2026-04-29T13:25:53","guid":{"rendered":"https:\/\/acronoticias.com\/index.php\/2026\/04\/29\/ifgla-gradua-a-abogados-y-fiscales-de-rd-y-colombia-en-diplomado-de-justicia-restaurativa\/"},"modified":"2026-04-29T13:25:53","modified_gmt":"2026-04-29T13:25:53","slug":"ifgla-gradua-a-abogados-y-fiscales-de-rd-y-colombia-en-diplomado-de-justicia-restaurativa","status":"publish","type":"post","link":"https:\/\/acronoticias.com\/index.php\/2026\/04\/29\/ifgla-gradua-a-abogados-y-fiscales-de-rd-y-colombia-en-diplomado-de-justicia-restaurativa\/","title":{"rendered":"Ifgla grad\u00faa a abogados y fiscales de RD y Colombia en diplomado de justicia restaurativa"},"content":{"rendered":"<p><img loading=\"lazy\" decoding=\"async\" width=\"355\" height=\"200\" src=\"https:\/\/nuevodiario-assets.s3.us-east-2.amazonaws.com\/wp-content\/uploads\/2026\/04\/IFGLA-gradua-a-abogados-y-fiscales-de-RD-y-Colombia-en-diplomado-de-justicia-restaurativa-2-355x200.jpeg\" class=\"webfeedsFeaturedVisual not-transparent wp-post-image\" alt=\"\" style=\"--dominant-color: #777c7c;margin-bottom: 5px;clear:both;max-width: 100%\" data-has-transparency=\"false\" data-dominant-color=\"777c7c\" \/><\/p>\n<p>EL NUEVO DIARIO, SANTO DOMINGO.- El Instituto de Formaci\u00f3n Gerencia y Liderazgo Americano (Ifgla) inform\u00f3 que gradu\u00f3 a decenas de abogados y miembros del Ministerio P\u00fablico de Colombia y la Rep\u00fablica Dominicana en el Diplomado Internacional en Gesti\u00f3n de Conflictos y Justicia Restaurativa.<\/p>\n<p>En el marco de la Graduaci\u00f3n Ordinaria N\u00famero 54, la instituci\u00f3n tambi\u00e9n reconoci\u00f3 la trayectoria de cuatro destacados profesionales, reafirmando su tradici\u00f3n desde su fundaci\u00f3n en 1992.<\/p>\n<p>El rector interino, Alcedo Magar\u00edn, explic\u00f3 que esta capacitaci\u00f3n fue dise\u00f1ada con un enfoque integral que articula los principios de la justicia restaurativa y la gesti\u00f3n efectiva de conflictos, brindando a los participantes herramientas clave para enfrentar los desaf\u00edos de la convivencia en contextos sociales cada vez m\u00e1s diversos y complejos. Esta iniciativa busca fortalecer competencias que impactan positivamente en los \u00e1mbitos social, laboral y comunitario, promoviendo una cultura de paz y di\u00e1logo.<\/p>\n<figure id=\"attachment_3101344\" aria-describedby=\"caption-attachment-3101344\" style=\"width: 963px\" class=\"wp-caption alignnone\"><img loading=\"lazy\" decoding=\"async\" data-recalc-dims=\"1\" data-dominant-color=\"6c6f72\" data-has-transparency=\"false\" style=\"--dominant-color: #6c6f72\" class=\"size-full wp-image-3101344 not-transparent\" src=\"https:\/\/i0.wp.com\/nuevodiario-assets.s3.us-east-2.amazonaws.com\/wp-content\/uploads\/2026\/04\/IFGLA-gradua-a-abogados-y-fiscales-de-RD-y-Colombia-en-diplomado-de-justicia-restaurativa-1.jpeg?resize=640%2C683&#038;quality=100&#038;ssl=1\" alt=\"\" width=\"640\" height=\"683\" \/><figcaption id=\"caption-attachment-3101344\" class=\"wp-caption-text\"><em><strong>(Foto: Ifgla)<\/strong><\/em><\/figcaption><\/figure>\n<p>De acuerdo a una nota de prensa, durante el desarrollo del diplomado, los participantes recibieron formaci\u00f3n de destacados expertos nacionales e internacionales. Entre las conferencias impartidas se destacan: \u201cIntroducci\u00f3n a los mecanismos alternativos de soluci\u00f3n de controversias\u201d, a cargo de la doctora Petronila Rosario Adames; \u201cSistema de justicia y mecanismos alternativos\u201d, impartida por la magistrada Gema Ayecac Jim\u00e9nez, desde M\u00e9xico; y \u201cTeor\u00eda del Conflicto y Esencia Humana\u201d, dictada por el doctor Jes\u00fas Arturo Figueroa Quiroga, desde Colombia.<\/p>\n<p>Asimismo, se abordaron temas clave como las habilidades comunicacionales para la negociaci\u00f3n y la mediaci\u00f3n, a cargo del doctor Jorge Antonio Mercado Teller\u00eda, de Bolivia. De igual forma, se desarroll\u00f3 el tema de derecho colaborativo, impartido por el abogado, catedr\u00e1tico y escritor mexicano H\u00e9ctor Iv\u00e1n Jim\u00e9nez Esponda.<\/p>\n<p>En el \u00e1mbito de la justicia restaurativa, la conferencia fue dictada por la doctora Virginia Domingo de la Fuente, exjueza, catedr\u00e1tica y escritora espa\u00f1ola. Tambi\u00e9n participaron la maestra Varinia Penco, expresidenta del Colegio de Mediadores de Chile, con el tema \u201cHabilidades comunicacionales para la negociaci\u00f3n y la mediaci\u00f3n\u201d, y la doctora Daniela Patricia Almir\u00f3n, abogada, catedr\u00e1tica y escritora argentina, quien abord\u00f3 \u201cEstructura y din\u00e1mica de los procesos de negociaci\u00f3n y mediaci\u00f3n\u201d, fortaleciendo as\u00ed las competencias pr\u00e1cticas de los participantes.<\/p>\n<p>El acto de graduaci\u00f3n reuni\u00f3 a profesionales de diversas \u00e1reas del conocimiento, incluyendo abogados, psic\u00f3logas, periodistas, docentes y miembros del Ministerio P\u00fablico de Colombia y la Rep\u00fablica Dominicana, as\u00ed como mediadores del Sistema Nacional de Resoluci\u00f3n de Conflictos (SINAREC) y colaboradores del Centro de Asistencia al Automovilista (CAA). Esta diversidad evidencia el impacto transversal del diplomado en distintos sectores de la sociedad.<\/p>\n<p>Entre los graduandos se destacaron abogados adscritos al CAA, entre ellos Glorivee Mariely Peralta Guerrero, Mariela del Carmen Madera Rodr\u00edguez, Massiel Corpor\u00e1n Castillo, Yanaira Gloribel Garc\u00eda Canario de Zarzuela, Pedro Jos\u00e9 Llenas Estrella, Ricardo Alberto Ovalles Calder\u00f3n, Fleurys Ram\u00f3n Rojas Grull\u00f3n, Ariel Boanerges Garc\u00eda Saint-Hilaire, Miulby Mar\u00eda de la Rosa Taveras de D\u00edaz, Joseliz Ferm\u00edn Rodr\u00edguez y Adnaloy Scarlet Hidalgo Caraballo.<\/p>\n<p>De igual manera, participaron los miembros del Ministerio P\u00fablico dominicano Fremy Ram\u00f3n Reyes Javier, Juan Ram\u00f3n N\u00fa\u00f1ez Matos, Yira Antonia Santos y Daysi Altagracia Garc\u00eda Mendoza, as\u00ed como los mediadores adscritos al SINAREC-PGR Nelia Margarita Rosario Lora, Luis Manuel Hidalgo Aquino y Yokasta Nolasco.<\/p>\n<p>Asimismo, se integraron representantes del Ministerio P\u00fablico colombiano, entre ellos Gustavo Adolfo Osorio D\u00edaz, Cristian Alberto Salazar Ord\u00f3\u00f1ez, Mar\u00eda Isabel G\u00f3mez Torres y la abogada Lyda Paola Quintero Cort\u00e9s.<\/p>\n<p>Igualmente, formaron parte de esta promoci\u00f3n los abogados independientes Juan Carlos Magar\u00edn Magar\u00edn y Bertha Ysabel Jim\u00e9nez Antonio; la docente In\u00e9s Vilorio G\u00f3mez de Magar\u00edn; y el periodista Logan Jim\u00e9nez Ramos, entre otros.<\/p>\n<p>En el marco de la ceremonia, IFGLA otorg\u00f3 reconocimientos especiales a destacadas personalidades por sus aportes al desarrollo institucional y social del pa\u00eds. Entre los homenajeados figuran la doctora Petronila Rosario Adames, por su ejemplar trayectoria profesional y su rol pionero en la capacitaci\u00f3n en mecanismos no adversariales de resoluci\u00f3n de conflictos en la Rep\u00fablica Dominicana; as\u00ed como el licenciado Luis Alberto Torres Lora, la licenciada Cristina L\u00f3pez Garc\u00eda y el ingeniero Jorge Luis Abreu Rodr\u00edguez.<\/p>\n<p>El acto protocolar incluy\u00f3 la participaci\u00f3n de autoridades acad\u00e9micas. Las palabras de bienvenida estuvieron a cargo del licenciado Juan Ram\u00f3n N\u00fa\u00f1ez Matos, fiscal adscrito en la provincia de La Romana, mientras que el discurso de agradecimiento fue pronunciado por el fiscal Gustavo Adolfo Osorio D\u00edaz, desde Colombia. La ceremonia tambi\u00e9n contempl\u00f3 intervenciones institucionales y la entrega de diplomas.<\/p>\n<p>La entrada <a href=\"https:\/\/elnuevodiario.com.do\/ifgla-gradua-a-abogados-y-fiscales-de-rd-y-colombia-en-diplomado-de-justicia-restaurativa\/\">Ifgla grad\u00faa a abogados y fiscales de RD y Colombia en diplomado de justicia restaurativa<\/a> se public\u00f3 primero en <a href=\"https:\/\/elnuevodiario.com.do\">El Nuevo Diario (Rep\u00fablica Dominicana)<\/a>.<\/p>\n","protected":false},"excerpt":{"rendered":"<p>EL NUEVO DIARIO, SANTO DOMINGO.- El Instituto de Formaci\u00f3n Gerencia y Liderazgo Americano (Ifgla) inform\u00f3 que gradu\u00f3 a decenas de abogados y miembros del Ministerio P\u00fablico de Colombia y la Rep\u00fablica Dominicana en el Diplomado Internacional en Gesti\u00f3n de Conflictos y Justicia Restaurativa. En el marco de la Graduaci\u00f3n Ordinaria N\u00famero 54, la instituci\u00f3n tambi\u00e9n<\/p>\n","protected":false},"author":1,"featured_media":37882,"comment_status":"open","ping_status":"open","sticky":false,"template":"","format":"standard","meta":{"footnotes":""},"categories":[1],"tags":[],"class_list":["post-37881","post","type-post","status-publish","format-standard","has-post-thumbnail","hentry","category-nacionales"],"_links":{"self":[{"href":"https:\/\/acronoticias.com\/index.php\/wp-json\/wp\/v2\/posts\/37881","targetHints":{"allow":["GET"]}}],"collection":[{"href":"https:\/\/acronoticias.com\/index.php\/wp-json\/wp\/v2\/posts"}],"about":[{"href":"https:\/\/acronoticias.com\/index.php\/wp-json\/wp\/v2\/types\/post"}],"author":[{"embeddable":true,"href":"https:\/\/acronoticias.com\/index.php\/wp-json\/wp\/v2\/users\/1"}],"replies":[{"embeddable":true,"href":"https:\/\/acronoticias.com\/index.php\/wp-json\/wp\/v2\/comments?post=37881"}],"version-history":[{"count":0,"href":"https:\/\/acronoticias.com\/index.php\/wp-json\/wp\/v2\/posts\/37881\/revisions"}],"wp:featuredmedia":[{"embeddable":true,"href":"https:\/\/acronoticias.com\/index.php\/wp-json\/wp\/v2\/media\/37882"}],"wp:attachment":[{"href":"https:\/\/acronoticias.com\/index.php\/wp-json\/wp\/v2\/media?parent=37881"}],"wp:term":[{"taxonomy":"category","embeddable":true,"href":"https:\/\/acronoticias.com\/index.php\/wp-json\/wp\/v2\/categories?post=37881"},{"taxonomy":"post_tag","embeddable":true,"href":"https:\/\/acronoticias.com\/index.php\/wp-json\/wp\/v2\/tags?post=37881"}],"curies":[{"name":"wp","href":"https:\/\/api.w.org\/{rel}","templated":true}]}}