{"id":37877,"date":"2026-04-29T13:09:40","date_gmt":"2026-04-29T13:09:40","guid":{"rendered":"https:\/\/acronoticias.com\/index.php\/2026\/04\/29\/radhames-silverio-y-titular-del-mescyt-abordan-linea-de-la-oferta-curricular-de-la-uasd-con-el-desarrollo-de-las-comunidades\/"},"modified":"2026-04-29T13:09:40","modified_gmt":"2026-04-29T13:09:40","slug":"radhames-silverio-y-titular-del-mescyt-abordan-linea-de-la-oferta-curricular-de-la-uasd-con-el-desarrollo-de-las-comunidades","status":"publish","type":"post","link":"https:\/\/acronoticias.com\/index.php\/2026\/04\/29\/radhames-silverio-y-titular-del-mescyt-abordan-linea-de-la-oferta-curricular-de-la-uasd-con-el-desarrollo-de-las-comunidades\/","title":{"rendered":"Radham\u00e9s Silverio y titular del Mescyt abordan l\u00ednea de la oferta curricular de la UASD con el desarrollo de las comunidades"},"content":{"rendered":"<p><img decoding=\"async\" width=\"355\" height=\"200\" src=\"https:\/\/nuevodiario-assets.s3.us-east-2.amazonaws.com\/wp-content\/uploads\/2026\/04\/Silverio-y-Santos-Badia--355x200.jpeg\" class=\"webfeedsFeaturedVisual not-transparent wp-post-image\" alt=\"\" style=\"--dominant-color: #878d80;margin-bottom: 5px;clear:both;max-width: 100%\" loading=\"lazy\" data-has-transparency=\"false\" data-dominant-color=\"878d80\" \/><\/p>\n<p>EL NUEVO DIARIO, SANTO DOMINGO.- El aspirante a rector de la Universidad Aut\u00f3noma de Santo Domingo (UASD), Radham\u00e9s Silverio, sostuvo un encuentro con el titular de Educaci\u00f3n Superior, Ciencia y Tecnolog\u00eda (MESCyT), Rafael Santos Bad\u00eda, en el que abordaron la necesidad de alinear la oferta curricular universitaria con las demandas de las comunidades.<\/p>\n<p>Durante la reuni\u00f3n, las partes intercambiaron criterios sobre iniciativas orientadas a fortalecer la oferta acad\u00e9mica en las distintas facultades y recintos regionales de la UASD, resaltando su impacto en el desarrollo social y productivo del pa\u00eds.<\/p>\n<p>Silverio present\u00f3 aspectos centrales de su propuesta de gesti\u00f3n acad\u00e9mica y administrativa en el contexto del proceso electoral universitario, haciendo \u00e9nfasis en la pertinencia de los programas formativos y en la ampliaci\u00f3n de oportunidades educativas.<\/p>\n<p><img loading=\"lazy\" decoding=\"async\" data-recalc-dims=\"1\" data-dominant-color=\"5f5c4d\" data-has-transparency=\"false\" style=\"--dominant-color: #5f5c4d\" class=\"alignnone wp-image-3101323 size-full not-transparent\" src=\"https:\/\/i0.wp.com\/nuevodiario-assets.s3.us-east-2.amazonaws.com\/wp-content\/uploads\/2026\/04\/UASD-y-Mescyt.jpeg?resize=640%2C360&#038;quality=100&#038;ssl=1\" alt=\"\" width=\"640\" height=\"360\" \/><\/p>\n<p>\u201cEl pa\u00eds necesita una universidad m\u00e1s conectada con su entorno, que forme profesionales capaces de responder a los desaf\u00edos reales de sus comunidades\u201d, expres\u00f3 Silverio.<br \/>\nAsimismo, Silverio abord\u00f3 la pertinencia acad\u00e9mica, la investigaci\u00f3n y la inclusi\u00f3n en el marco del desarrollo nacional.<\/p>\n<p>\u201cDebemos consolidar una educaci\u00f3n superior alineada con las necesidades nacionales, que promueva la equidad y el desarrollo sostenible\u201d, afirm\u00f3.<\/p>\n<p>En el encuentro tambi\u00e9n se trat\u00f3 el rol del MESCyT en la formulaci\u00f3n de pol\u00edticas p\u00fablicas orientadas a elevar la calidad de la educaci\u00f3n superior, as\u00ed como su funci\u00f3n en la articulaci\u00f3n entre la academia, el Estado y la sociedad.<\/p>\n<p><img loading=\"lazy\" decoding=\"async\" data-recalc-dims=\"1\" data-dominant-color=\"6e716c\" data-has-transparency=\"false\" style=\"--dominant-color: #6e716c\" class=\"alignnone wp-image-3101325 size-full not-transparent\" src=\"https:\/\/i0.wp.com\/nuevodiario-assets.s3.us-east-2.amazonaws.com\/wp-content\/uploads\/2026\/04\/Silverio-y-Santos.jpeg?resize=640%2C359&#038;quality=100&#038;ssl=1\" alt=\"\" width=\"640\" height=\"359\" \/><\/p>\n<p>En materia de investigaci\u00f3n, Silverio abord\u00f3 el alcance del Fondo Nacional de Innovaci\u00f3n y Desarrollo Cient\u00edfico y Tecnol\u00f3gico (FONDOCyT), destacando su papel como mecanismo de financiamiento para proyectos cient\u00edficos y de innovaci\u00f3n.<\/p>\n<p>Sostuvo que el fortalecimiento de este fondo permitir\u00eda generar conocimientos aplicados y aportar soluciones a problem\u00e1ticas nacionales.<\/p>\n<p>El encuentro forma parte de los esfuerzos por promover un modelo de educaci\u00f3n superior m\u00e1s pertinente y vinculada al desarrollo del pa\u00eds.<\/p>\n<p>La entrada <a href=\"https:\/\/elnuevodiario.com.do\/radhames-silverio-y-titular-del-mescyt-abordan-la-alineacion-de-la-oferta-curricular-de-la-uasd-con-el-desarrollo-de-las-comunidades\/\">Radham\u00e9s Silverio y titular del Mescyt abordan l\u00ednea de la oferta curricular de la UASD con el desarrollo de las comunidades<\/a> se public\u00f3 primero en <a href=\"https:\/\/elnuevodiario.com.do\">El Nuevo Diario (Rep\u00fablica Dominicana)<\/a>.<\/p>\n","protected":false},"excerpt":{"rendered":"<p>EL NUEVO DIARIO, SANTO DOMINGO.- El aspirante a rector de la Universidad Aut\u00f3noma de Santo Domingo (UASD), Radham\u00e9s Silverio, sostuvo un encuentro con el titular de Educaci\u00f3n Superior, Ciencia y Tecnolog\u00eda (MESCyT), Rafael Santos Bad\u00eda, en el que abordaron la necesidad de alinear la oferta curricular universitaria con las demandas de las comunidades. Durante la<\/p>\n","protected":false},"author":1,"featured_media":37878,"comment_status":"open","ping_status":"open","sticky":false,"template":"","format":"standard","meta":{"footnotes":""},"categories":[1],"tags":[],"class_list":["post-37877","post","type-post","status-publish","format-standard","has-post-thumbnail","hentry","category-nacionales"],"_links":{"self":[{"href":"https:\/\/acronoticias.com\/index.php\/wp-json\/wp\/v2\/posts\/37877","targetHints":{"allow":["GET"]}}],"collection":[{"href":"https:\/\/acronoticias.com\/index.php\/wp-json\/wp\/v2\/posts"}],"about":[{"href":"https:\/\/acronoticias.com\/index.php\/wp-json\/wp\/v2\/types\/post"}],"author":[{"embeddable":true,"href":"https:\/\/acronoticias.com\/index.php\/wp-json\/wp\/v2\/users\/1"}],"replies":[{"embeddable":true,"href":"https:\/\/acronoticias.com\/index.php\/wp-json\/wp\/v2\/comments?post=37877"}],"version-history":[{"count":0,"href":"https:\/\/acronoticias.com\/index.php\/wp-json\/wp\/v2\/posts\/37877\/revisions"}],"wp:featuredmedia":[{"embeddable":true,"href":"https:\/\/acronoticias.com\/index.php\/wp-json\/wp\/v2\/media\/37878"}],"wp:attachment":[{"href":"https:\/\/acronoticias.com\/index.php\/wp-json\/wp\/v2\/media?parent=37877"}],"wp:term":[{"taxonomy":"category","embeddable":true,"href":"https:\/\/acronoticias.com\/index.php\/wp-json\/wp\/v2\/categories?post=37877"},{"taxonomy":"post_tag","embeddable":true,"href":"https:\/\/acronoticias.com\/index.php\/wp-json\/wp\/v2\/tags?post=37877"}],"curies":[{"name":"wp","href":"https:\/\/api.w.org\/{rel}","templated":true}]}}