{"id":37875,"date":"2026-04-29T12:53:39","date_gmt":"2026-04-29T12:53:39","guid":{"rendered":"https:\/\/acronoticias.com\/index.php\/2026\/04\/29\/siuben-figura-en-informe-del-bid-que-resalta-avances-de-rd-en-proteccion-social\/"},"modified":"2026-04-29T12:53:39","modified_gmt":"2026-04-29T12:53:39","slug":"siuben-figura-en-informe-del-bid-que-resalta-avances-de-rd-en-proteccion-social","status":"publish","type":"post","link":"https:\/\/acronoticias.com\/index.php\/2026\/04\/29\/siuben-figura-en-informe-del-bid-que-resalta-avances-de-rd-en-proteccion-social\/","title":{"rendered":"Siuben figura en informe del BID que resalta avances de RD en protecci\u00f3n social"},"content":{"rendered":"<p><img decoding=\"async\" width=\"355\" height=\"200\" src=\"https:\/\/nuevodiario-assets.s3.us-east-2.amazonaws.com\/wp-content\/uploads\/2026\/04\/Siuben-figura-en-informe-del-BID-que-resalta-avances-de-RD-en-proteccion-social-355x200.jpeg\" class=\"webfeedsFeaturedVisual not-transparent wp-post-image\" alt=\"\" style=\"--dominant-color: #8a8280;margin-bottom: 5px;clear:both;max-width: 100%\" loading=\"lazy\" data-has-transparency=\"false\" data-dominant-color=\"8a8280\" \/><\/p>\n<p>EL NUEVO DIARIO, SANTO DOMINGO. \u2013 El Sistema \u00danico de Beneficiarios (Siuben) fue se\u00f1alado en un informe del Banco Interamericano de Desarrollo (BID), como base del sistema de protecci\u00f3n social de la Rep\u00fablica Dominicana, que alcanz\u00f3 un 64% de madurez y se ubica entre los m\u00e1s avanzados de la regi\u00f3n.<\/p>\n<section class=\"text-token-text-primary w-full focus:outline-none [--shadow-height:45px] has-data-writing-block:pointer-events-none has-data-writing-block:-mt-(--shadow-height) has-data-writing-block:pt-(--shadow-height) [&amp;:has([data-writing-block])&gt;*]:pointer-events-auto [content-visibility:auto] supports-[content-visibility:auto]:[contain-intrinsic-size:auto_100lvh] R6Vx5W_threadScrollVars scroll-mb-[calc(var(--scroll-root-safe-area-inset-bottom,0px)+var(--thread-response-height))] scroll-mt-[calc(var(--header-height)+min(200px,max(70px,20svh)))]\" dir=\"auto\" data-turn-id=\"request-WEB:e1a22135-8893-47d7-a0f1-464058f1d7bd-2\" data-testid=\"conversation-turn-6\" data-scroll-anchor=\"false\" data-turn=\"assistant\">\n<div class=\"text-base my-auto mx-auto pb-10 [--thread-content-margin:var(--thread-content-margin-xs,calc(var(--spacing)*4))] @w-sm\/main:[--thread-content-margin:var(--thread-content-margin-sm,calc(var(--spacing)*6))] @w-lg\/main:[--thread-content-margin:var(--thread-content-margin-lg,calc(var(--spacing)*16))] px-(--thread-content-margin)\">\n<div class=\"[--thread-content-max-width:40rem] @w-lg\/main:[--thread-content-max-width:48rem] mx-auto max-w-(--thread-content-max-width) flex-1 group\/turn-messages focus-visible:outline-hidden relative flex w-full min-w-0 flex-col agent-turn\">\n<div class=\"flex max-w-full flex-col gap-4 grow\">\n<div class=\"min-h-8 text-message relative flex w-full flex-col items-end gap-2 text-start break-words whitespace-normal outline-none keyboard-focused:focus-ring [.text-message+&amp;]:mt-1\" dir=\"auto\" data-message-author-role=\"assistant\" data-message-id=\"f49c8628-69be-4422-801f-826a7586a826\" data-message-model-slug=\"gpt-5-3\" data-turn-start-message=\"true\">\n<div class=\"flex w-full flex-col gap-1 empty:hidden\">\n<div class=\"markdown prose dark:prose-invert w-full wrap-break-word light markdown-new-styling\">\n<p data-start=\"470\" data-end=\"716\">El estudio se\u00f1ala que la naci\u00f3n alcanz\u00f3 un 64% de madurez en Protecci\u00f3n Social Adaptativa (PSA), coloc\u00e1ndose en el cuarto lugar regional, por detr\u00e1s de Brasil y Chile (71%) y en igual nivel que Per\u00fa, mientras el promedio regional se sit\u00faa en 54%, seg\u00fan detalla un comunicado de prensa.<\/p>\n<p data-start=\"718\" data-end=\"952\">De acuerdo con el BID, el Siuben act\u00faa como la principal plataforma de informaci\u00f3n para la implementaci\u00f3n de pol\u00edticas sociales, destacando su uso en la toma de decisiones y en la anticipaci\u00f3n de respuestas ante situaciones de riesgo.<\/p>\n<figure id=\"attachment_3101289\" aria-describedby=\"caption-attachment-3101289\" style=\"width: 1600px\" class=\"wp-caption alignnone\"><img loading=\"lazy\" decoding=\"async\" data-recalc-dims=\"1\" data-dominant-color=\"9d676f\" data-has-transparency=\"false\" style=\"--dominant-color: #9d676f\" class=\"wp-image-3101289 size-full not-transparent\" src=\"https:\/\/i0.wp.com\/nuevodiario-assets.s3.us-east-2.amazonaws.com\/wp-content\/uploads\/2026\/04\/Siuben-figura-en-informe-del-BID-que-resalta-avances-de-RD-en-proteccion-social-3.jpeg?resize=640%2C452&#038;quality=100&#038;ssl=1\" alt=\"\" width=\"640\" height=\"452\" \/><figcaption id=\"caption-attachment-3101289\" class=\"wp-caption-text\">Siuben figura en informe del BID que resalta avances de RD en protecci\u00f3n social. (Foto: Siuben).<\/figcaption><\/figure>\n<p data-start=\"954\" data-end=\"1293\">En el componente de Protecci\u00f3n Social Informada, el pa\u00eds obtuvo 82.5%, el resultado m\u00e1s alto de la medici\u00f3n.<\/p>\n<p data-start=\"954\" data-end=\"1293\">El informe indica que la Rep\u00fablica Dominicana es el \u00fanico pa\u00eds evaluado que utiliza de forma sistem\u00e1tica los datos de su registro social para prever respuestas, a diferencia de otros sistemas donde este uso es limitado o reactivo.<\/p>\n<p data-start=\"1295\" data-end=\"1520\">En gobernanza y financiamiento, el pa\u00eds registr\u00f3 61.9%, posicion\u00e1ndose entre los niveles m\u00e1s altos del estudio, mientras que en capacidad de gesti\u00f3n y coordinaci\u00f3n alcanz\u00f3 64.4%, superando a varias de las naciones analizadas.<\/p>\n<p data-start=\"1522\" data-end=\"1771\">No obstante, el informe identifica rezagos en cobertura y adaptaci\u00f3n de programas (44.3%) y en informaci\u00f3n e infraestructura (54.6%), asociados principalmente a limitaciones en la actualizaci\u00f3n de datos y en la interoperabilidad entre instituciones.<\/p>\n<figure id=\"attachment_3101288\" aria-describedby=\"caption-attachment-3101288\" style=\"width: 1600px\" class=\"wp-caption alignnone\"><img loading=\"lazy\" decoding=\"async\" data-recalc-dims=\"1\" data-dominant-color=\"788274\" data-has-transparency=\"false\" style=\"--dominant-color: #788274\" class=\"wp-image-3101288 size-full not-transparent\" src=\"https:\/\/i0.wp.com\/nuevodiario-assets.s3.us-east-2.amazonaws.com\/wp-content\/uploads\/2026\/04\/Siuben-figura-en-informe-del-BID-que-resalta-avances-de-RD-en-proteccion-social-2.jpeg?resize=640%2C422&#038;quality=100&#038;ssl=1\" alt=\"\" width=\"640\" height=\"422\" \/><figcaption id=\"caption-attachment-3101288\" class=\"wp-caption-text\">Siuben figura en informe del BID que resalta avances de RD en protecci\u00f3n social. (Foto: Siuben).<\/figcaption><\/figure>\n<p data-start=\"1773\" data-end=\"2033\">El documento tambi\u00e9n resalta que el sistema dominicano emplea herramientas como la Ficha B\u00e1sica de Emergencia y el \u00cdndice de Vulnerabilidad ante Choques Clim\u00e1ticos para identificar hogares afectados y priorizar la asistencia estatal en contextos de emergencia.<\/p>\n<p data-start=\"2035\" data-end=\"2277\">Durante la presentaci\u00f3n, el director del Siuben, <span class=\"hover:entity-accent entity-underline inline cursor-pointer align-baseline\"><span class=\"whitespace-normal\">Augusto de los Santos<\/span><\/span>, expuso experiencias vinculadas al uso del registro social en la respuesta ante desastres y su integraci\u00f3n en los mecanismos de coordinaci\u00f3n institucional.<\/p>\n<p data-start=\"2279\" data-end=\"2599\" data-is-last-node=\"\" data-is-only-node=\"\">El BID concluy\u00f3 que, aunque el pa\u00eds muestra avances en el uso de datos y en la articulaci\u00f3n del sistema de protecci\u00f3n social, a\u00fan enfrenta desaf\u00edos para ampliar la cobertura y fortalecer la infraestructura de informaci\u00f3n, elementos considerados determinantes para mejorar la capacidad de respuesta ante eventos adversos.<\/p>\n<\/div>\n<\/div>\n<\/div>\n<\/div>\n<div class=\"z-0 flex min-h-[46px] justify-start\">NLP\/<\/div>\n<div class=\"mt-3 w-full empty:hidden\">\n<div class=\"text-center\"><\/div>\n<\/div>\n<\/div>\n<\/div>\n<\/section>\n<div class=\"pointer-events-none -mt-px h-px translate-y-[calc(var(--scroll-root-safe-area-inset-bottom)-14*var(--spacing))]\" aria-hidden=\"true\"><\/div>\n<p>La entrada <a href=\"https:\/\/elnuevodiario.com.do\/siuben-figura-en-informe-del-bid-que-resalta-avances-de-rd-en-proteccion-social\/\">Siuben figura en informe del BID que resalta avances de RD en protecci\u00f3n social<\/a> se public\u00f3 primero en <a href=\"https:\/\/elnuevodiario.com.do\">El Nuevo Diario (Rep\u00fablica Dominicana)<\/a>.<\/p>\n","protected":false},"excerpt":{"rendered":"<p>EL NUEVO DIARIO, SANTO DOMINGO. \u2013 El Sistema \u00danico de Beneficiarios (Siuben) fue se\u00f1alado en un informe del Banco Interamericano de Desarrollo (BID), como base del sistema de protecci\u00f3n social de la Rep\u00fablica Dominicana, que alcanz\u00f3 un 64% de madurez y se ubica entre los m\u00e1s avanzados de la regi\u00f3n. El estudio se\u00f1ala que la<\/p>\n","protected":false},"author":1,"featured_media":37876,"comment_status":"open","ping_status":"open","sticky":false,"template":"","format":"standard","meta":{"footnotes":""},"categories":[1],"tags":[],"class_list":["post-37875","post","type-post","status-publish","format-standard","has-post-thumbnail","hentry","category-nacionales"],"_links":{"self":[{"href":"https:\/\/acronoticias.com\/index.php\/wp-json\/wp\/v2\/posts\/37875","targetHints":{"allow":["GET"]}}],"collection":[{"href":"https:\/\/acronoticias.com\/index.php\/wp-json\/wp\/v2\/posts"}],"about":[{"href":"https:\/\/acronoticias.com\/index.php\/wp-json\/wp\/v2\/types\/post"}],"author":[{"embeddable":true,"href":"https:\/\/acronoticias.com\/index.php\/wp-json\/wp\/v2\/users\/1"}],"replies":[{"embeddable":true,"href":"https:\/\/acronoticias.com\/index.php\/wp-json\/wp\/v2\/comments?post=37875"}],"version-history":[{"count":0,"href":"https:\/\/acronoticias.com\/index.php\/wp-json\/wp\/v2\/posts\/37875\/revisions"}],"wp:featuredmedia":[{"embeddable":true,"href":"https:\/\/acronoticias.com\/index.php\/wp-json\/wp\/v2\/media\/37876"}],"wp:attachment":[{"href":"https:\/\/acronoticias.com\/index.php\/wp-json\/wp\/v2\/media?parent=37875"}],"wp:term":[{"taxonomy":"category","embeddable":true,"href":"https:\/\/acronoticias.com\/index.php\/wp-json\/wp\/v2\/categories?post=37875"},{"taxonomy":"post_tag","embeddable":true,"href":"https:\/\/acronoticias.com\/index.php\/wp-json\/wp\/v2\/tags?post=37875"}],"curies":[{"name":"wp","href":"https:\/\/api.w.org\/{rel}","templated":true}]}}