{"id":37863,"date":"2026-04-29T11:33:39","date_gmt":"2026-04-29T11:33:39","guid":{"rendered":"https:\/\/acronoticias.com\/index.php\/2026\/04\/29\/buscan-familiares-de-joven-de-cotui-que-sufrio-accidente-de-transito-en-hato-mayor\/"},"modified":"2026-04-29T11:33:39","modified_gmt":"2026-04-29T11:33:39","slug":"buscan-familiares-de-joven-de-cotui-que-sufrio-accidente-de-transito-en-hato-mayor","status":"publish","type":"post","link":"https:\/\/acronoticias.com\/index.php\/2026\/04\/29\/buscan-familiares-de-joven-de-cotui-que-sufrio-accidente-de-transito-en-hato-mayor\/","title":{"rendered":"Buscan familiares de joven de Cotu\u00ed que sufri\u00f3 accidente de tr\u00e1nsito en Hato Mayor"},"content":{"rendered":"<p><img loading=\"lazy\" decoding=\"async\" width=\"355\" height=\"200\" src=\"https:\/\/nuevodiario-assets.s3.us-east-2.amazonaws.com\/wp-content\/uploads\/2026\/04\/Joven-accidentado-355x200.jpg\" class=\"webfeedsFeaturedVisual not-transparent wp-post-image\" alt=\"\" style=\"--dominant-color: #a99fa0;margin-bottom: 5px;clear:both;max-width: 100%\" data-has-transparency=\"false\" data-dominant-color=\"a99fa0\" \/><\/p>\n<p>EL NUEVO DIARIO,\u00a0HATO MAYOR.- Autoridades m\u00e9dicas buscan los familiares de un joven que sufri\u00f3 un accidente de tr\u00e1nsito el pasado s\u00e1bado en Hato Mayor.<\/p>\n<p>Se trata de Eiden M\u00e9ndez, quien se encuentra en estado delicado en el Hospital Provincial Dr. Leopoldo Mart\u00ednez de esta ciudad.<\/p>\n<p>M\u00e9ndez, fue uno de los cuatro j\u00f3venes que resultaron heridos, en un accidente de tr\u00e1nsito ocurrido entre dos motocicletas frente a la Zona Franca de la comunidad.<\/p>\n<p>El joven asegura que es oriundo del municipio Cotu\u00ed, provincia S\u00e1nchez Ram\u00edrez.<\/p>\n<p>Adem\u00e1s, manifest\u00f3 que tiene una hermana que se llama Yarelina M\u00e9ndez.<\/p>\n<p>Para m\u00e1s informaci\u00f3n llamar 829-406-5773.<\/p>\n<p>La entrada <a href=\"https:\/\/elnuevodiario.com.do\/buscan-familiares-de-joven-de-cotui-que-sufrio-accidente-de-transito-en-hato-mayor\/\">Buscan familiares de joven de Cotu\u00ed que sufri\u00f3 accidente de tr\u00e1nsito en Hato Mayor<\/a> se public\u00f3 primero en <a href=\"https:\/\/elnuevodiario.com.do\">El Nuevo Diario (Rep\u00fablica Dominicana)<\/a>.<\/p>\n","protected":false},"excerpt":{"rendered":"<p>EL NUEVO DIARIO,\u00a0HATO MAYOR.- Autoridades m\u00e9dicas buscan los familiares de un joven que sufri\u00f3 un accidente de tr\u00e1nsito el pasado s\u00e1bado en Hato Mayor. Se trata de Eiden M\u00e9ndez, quien se encuentra en estado delicado en el Hospital Provincial Dr. Leopoldo Mart\u00ednez de esta ciudad. M\u00e9ndez, fue uno de los cuatro j\u00f3venes que resultaron heridos,<\/p>\n","protected":false},"author":1,"featured_media":37864,"comment_status":"open","ping_status":"open","sticky":false,"template":"","format":"standard","meta":{"footnotes":""},"categories":[1],"tags":[],"class_list":["post-37863","post","type-post","status-publish","format-standard","has-post-thumbnail","hentry","category-nacionales"],"_links":{"self":[{"href":"https:\/\/acronoticias.com\/index.php\/wp-json\/wp\/v2\/posts\/37863","targetHints":{"allow":["GET"]}}],"collection":[{"href":"https:\/\/acronoticias.com\/index.php\/wp-json\/wp\/v2\/posts"}],"about":[{"href":"https:\/\/acronoticias.com\/index.php\/wp-json\/wp\/v2\/types\/post"}],"author":[{"embeddable":true,"href":"https:\/\/acronoticias.com\/index.php\/wp-json\/wp\/v2\/users\/1"}],"replies":[{"embeddable":true,"href":"https:\/\/acronoticias.com\/index.php\/wp-json\/wp\/v2\/comments?post=37863"}],"version-history":[{"count":0,"href":"https:\/\/acronoticias.com\/index.php\/wp-json\/wp\/v2\/posts\/37863\/revisions"}],"wp:featuredmedia":[{"embeddable":true,"href":"https:\/\/acronoticias.com\/index.php\/wp-json\/wp\/v2\/media\/37864"}],"wp:attachment":[{"href":"https:\/\/acronoticias.com\/index.php\/wp-json\/wp\/v2\/media?parent=37863"}],"wp:term":[{"taxonomy":"category","embeddable":true,"href":"https:\/\/acronoticias.com\/index.php\/wp-json\/wp\/v2\/categories?post=37863"},{"taxonomy":"post_tag","embeddable":true,"href":"https:\/\/acronoticias.com\/index.php\/wp-json\/wp\/v2\/tags?post=37863"}],"curies":[{"name":"wp","href":"https:\/\/api.w.org\/{rel}","templated":true}]}}