{"id":37849,"date":"2026-04-29T09:09:49","date_gmt":"2026-04-29T09:09:49","guid":{"rendered":"https:\/\/acronoticias.com\/index.php\/2026\/04\/29\/sns-ampliara-servicios-de-gastroenterologia-en-el-hospital-mario-tolentino-dipp\/"},"modified":"2026-04-29T09:09:49","modified_gmt":"2026-04-29T09:09:49","slug":"sns-ampliara-servicios-de-gastroenterologia-en-el-hospital-mario-tolentino-dipp","status":"publish","type":"post","link":"https:\/\/acronoticias.com\/index.php\/2026\/04\/29\/sns-ampliara-servicios-de-gastroenterologia-en-el-hospital-mario-tolentino-dipp\/","title":{"rendered":"SNS ampliar\u00e1 servicios de gastroenterolog\u00eda en el hospital Mario Tolentino Dipp"},"content":{"rendered":"<div data-td-block-uid=\"tdi_100\">\n<div class=\"tdb-block-inner td-fix-index\">\n<p>SANTO DOMINGO NORTE.\u2013 El Servicio Nacional de Salud (SNS) anunci\u00f3 la habilitaci\u00f3n de una nueva \u00e1rea de Gastroenterolog\u00eda en el Hospital General y de Especialidades Dr. Mario Tolentino Dipp, tras una inspecci\u00f3n sorpresa realizada por el director ejecutivo de la instituci\u00f3n, el doctor Julio C\u00e9sar Landr\u00f3n.<\/p>\n<p>Durante la visita no coordinada, Landr\u00f3n, junto al director del centro, el doctor Miguel \u00c1ngel Guzm\u00e1n Ferm\u00edn, supervis\u00f3 \u00e1reas cr\u00edticas como Emergencia, UCI, Cirug\u00eda y Salud Mental para verificar el flujo de pacientes y la disponibilidad de recursos.<\/p>\n<p>El funcionario instruy\u00f3 la ampliaci\u00f3n de la cartera de servicios para fortalecer la respuesta asistencial en el municipio.<\/p>\n<p>Landr\u00f3n destac\u00f3 que el hospital posee capacidad tecnol\u00f3gica de referencia regional, resaltando la calidad de los equipos de resonancia magn\u00e9tica y tomograf\u00eda disponibles. Seg\u00fan el titular del SNS, estas condiciones cl\u00ednicas y quir\u00fargicas permiten optimizar los procesos internos y elevar el est\u00e1ndar de atenci\u00f3n en la Red P\u00fablica.<\/p>\n<p>El recorrido incluy\u00f3 consultas directas con usuarios y personal m\u00e9dico para evaluar la calidad del servicio.<\/p>\n<p>Landr\u00f3n agradeci\u00f3 el respaldo del presidente Luis Abinader al sistema sanitario y asegur\u00f3 que estas supervisiones continuar\u00e1n de forma aleatoria en otros centros del pa\u00eds para garantizar la eficiencia y humanizaci\u00f3n de la asistencia hospitalaria.<\/p>\n<\/div>\n<\/div>\n","protected":false},"excerpt":{"rendered":"<p>SANTO DOMINGO NORTE.\u2013 El Servicio Nacional de Salud (SNS) anunci\u00f3 la habilitaci\u00f3n de una nueva \u00e1rea de Gastroenterolog\u00eda en el Hospital General y de Especialidades Dr. Mario Tolentino Dipp, tras una inspecci\u00f3n sorpresa realizada por el director ejecutivo de la instituci\u00f3n, el doctor Julio C\u00e9sar Landr\u00f3n. Durante la visita no coordinada, Landr\u00f3n, junto al director<\/p>\n","protected":false},"author":1,"featured_media":37850,"comment_status":"open","ping_status":"open","sticky":false,"template":"","format":"standard","meta":{"footnotes":""},"categories":[1],"tags":[],"class_list":["post-37849","post","type-post","status-publish","format-standard","has-post-thumbnail","hentry","category-nacionales"],"_links":{"self":[{"href":"https:\/\/acronoticias.com\/index.php\/wp-json\/wp\/v2\/posts\/37849","targetHints":{"allow":["GET"]}}],"collection":[{"href":"https:\/\/acronoticias.com\/index.php\/wp-json\/wp\/v2\/posts"}],"about":[{"href":"https:\/\/acronoticias.com\/index.php\/wp-json\/wp\/v2\/types\/post"}],"author":[{"embeddable":true,"href":"https:\/\/acronoticias.com\/index.php\/wp-json\/wp\/v2\/users\/1"}],"replies":[{"embeddable":true,"href":"https:\/\/acronoticias.com\/index.php\/wp-json\/wp\/v2\/comments?post=37849"}],"version-history":[{"count":0,"href":"https:\/\/acronoticias.com\/index.php\/wp-json\/wp\/v2\/posts\/37849\/revisions"}],"wp:featuredmedia":[{"embeddable":true,"href":"https:\/\/acronoticias.com\/index.php\/wp-json\/wp\/v2\/media\/37850"}],"wp:attachment":[{"href":"https:\/\/acronoticias.com\/index.php\/wp-json\/wp\/v2\/media?parent=37849"}],"wp:term":[{"taxonomy":"category","embeddable":true,"href":"https:\/\/acronoticias.com\/index.php\/wp-json\/wp\/v2\/categories?post=37849"},{"taxonomy":"post_tag","embeddable":true,"href":"https:\/\/acronoticias.com\/index.php\/wp-json\/wp\/v2\/tags?post=37849"}],"curies":[{"name":"wp","href":"https:\/\/api.w.org\/{rel}","templated":true}]}}