{"id":37846,"date":"2026-04-29T08:52:38","date_gmt":"2026-04-29T08:52:38","guid":{"rendered":"https:\/\/acronoticias.com\/index.php\/2026\/04\/29\/arrestan-a-dos-mujeres-y-un-hombre-vinculados-a-la-muerte-de-empleado-del-inabie\/"},"modified":"2026-04-29T08:52:38","modified_gmt":"2026-04-29T08:52:38","slug":"arrestan-a-dos-mujeres-y-un-hombre-vinculados-a-la-muerte-de-empleado-del-inabie","status":"publish","type":"post","link":"https:\/\/acronoticias.com\/index.php\/2026\/04\/29\/arrestan-a-dos-mujeres-y-un-hombre-vinculados-a-la-muerte-de-empleado-del-inabie\/","title":{"rendered":"Arrestan a dos mujeres y un hombre vinculados a la muerte de empleado del Inabie"},"content":{"rendered":"<div data-td-block-uid=\"tdi_100\">\n<div class=\"tdb-block-inner td-fix-index\">\n<p>SANTO DOMINGO NORTE \u2013 La Polic\u00eda Nacional arrest\u00f3 a dos mujeres y un hombre vinculados a la muerte de C\u00e1ndido Figueroa de los Santos, de 45 a\u00f1os, cuyo cad\u00e1ver fue hallado en una vivienda en construcci\u00f3n en el sector Vista del Parque, Los Guaricanos. La v\u00edctima hab\u00eda sido reportada como desaparecida el pasado 22 de abril.<\/p>\n<p>Las detenidas fueron identificadas como Yarlin Carmona y Glennys Mart\u00ednez Fr\u00edas, quienes permanecen bajo custodia mediante orden de arresto. Tambi\u00e9n fue aprehendido Alexander Valdez, apodado \u201cVaca\u201d, para fines de investigaci\u00f3n. <\/p>\n<p>Seg\u00fan el informe preliminar, el cuerpo fue localizado en estado de descomposici\u00f3n y la causa del deceso est\u00e1 pendiente de los resultados de la autopsia.<\/p>\n<p>La investigaci\u00f3n, que incluy\u00f3 el an\u00e1lisis de c\u00e1maras de videovigilancia y registros del sistema 9-1-1, permiti\u00f3 a las autoridades trazar la ruta de los implicados. <\/p>\n<p>En la escena del crimen, t\u00e9cnicos de la Polic\u00eda Cient\u00edfica recolectaron evidencias, entre ellas un cargador para arma de fuego. <\/p>\n<p>La instituci\u00f3n inform\u00f3 que otros tres sospechosos, identificados solo por los apodos de \u201cChon\u201d, \u201cRoni\u201d y \u201cNariz\u201d, permanecen pr\u00f3fugos. Los detenidos ser\u00e1n presentados ante el Ministerio P\u00fablico en las pr\u00f3ximas horas, mientras contin\u00faa la b\u00fasqueda de los dem\u00e1s involucrados para esclarecer las circunstancias del hecho.<\/p>\n<\/div>\n<\/div>\n","protected":false},"excerpt":{"rendered":"<p>SANTO DOMINGO NORTE \u2013 La Polic\u00eda Nacional arrest\u00f3 a dos mujeres y un hombre vinculados a la muerte de C\u00e1ndido Figueroa de los Santos, de 45 a\u00f1os, cuyo cad\u00e1ver fue hallado en una vivienda en construcci\u00f3n en el sector Vista del Parque, Los Guaricanos. La v\u00edctima hab\u00eda sido reportada como desaparecida el pasado 22 de<\/p>\n","protected":false},"author":1,"featured_media":30676,"comment_status":"open","ping_status":"open","sticky":false,"template":"","format":"standard","meta":{"footnotes":""},"categories":[1],"tags":[],"class_list":["post-37846","post","type-post","status-publish","format-standard","has-post-thumbnail","hentry","category-nacionales"],"_links":{"self":[{"href":"https:\/\/acronoticias.com\/index.php\/wp-json\/wp\/v2\/posts\/37846","targetHints":{"allow":["GET"]}}],"collection":[{"href":"https:\/\/acronoticias.com\/index.php\/wp-json\/wp\/v2\/posts"}],"about":[{"href":"https:\/\/acronoticias.com\/index.php\/wp-json\/wp\/v2\/types\/post"}],"author":[{"embeddable":true,"href":"https:\/\/acronoticias.com\/index.php\/wp-json\/wp\/v2\/users\/1"}],"replies":[{"embeddable":true,"href":"https:\/\/acronoticias.com\/index.php\/wp-json\/wp\/v2\/comments?post=37846"}],"version-history":[{"count":0,"href":"https:\/\/acronoticias.com\/index.php\/wp-json\/wp\/v2\/posts\/37846\/revisions"}],"wp:featuredmedia":[{"embeddable":true,"href":"https:\/\/acronoticias.com\/index.php\/wp-json\/wp\/v2\/media\/30676"}],"wp:attachment":[{"href":"https:\/\/acronoticias.com\/index.php\/wp-json\/wp\/v2\/media?parent=37846"}],"wp:term":[{"taxonomy":"category","embeddable":true,"href":"https:\/\/acronoticias.com\/index.php\/wp-json\/wp\/v2\/categories?post=37846"},{"taxonomy":"post_tag","embeddable":true,"href":"https:\/\/acronoticias.com\/index.php\/wp-json\/wp\/v2\/tags?post=37846"}],"curies":[{"name":"wp","href":"https:\/\/api.w.org\/{rel}","templated":true}]}}